{"id":335,"date":"2014-06-19T10:30:56","date_gmt":"2014-06-19T08:30:56","guid":{"rendered":"http:\/\/www.argia.eus\/blogak\/biladi-hadi\/?p=335"},"modified":"2014-06-19T10:30:56","modified_gmt":"2014-06-19T08:30:56","slug":"guduka-baten-ikara-doa","status":"publish","type":"post","link":"https:\/\/blogak.argia.eus\/biladi-hadi\/2014\/06\/19\/guduka-baten-ikara-doa\/","title":{"rendered":"G\u00fcd\u00fcka baten ikara doa"},"content":{"rendered":"<pre><em>Argazkia: Jon Aranburu (Nabluseko dendaria.)<\/em>\n<em>Testua: <a href=\"http:\/\/www.argia.eus\/argia-astekaria\/2308\/joanes-etxebarria\" target=\"_blank\" rel=\"noopener\">Joanes Etxeberria<\/a>, bertsolari eta kazetaria<\/em><\/pre>\n<p>G\u00fcd\u00fcka baten ikara doa, karriketan deiadarka<br \/>\nzartat\u00fcko den herrarengatik, norbaitek erran d\u00fc parka<br \/>\nodol isuri \u00fcrrina bada, iragan asteaz geroz<br \/>\nfuntsean hala izan da beti, janari banaketa oroz&#8230;<\/p>\n<p>Eta gizon hau beti hala da<br \/>\n\u00fcd\u00fcri trankil, edo ez hain beharbada<br \/>\nlib\u00fcr\u00fc bat bad\u00fc beti esk\u00fcan<br \/>\neta lek\u00fca arrisk\u00fcan<br \/>\n\u00fcrrin, oih\u00fc edo ikarak ere badira lib\u00fcr\u00fcan<br \/>\nliterat\u00fcra ez da fikzioa, dio ororen b\u00fcr\u00fcan<br \/>\nbena ipuinak ez d\u00fc aipatzen<br \/>\nnork d\u00fcan janaria zaintzen.<\/p>\n<p>Bostak bost ments dira, denak otoitzetan<br \/>\nAllahri agur, eta hor dirateke bertan<br \/>\nlib\u00fcr\u00fcaren berri ez da jakinen<br \/>\nnihork ere ez d\u00fc galtorik eginen<br \/>\neta entz\u00fcnen da eztanda<br \/>\nentz\u00fcnen oih\u00fc eta negarrak<br \/>\nsentit\u00fcko da mespretx\u00fca<br \/>\nhunkiko da esperantza.<\/p>\n<p>Eta esperantza eztanda entz\u00fcn da<br \/>\nisilt\u00fc dira negarrak<br \/>\nmespretx\u00fc oro errespet\u00fc da<br \/>\nitzalirik dira garrak<br \/>\nhorixe dio kapit\u00fcl\u00fcko, azken erranaldiak<br \/>\nbiharko \u00fctzi d\u00fc irakurketa, jarraikitzen d\u00fc biziak.<\/p>\n","protected":false},"excerpt":{"rendered":"<p>Argazkia: Jon Aranburu (Nabluseko dendaria.) Testua: Joanes Etxeberria, bertsolari eta kazetaria G\u00fcd\u00fcka baten ikara doa, karriketan deiadarka zartat\u00fcko den herrarengatik, norbaitek erran d\u00fc parka odol isuri \u00fcrrina bada, iragan asteaz geroz funtsean hala izan da beti, janari banaketa oroz&#8230; Eta gizon hau beti hala da \u00fcd\u00fcri trankil, edo ez hain beharbada lib\u00fcr\u00fc bat bad\u00fc beti [&hellip;]<\/p>\n","protected":false},"author":43,"featured_media":332,"comment_status":"open","ping_status":"open","sticky":false,"template":"","format":"standard","meta":{"footnotes":""},"categories":[3],"tags":[],"class_list":["post-335","post","type-post","status-publish","format-standard","has-post-thumbnail","hentry","category-uncategorized"],"yoast_head":"<!-- This site is optimized with the Yoast SEO plugin v27.3 - https:\/\/yoast.com\/product\/yoast-seo-wordpress\/ -->\n<title>G\u00fcd\u00fcka baten ikara doa - Biladi Hadi<\/title>\n<meta name=\"robots\" content=\"index, follow, max-snippet:-1, max-image-preview:large, max-video-preview:-1\" \/>\n<link rel=\"canonical\" href=\"https:\/\/blogak.argia.eus\/biladi-hadi\/2014\/06\/19\/guduka-baten-ikara-doa\/\" \/>\n<meta property=\"og:locale\" content=\"en_US\" \/>\n<meta property=\"og:type\" content=\"article\" \/>\n<meta property=\"og:title\" content=\"G\u00fcd\u00fcka baten ikara doa - Biladi Hadi\" \/>\n<meta property=\"og:description\" content=\"Argazkia: Jon Aranburu (Nabluseko dendaria.) Testua: Joanes Etxeberria, bertsolari eta kazetaria G\u00fcd\u00fcka baten ikara doa, karriketan deiadarka zartat\u00fcko den herrarengatik, norbaitek erran d\u00fc parka odol isuri \u00fcrrina bada, iragan asteaz geroz funtsean hala izan da beti, janari banaketa oroz&#8230; Eta gizon hau beti hala da \u00fcd\u00fcri trankil, edo ez hain beharbada lib\u00fcr\u00fc bat bad\u00fc beti [&hellip;]\" \/>\n<meta property=\"og:url\" content=\"https:\/\/blogak.argia.eus\/biladi-hadi\/2014\/06\/19\/guduka-baten-ikara-doa\/\" \/>\n<meta property=\"og:site_name\" content=\"Biladi Hadi\" \/>\n<meta property=\"article:published_time\" content=\"2014-06-19T08:30:56+00:00\" \/>\n<meta property=\"og:image\" content=\"https:\/\/blogak.argia.eus\/biladi-hadi\/wp-content\/uploads\/sites\/71\/2014\/02\/Joanes-Barealdia.jpg\" \/>\n\t<meta property=\"og:image:width\" content=\"1400\" \/>\n\t<meta property=\"og:image:height\" content=\"753\" \/>\n\t<meta property=\"og:image:type\" content=\"image\/jpeg\" \/>\n<meta name=\"author\" content=\"argia\" \/>\n<meta name=\"twitter:card\" content=\"summary_large_image\" \/>\n<meta name=\"twitter:label1\" content=\"Written by\" \/>\n\t<meta name=\"twitter:data1\" content=\"argia\" \/>\n\t<meta name=\"twitter:label2\" content=\"Est. reading time\" \/>\n\t<meta name=\"twitter:data2\" content=\"1 minutua\" \/>\n<script type=\"application\/ld+json\" class=\"yoast-schema-graph\">{\"@context\":\"https:\\\/\\\/schema.org\",\"@graph\":[{\"@type\":\"Article\",\"@id\":\"https:\\\/\\\/blogak.argia.eus\\\/biladi-hadi\\\/2014\\\/06\\\/19\\\/guduka-baten-ikara-doa\\\/#article\",\"isPartOf\":{\"@id\":\"https:\\\/\\\/blogak.argia.eus\\\/biladi-hadi\\\/2014\\\/06\\\/19\\\/guduka-baten-ikara-doa\\\/\"},\"author\":{\"name\":\"argia\",\"@id\":\"https:\\\/\\\/blogak.argia.eus\\\/biladi-hadi\\\/#\\\/schema\\\/person\\\/f01d4c035c21c7f47abc440096aac500\"},\"headline\":\"G\u00fcd\u00fcka baten ikara doa\",\"datePublished\":\"2014-06-19T08:30:56+00:00\",\"mainEntityOfPage\":{\"@id\":\"https:\\\/\\\/blogak.argia.eus\\\/biladi-hadi\\\/2014\\\/06\\\/19\\\/guduka-baten-ikara-doa\\\/\"},\"wordCount\":164,\"commentCount\":0,\"image\":{\"@id\":\"https:\\\/\\\/blogak.argia.eus\\\/biladi-hadi\\\/2014\\\/06\\\/19\\\/guduka-baten-ikara-doa\\\/#primaryimage\"},\"thumbnailUrl\":\"https:\\\/\\\/blogak.argia.eus\\\/biladi-hadi\\\/wp-content\\\/uploads\\\/sites\\\/71\\\/2014\\\/02\\\/Joanes-Barealdia.jpg\",\"articleSection\":[\"Sailkatugabeak\"],\"inLanguage\":\"eu\",\"potentialAction\":[{\"@type\":\"CommentAction\",\"name\":\"Comment\",\"target\":[\"https:\\\/\\\/blogak.argia.eus\\\/biladi-hadi\\\/2014\\\/06\\\/19\\\/guduka-baten-ikara-doa\\\/#respond\"]}]},{\"@type\":\"WebPage\",\"@id\":\"https:\\\/\\\/blogak.argia.eus\\\/biladi-hadi\\\/2014\\\/06\\\/19\\\/guduka-baten-ikara-doa\\\/\",\"url\":\"https:\\\/\\\/blogak.argia.eus\\\/biladi-hadi\\\/2014\\\/06\\\/19\\\/guduka-baten-ikara-doa\\\/\",\"name\":\"G\u00fcd\u00fcka baten ikara doa - Biladi Hadi\",\"isPartOf\":{\"@id\":\"https:\\\/\\\/blogak.argia.eus\\\/biladi-hadi\\\/#website\"},\"primaryImageOfPage\":{\"@id\":\"https:\\\/\\\/blogak.argia.eus\\\/biladi-hadi\\\/2014\\\/06\\\/19\\\/guduka-baten-ikara-doa\\\/#primaryimage\"},\"image\":{\"@id\":\"https:\\\/\\\/blogak.argia.eus\\\/biladi-hadi\\\/2014\\\/06\\\/19\\\/guduka-baten-ikara-doa\\\/#primaryimage\"},\"thumbnailUrl\":\"https:\\\/\\\/blogak.argia.eus\\\/biladi-hadi\\\/wp-content\\\/uploads\\\/sites\\\/71\\\/2014\\\/02\\\/Joanes-Barealdia.jpg\",\"datePublished\":\"2014-06-19T08:30:56+00:00\",\"author\":{\"@id\":\"https:\\\/\\\/blogak.argia.eus\\\/biladi-hadi\\\/#\\\/schema\\\/person\\\/f01d4c035c21c7f47abc440096aac500\"},\"breadcrumb\":{\"@id\":\"https:\\\/\\\/blogak.argia.eus\\\/biladi-hadi\\\/2014\\\/06\\\/19\\\/guduka-baten-ikara-doa\\\/#breadcrumb\"},\"inLanguage\":\"eu\",\"potentialAction\":[{\"@type\":\"ReadAction\",\"target\":[\"https:\\\/\\\/blogak.argia.eus\\\/biladi-hadi\\\/2014\\\/06\\\/19\\\/guduka-baten-ikara-doa\\\/\"]}]},{\"@type\":\"ImageObject\",\"inLanguage\":\"eu\",\"@id\":\"https:\\\/\\\/blogak.argia.eus\\\/biladi-hadi\\\/2014\\\/06\\\/19\\\/guduka-baten-ikara-doa\\\/#primaryimage\",\"url\":\"https:\\\/\\\/blogak.argia.eus\\\/biladi-hadi\\\/wp-content\\\/uploads\\\/sites\\\/71\\\/2014\\\/02\\\/Joanes-Barealdia.jpg\",\"contentUrl\":\"https:\\\/\\\/blogak.argia.eus\\\/biladi-hadi\\\/wp-content\\\/uploads\\\/sites\\\/71\\\/2014\\\/02\\\/Joanes-Barealdia.jpg\",\"width\":1400,\"height\":753,\"caption\":\"Egilea: Jon Aranburu\"},{\"@type\":\"BreadcrumbList\",\"@id\":\"https:\\\/\\\/blogak.argia.eus\\\/biladi-hadi\\\/2014\\\/06\\\/19\\\/guduka-baten-ikara-doa\\\/#breadcrumb\",\"itemListElement\":[{\"@type\":\"ListItem\",\"position\":1,\"name\":\"Home\",\"item\":\"https:\\\/\\\/blogak.argia.eus\\\/biladi-hadi\\\/\"},{\"@type\":\"ListItem\",\"position\":2,\"name\":\"G\u00fcd\u00fcka baten ikara doa\"}]},{\"@type\":\"WebSite\",\"@id\":\"https:\\\/\\\/blogak.argia.eus\\\/biladi-hadi\\\/#website\",\"url\":\"https:\\\/\\\/blogak.argia.eus\\\/biladi-hadi\\\/\",\"name\":\"Biladi Hadi\",\"description\":\"palestina, euskal herria, elkartasuna, israel, israeli boikot, bds,\",\"potentialAction\":[{\"@type\":\"SearchAction\",\"target\":{\"@type\":\"EntryPoint\",\"urlTemplate\":\"https:\\\/\\\/blogak.argia.eus\\\/biladi-hadi\\\/?s={search_term_string}\"},\"query-input\":{\"@type\":\"PropertyValueSpecification\",\"valueRequired\":true,\"valueName\":\"search_term_string\"}}],\"inLanguage\":\"eu\"},{\"@type\":\"Person\",\"@id\":\"https:\\\/\\\/blogak.argia.eus\\\/biladi-hadi\\\/#\\\/schema\\\/person\\\/f01d4c035c21c7f47abc440096aac500\",\"name\":\"argia\",\"image\":{\"@type\":\"ImageObject\",\"inLanguage\":\"eu\",\"@id\":\"https:\\\/\\\/secure.gravatar.com\\\/avatar\\\/5b7194c1dcfcfc600a7dd18480bc8c06cd38d19665e9becf28ab9ad1fc8cc71e?s=96&d=mm&r=g\",\"url\":\"https:\\\/\\\/secure.gravatar.com\\\/avatar\\\/5b7194c1dcfcfc600a7dd18480bc8c06cd38d19665e9becf28ab9ad1fc8cc71e?s=96&d=mm&r=g\",\"contentUrl\":\"https:\\\/\\\/secure.gravatar.com\\\/avatar\\\/5b7194c1dcfcfc600a7dd18480bc8c06cd38d19665e9becf28ab9ad1fc8cc71e?s=96&d=mm&r=g\",\"caption\":\"argia\"},\"url\":\"https:\\\/\\\/blogak.argia.eus\\\/biladi-hadi\\\/author\\\/argia\\\/\"}]}<\/script>\n<!-- \/ Yoast SEO plugin. -->","yoast_head_json":{"title":"G\u00fcd\u00fcka baten ikara doa - Biladi Hadi","robots":{"index":"index","follow":"follow","max-snippet":"max-snippet:-1","max-image-preview":"max-image-preview:large","max-video-preview":"max-video-preview:-1"},"canonical":"https:\/\/blogak.argia.eus\/biladi-hadi\/2014\/06\/19\/guduka-baten-ikara-doa\/","og_locale":"en_US","og_type":"article","og_title":"G\u00fcd\u00fcka baten ikara doa - Biladi Hadi","og_description":"Argazkia: Jon Aranburu (Nabluseko dendaria.) Testua: Joanes Etxeberria, bertsolari eta kazetaria G\u00fcd\u00fcka baten ikara doa, karriketan deiadarka zartat\u00fcko den herrarengatik, norbaitek erran d\u00fc parka odol isuri \u00fcrrina bada, iragan asteaz geroz funtsean hala izan da beti, janari banaketa oroz&#8230; Eta gizon hau beti hala da \u00fcd\u00fcri trankil, edo ez hain beharbada lib\u00fcr\u00fc bat bad\u00fc beti [&hellip;]","og_url":"https:\/\/blogak.argia.eus\/biladi-hadi\/2014\/06\/19\/guduka-baten-ikara-doa\/","og_site_name":"Biladi Hadi","article_published_time":"2014-06-19T08:30:56+00:00","og_image":[{"width":1400,"height":753,"url":"https:\/\/blogak.argia.eus\/biladi-hadi\/wp-content\/uploads\/sites\/71\/2014\/02\/Joanes-Barealdia.jpg","type":"image\/jpeg"}],"author":"argia","twitter_card":"summary_large_image","twitter_misc":{"Written by":"argia","Est. reading time":"1 minutua"},"schema":{"@context":"https:\/\/schema.org","@graph":[{"@type":"Article","@id":"https:\/\/blogak.argia.eus\/biladi-hadi\/2014\/06\/19\/guduka-baten-ikara-doa\/#article","isPartOf":{"@id":"https:\/\/blogak.argia.eus\/biladi-hadi\/2014\/06\/19\/guduka-baten-ikara-doa\/"},"author":{"name":"argia","@id":"https:\/\/blogak.argia.eus\/biladi-hadi\/#\/schema\/person\/f01d4c035c21c7f47abc440096aac500"},"headline":"G\u00fcd\u00fcka baten ikara doa","datePublished":"2014-06-19T08:30:56+00:00","mainEntityOfPage":{"@id":"https:\/\/blogak.argia.eus\/biladi-hadi\/2014\/06\/19\/guduka-baten-ikara-doa\/"},"wordCount":164,"commentCount":0,"image":{"@id":"https:\/\/blogak.argia.eus\/biladi-hadi\/2014\/06\/19\/guduka-baten-ikara-doa\/#primaryimage"},"thumbnailUrl":"https:\/\/blogak.argia.eus\/biladi-hadi\/wp-content\/uploads\/sites\/71\/2014\/02\/Joanes-Barealdia.jpg","articleSection":["Sailkatugabeak"],"inLanguage":"eu","potentialAction":[{"@type":"CommentAction","name":"Comment","target":["https:\/\/blogak.argia.eus\/biladi-hadi\/2014\/06\/19\/guduka-baten-ikara-doa\/#respond"]}]},{"@type":"WebPage","@id":"https:\/\/blogak.argia.eus\/biladi-hadi\/2014\/06\/19\/guduka-baten-ikara-doa\/","url":"https:\/\/blogak.argia.eus\/biladi-hadi\/2014\/06\/19\/guduka-baten-ikara-doa\/","name":"G\u00fcd\u00fcka baten ikara doa - Biladi Hadi","isPartOf":{"@id":"https:\/\/blogak.argia.eus\/biladi-hadi\/#website"},"primaryImageOfPage":{"@id":"https:\/\/blogak.argia.eus\/biladi-hadi\/2014\/06\/19\/guduka-baten-ikara-doa\/#primaryimage"},"image":{"@id":"https:\/\/blogak.argia.eus\/biladi-hadi\/2014\/06\/19\/guduka-baten-ikara-doa\/#primaryimage"},"thumbnailUrl":"https:\/\/blogak.argia.eus\/biladi-hadi\/wp-content\/uploads\/sites\/71\/2014\/02\/Joanes-Barealdia.jpg","datePublished":"2014-06-19T08:30:56+00:00","author":{"@id":"https:\/\/blogak.argia.eus\/biladi-hadi\/#\/schema\/person\/f01d4c035c21c7f47abc440096aac500"},"breadcrumb":{"@id":"https:\/\/blogak.argia.eus\/biladi-hadi\/2014\/06\/19\/guduka-baten-ikara-doa\/#breadcrumb"},"inLanguage":"eu","potentialAction":[{"@type":"ReadAction","target":["https:\/\/blogak.argia.eus\/biladi-hadi\/2014\/06\/19\/guduka-baten-ikara-doa\/"]}]},{"@type":"ImageObject","inLanguage":"eu","@id":"https:\/\/blogak.argia.eus\/biladi-hadi\/2014\/06\/19\/guduka-baten-ikara-doa\/#primaryimage","url":"https:\/\/blogak.argia.eus\/biladi-hadi\/wp-content\/uploads\/sites\/71\/2014\/02\/Joanes-Barealdia.jpg","contentUrl":"https:\/\/blogak.argia.eus\/biladi-hadi\/wp-content\/uploads\/sites\/71\/2014\/02\/Joanes-Barealdia.jpg","width":1400,"height":753,"caption":"Egilea: Jon Aranburu"},{"@type":"BreadcrumbList","@id":"https:\/\/blogak.argia.eus\/biladi-hadi\/2014\/06\/19\/guduka-baten-ikara-doa\/#breadcrumb","itemListElement":[{"@type":"ListItem","position":1,"name":"Home","item":"https:\/\/blogak.argia.eus\/biladi-hadi\/"},{"@type":"ListItem","position":2,"name":"G\u00fcd\u00fcka baten ikara doa"}]},{"@type":"WebSite","@id":"https:\/\/blogak.argia.eus\/biladi-hadi\/#website","url":"https:\/\/blogak.argia.eus\/biladi-hadi\/","name":"Biladi Hadi","description":"palestina, euskal herria, elkartasuna, israel, israeli boikot, bds,","potentialAction":[{"@type":"SearchAction","target":{"@type":"EntryPoint","urlTemplate":"https:\/\/blogak.argia.eus\/biladi-hadi\/?s={search_term_string}"},"query-input":{"@type":"PropertyValueSpecification","valueRequired":true,"valueName":"search_term_string"}}],"inLanguage":"eu"},{"@type":"Person","@id":"https:\/\/blogak.argia.eus\/biladi-hadi\/#\/schema\/person\/f01d4c035c21c7f47abc440096aac500","name":"argia","image":{"@type":"ImageObject","inLanguage":"eu","@id":"https:\/\/secure.gravatar.com\/avatar\/5b7194c1dcfcfc600a7dd18480bc8c06cd38d19665e9becf28ab9ad1fc8cc71e?s=96&d=mm&r=g","url":"https:\/\/secure.gravatar.com\/avatar\/5b7194c1dcfcfc600a7dd18480bc8c06cd38d19665e9becf28ab9ad1fc8cc71e?s=96&d=mm&r=g","contentUrl":"https:\/\/secure.gravatar.com\/avatar\/5b7194c1dcfcfc600a7dd18480bc8c06cd38d19665e9becf28ab9ad1fc8cc71e?s=96&d=mm&r=g","caption":"argia"},"url":"https:\/\/blogak.argia.eus\/biladi-hadi\/author\/argia\/"}]}},"_links":{"self":[{"href":"https:\/\/blogak.argia.eus\/biladi-hadi\/wp-json\/wp\/v2\/posts\/335","targetHints":{"allow":["GET"]}}],"collection":[{"href":"https:\/\/blogak.argia.eus\/biladi-hadi\/wp-json\/wp\/v2\/posts"}],"about":[{"href":"https:\/\/blogak.argia.eus\/biladi-hadi\/wp-json\/wp\/v2\/types\/post"}],"author":[{"embeddable":true,"href":"https:\/\/blogak.argia.eus\/biladi-hadi\/wp-json\/wp\/v2\/users\/43"}],"replies":[{"embeddable":true,"href":"https:\/\/blogak.argia.eus\/biladi-hadi\/wp-json\/wp\/v2\/comments?post=335"}],"version-history":[{"count":0,"href":"https:\/\/blogak.argia.eus\/biladi-hadi\/wp-json\/wp\/v2\/posts\/335\/revisions"}],"wp:featuredmedia":[{"embeddable":true,"href":"https:\/\/blogak.argia.eus\/biladi-hadi\/wp-json\/wp\/v2\/media\/332"}],"wp:attachment":[{"href":"https:\/\/blogak.argia.eus\/biladi-hadi\/wp-json\/wp\/v2\/media?parent=335"}],"wp:term":[{"taxonomy":"category","embeddable":true,"href":"https:\/\/blogak.argia.eus\/biladi-hadi\/wp-json\/wp\/v2\/categories?post=335"},{"taxonomy":"post_tag","embeddable":true,"href":"https:\/\/blogak.argia.eus\/biladi-hadi\/wp-json\/wp\/v2\/tags?post=335"}],"curies":[{"name":"wp","href":"https:\/\/api.w.org\/{rel}","templated":true}]}}