{"id":105,"date":"2019-10-11T15:46:39","date_gmt":"2019-10-11T13:46:39","guid":{"rendered":"https:\/\/www.argia.eus\/blogak\/inaki-idigoras\/?p=105"},"modified":"2019-10-11T15:46:39","modified_gmt":"2019-10-11T13:46:39","slug":"nafarroa-eguneratu","status":"publish","type":"post","link":"https:\/\/blogak.argia.eus\/inaki-idigoras\/2019\/10\/11\/nafarroa-eguneratu\/","title":{"rendered":"Nafarroa eguneratu"},"content":{"rendered":"<p><span style=\"font-weight: 400\">Arreta eskaini diet O\u00f1atiko herri egun eta errosarixotarako hiru bat lekutan zintzilikatuta ikusi ditudan ikurrei. Poztu nau ikurri\u00f1a eta presoak herriratzea aldarrikatzen duenarekin batera, nafarra ikusteak. Zenbatetan eskatzen dugun ikurri\u00f1a CFNko udaletxetan, eta zein gutxi nafarra CAVen! Zatikatuta gaude administratiboki, eta mentalki ere, memoria urriarekin.<\/span><\/p>\n<p><span style=\"font-weight: 400\">Baina, Nafarra gurean ikusteak kontzientzia bizitzen ari denaren seinaletzat hartzen dut nik. Borrolakarien gertukoen zigorra arintzea du aldarrikapen\u2018izara\u2019k. Ikurri\u00f1ak berriz, hiltzear zen euskal nortasuna hauspotu zuen garaia dakar gogora, Aranak gidatutako indar berritze bat. Gogo bat, garena duintasunez izateko, menpekotasunetik askatzeko. Kulturalki, politikoki eta militarki mugitu zuen giroa: euskal berpizkundea.<\/span><\/p>\n<p><span style=\"font-weight: 400\">Fruitu ugari emandako loraldia, hamarkada batzuz. Ezin, baina, amestutako heldutasunik erdietsi! Harenak egin du. Berriro gainbeheran goazelakoan nago. Barrakeroen eremuan, autotxoke pistaren frisoan, ikurri\u00f1az margotuta zegoen CAVeko mapa. Hori baita CAVeko gobernuaren -eta herritarron- mezua: gu gara Euskadi, zuek nafar-espa\u00f1ol eta haiek iparraldeko-frantsez.<\/span><\/p>\n<p><span style=\"font-weight: 400\">Ez gara hiruak bat, ez gara zazpiak bat. Zazpitan zatikatutako bat gara. Gaitz honen aurrean daukagun errealitate historikorik probetxuzkoena Nafarroako Erreinuarena da. Mende batzuk badira, bai: zortzi gurean. Baina ahaztezinak beharko dute izan, gure izaerarekin globalizatu nahi badugu. Erro sakonik gabe, haize arrotzek nahieran erabiliko gaituzte, morroi, beraientzako fruituak batzen.<\/span><\/p>\n<p><span style=\"font-weight: 400\">Horregatik poztu nau bandera nafarra gure kaleetan ikusteak. Bat eta Nor izan gineneko garaiak -orduan modernoak- adierazten dituelako. Erromatarren inperio ostean, eta espainar eta frantsesaren aurretik, burujabe izan ginen europako estatuarena, erreinuarena. Euskaldunok geure osotasunean bildu ginena, eta behetik gorako botore legegilea (foruak) izan genuena, egun Zuzenbide Piriniarra bezala ezagutzen dugun hori.<\/span><\/p>\n<p><span style=\"font-weight: 400\">Nafarra da euskaldunon gogoa osotasunean gorpuztu duen izatea. Eguneratu daigun.<\/span><\/p>\n","protected":false},"excerpt":{"rendered":"<p>Arreta eskaini diet O\u00f1atiko herri egun eta errosarixotarako hiru bat lekutan zintzilikatuta ikusi ditudan ikurrei. Poztu nau ikurri\u00f1a eta presoak herriratzea aldarrikatzen duenarekin batera, nafarra ikusteak. Zenbatetan eskatzen dugun ikurri\u00f1a CFNko udaletxetan, eta zein gutxi nafarra CAVen! Zatikatuta gaude administratiboki, eta mentalki ere, memoria urriarekin. Baina, Nafarra gurean ikusteak kontzientzia bizitzen ari denaren seinaletzat hartzen [&hellip;]<\/p>\n","protected":false},"author":28,"featured_media":0,"comment_status":"open","ping_status":"open","sticky":false,"template":"","format":"standard","meta":{"footnotes":""},"categories":[13],"tags":[],"class_list":["post-105","post","type-post","status-publish","format-standard","hentry","category-sailkatugabeak"],"yoast_head":"<!-- This site is optimized with the Yoast SEO plugin v27.3 - https:\/\/yoast.com\/product\/yoast-seo-wordpress\/ -->\n<title>Nafarroa eguneratu - Kontzientzia ala infernua<\/title>\n<meta name=\"robots\" content=\"index, follow, max-snippet:-1, max-image-preview:large, max-video-preview:-1\" \/>\n<link rel=\"canonical\" href=\"https:\/\/blogak.argia.eus\/inaki-idigoras\/2019\/10\/11\/nafarroa-eguneratu\/\" \/>\n<meta property=\"og:locale\" content=\"en_US\" \/>\n<meta property=\"og:type\" content=\"article\" \/>\n<meta property=\"og:title\" content=\"Nafarroa eguneratu - Kontzientzia ala infernua\" \/>\n<meta property=\"og:description\" content=\"Arreta eskaini diet O\u00f1atiko herri egun eta errosarixotarako hiru bat lekutan zintzilikatuta ikusi ditudan ikurrei. Poztu nau ikurri\u00f1a eta presoak herriratzea aldarrikatzen duenarekin batera, nafarra ikusteak. Zenbatetan eskatzen dugun ikurri\u00f1a CFNko udaletxetan, eta zein gutxi nafarra CAVen! Zatikatuta gaude administratiboki, eta mentalki ere, memoria urriarekin. Baina, Nafarra gurean ikusteak kontzientzia bizitzen ari denaren seinaletzat hartzen [&hellip;]\" \/>\n<meta property=\"og:url\" content=\"https:\/\/blogak.argia.eus\/inaki-idigoras\/2019\/10\/11\/nafarroa-eguneratu\/\" \/>\n<meta property=\"og:site_name\" content=\"Kontzientzia ala infernua\" \/>\n<meta property=\"article:published_time\" content=\"2019-10-11T13:46:39+00:00\" \/>\n<meta name=\"author\" content=\"I\u00f1aki Idigoras\" \/>\n<meta name=\"twitter:card\" content=\"summary_large_image\" \/>\n<meta name=\"twitter:creator\" content=\"@inakiidigoras\" \/>\n<meta name=\"twitter:label1\" content=\"Written by\" \/>\n\t<meta name=\"twitter:data1\" content=\"I\u00f1aki Idigoras\" \/>\n\t<meta name=\"twitter:label2\" content=\"Est. reading time\" \/>\n\t<meta name=\"twitter:data2\" content=\"1 minutua\" \/>\n<script type=\"application\/ld+json\" class=\"yoast-schema-graph\">{\"@context\":\"https:\\\/\\\/schema.org\",\"@graph\":[{\"@type\":\"Article\",\"@id\":\"https:\\\/\\\/blogak.argia.eus\\\/inaki-idigoras\\\/2019\\\/10\\\/11\\\/nafarroa-eguneratu\\\/#article\",\"isPartOf\":{\"@id\":\"https:\\\/\\\/blogak.argia.eus\\\/inaki-idigoras\\\/2019\\\/10\\\/11\\\/nafarroa-eguneratu\\\/\"},\"author\":{\"name\":\"I\u00f1aki Idigoras\",\"@id\":\"https:\\\/\\\/blogak.argia.eus\\\/inaki-idigoras\\\/#\\\/schema\\\/person\\\/82b2bac54b3785fa41d396fdc37717ef\"},\"headline\":\"Nafarroa eguneratu\",\"datePublished\":\"2019-10-11T13:46:39+00:00\",\"mainEntityOfPage\":{\"@id\":\"https:\\\/\\\/blogak.argia.eus\\\/inaki-idigoras\\\/2019\\\/10\\\/11\\\/nafarroa-eguneratu\\\/\"},\"wordCount\":260,\"commentCount\":0,\"inLanguage\":\"eu\",\"potentialAction\":[{\"@type\":\"CommentAction\",\"name\":\"Comment\",\"target\":[\"https:\\\/\\\/blogak.argia.eus\\\/inaki-idigoras\\\/2019\\\/10\\\/11\\\/nafarroa-eguneratu\\\/#respond\"]}]},{\"@type\":\"WebPage\",\"@id\":\"https:\\\/\\\/blogak.argia.eus\\\/inaki-idigoras\\\/2019\\\/10\\\/11\\\/nafarroa-eguneratu\\\/\",\"url\":\"https:\\\/\\\/blogak.argia.eus\\\/inaki-idigoras\\\/2019\\\/10\\\/11\\\/nafarroa-eguneratu\\\/\",\"name\":\"Nafarroa eguneratu - Kontzientzia ala infernua\",\"isPartOf\":{\"@id\":\"https:\\\/\\\/blogak.argia.eus\\\/inaki-idigoras\\\/#website\"},\"datePublished\":\"2019-10-11T13:46:39+00:00\",\"author\":{\"@id\":\"https:\\\/\\\/blogak.argia.eus\\\/inaki-idigoras\\\/#\\\/schema\\\/person\\\/82b2bac54b3785fa41d396fdc37717ef\"},\"breadcrumb\":{\"@id\":\"https:\\\/\\\/blogak.argia.eus\\\/inaki-idigoras\\\/2019\\\/10\\\/11\\\/nafarroa-eguneratu\\\/#breadcrumb\"},\"inLanguage\":\"eu\",\"potentialAction\":[{\"@type\":\"ReadAction\",\"target\":[\"https:\\\/\\\/blogak.argia.eus\\\/inaki-idigoras\\\/2019\\\/10\\\/11\\\/nafarroa-eguneratu\\\/\"]}]},{\"@type\":\"BreadcrumbList\",\"@id\":\"https:\\\/\\\/blogak.argia.eus\\\/inaki-idigoras\\\/2019\\\/10\\\/11\\\/nafarroa-eguneratu\\\/#breadcrumb\",\"itemListElement\":[{\"@type\":\"ListItem\",\"position\":1,\"name\":\"Home\",\"item\":\"https:\\\/\\\/blogak.argia.eus\\\/inaki-idigoras\\\/\"},{\"@type\":\"ListItem\",\"position\":2,\"name\":\"Nafarroa eguneratu\"}]},{\"@type\":\"WebSite\",\"@id\":\"https:\\\/\\\/blogak.argia.eus\\\/inaki-idigoras\\\/#website\",\"url\":\"https:\\\/\\\/blogak.argia.eus\\\/inaki-idigoras\\\/\",\"name\":\"Kontzientzia ala infernua\",\"description\":\"Terapia komunitarioa\",\"potentialAction\":[{\"@type\":\"SearchAction\",\"target\":{\"@type\":\"EntryPoint\",\"urlTemplate\":\"https:\\\/\\\/blogak.argia.eus\\\/inaki-idigoras\\\/?s={search_term_string}\"},\"query-input\":{\"@type\":\"PropertyValueSpecification\",\"valueRequired\":true,\"valueName\":\"search_term_string\"}}],\"inLanguage\":\"eu\"},{\"@type\":\"Person\",\"@id\":\"https:\\\/\\\/blogak.argia.eus\\\/inaki-idigoras\\\/#\\\/schema\\\/person\\\/82b2bac54b3785fa41d396fdc37717ef\",\"name\":\"I\u00f1aki Idigoras\",\"image\":{\"@type\":\"ImageObject\",\"inLanguage\":\"eu\",\"@id\":\"https:\\\/\\\/secure.gravatar.com\\\/avatar\\\/0dd5d12b6375229c675eb140c0526db8f7c53d6409b8b696167311ae863d5622?s=96&d=mm&r=g\",\"url\":\"https:\\\/\\\/secure.gravatar.com\\\/avatar\\\/0dd5d12b6375229c675eb140c0526db8f7c53d6409b8b696167311ae863d5622?s=96&d=mm&r=g\",\"contentUrl\":\"https:\\\/\\\/secure.gravatar.com\\\/avatar\\\/0dd5d12b6375229c675eb140c0526db8f7c53d6409b8b696167311ae863d5622?s=96&d=mm&r=g\",\"caption\":\"I\u00f1aki Idigoras\"},\"description\":\"barrunbeetan ibili naizen argi zalea txantxikutu naizen sapaburua maitasuna ez da tabu ar \u00b7 ema .. .\",\"sameAs\":[\"https:\\\/\\\/www.linkedin.com\\\/feed\\\/\",\"https:\\\/\\\/x.com\\\/inakiidigoras\"],\"url\":\"https:\\\/\\\/blogak.argia.eus\\\/inaki-idigoras\\\/author\\\/inaki-idigoras\\\/\"}]}<\/script>\n<!-- \/ Yoast SEO plugin. -->","yoast_head_json":{"title":"Nafarroa eguneratu - Kontzientzia ala infernua","robots":{"index":"index","follow":"follow","max-snippet":"max-snippet:-1","max-image-preview":"max-image-preview:large","max-video-preview":"max-video-preview:-1"},"canonical":"https:\/\/blogak.argia.eus\/inaki-idigoras\/2019\/10\/11\/nafarroa-eguneratu\/","og_locale":"en_US","og_type":"article","og_title":"Nafarroa eguneratu - Kontzientzia ala infernua","og_description":"Arreta eskaini diet O\u00f1atiko herri egun eta errosarixotarako hiru bat lekutan zintzilikatuta ikusi ditudan ikurrei. Poztu nau ikurri\u00f1a eta presoak herriratzea aldarrikatzen duenarekin batera, nafarra ikusteak. Zenbatetan eskatzen dugun ikurri\u00f1a CFNko udaletxetan, eta zein gutxi nafarra CAVen! Zatikatuta gaude administratiboki, eta mentalki ere, memoria urriarekin. Baina, Nafarra gurean ikusteak kontzientzia bizitzen ari denaren seinaletzat hartzen [&hellip;]","og_url":"https:\/\/blogak.argia.eus\/inaki-idigoras\/2019\/10\/11\/nafarroa-eguneratu\/","og_site_name":"Kontzientzia ala infernua","article_published_time":"2019-10-11T13:46:39+00:00","author":"I\u00f1aki Idigoras","twitter_card":"summary_large_image","twitter_creator":"@inakiidigoras","twitter_misc":{"Written by":"I\u00f1aki Idigoras","Est. reading time":"1 minutua"},"schema":{"@context":"https:\/\/schema.org","@graph":[{"@type":"Article","@id":"https:\/\/blogak.argia.eus\/inaki-idigoras\/2019\/10\/11\/nafarroa-eguneratu\/#article","isPartOf":{"@id":"https:\/\/blogak.argia.eus\/inaki-idigoras\/2019\/10\/11\/nafarroa-eguneratu\/"},"author":{"name":"I\u00f1aki Idigoras","@id":"https:\/\/blogak.argia.eus\/inaki-idigoras\/#\/schema\/person\/82b2bac54b3785fa41d396fdc37717ef"},"headline":"Nafarroa eguneratu","datePublished":"2019-10-11T13:46:39+00:00","mainEntityOfPage":{"@id":"https:\/\/blogak.argia.eus\/inaki-idigoras\/2019\/10\/11\/nafarroa-eguneratu\/"},"wordCount":260,"commentCount":0,"inLanguage":"eu","potentialAction":[{"@type":"CommentAction","name":"Comment","target":["https:\/\/blogak.argia.eus\/inaki-idigoras\/2019\/10\/11\/nafarroa-eguneratu\/#respond"]}]},{"@type":"WebPage","@id":"https:\/\/blogak.argia.eus\/inaki-idigoras\/2019\/10\/11\/nafarroa-eguneratu\/","url":"https:\/\/blogak.argia.eus\/inaki-idigoras\/2019\/10\/11\/nafarroa-eguneratu\/","name":"Nafarroa eguneratu - Kontzientzia ala infernua","isPartOf":{"@id":"https:\/\/blogak.argia.eus\/inaki-idigoras\/#website"},"datePublished":"2019-10-11T13:46:39+00:00","author":{"@id":"https:\/\/blogak.argia.eus\/inaki-idigoras\/#\/schema\/person\/82b2bac54b3785fa41d396fdc37717ef"},"breadcrumb":{"@id":"https:\/\/blogak.argia.eus\/inaki-idigoras\/2019\/10\/11\/nafarroa-eguneratu\/#breadcrumb"},"inLanguage":"eu","potentialAction":[{"@type":"ReadAction","target":["https:\/\/blogak.argia.eus\/inaki-idigoras\/2019\/10\/11\/nafarroa-eguneratu\/"]}]},{"@type":"BreadcrumbList","@id":"https:\/\/blogak.argia.eus\/inaki-idigoras\/2019\/10\/11\/nafarroa-eguneratu\/#breadcrumb","itemListElement":[{"@type":"ListItem","position":1,"name":"Home","item":"https:\/\/blogak.argia.eus\/inaki-idigoras\/"},{"@type":"ListItem","position":2,"name":"Nafarroa eguneratu"}]},{"@type":"WebSite","@id":"https:\/\/blogak.argia.eus\/inaki-idigoras\/#website","url":"https:\/\/blogak.argia.eus\/inaki-idigoras\/","name":"Kontzientzia ala infernua","description":"Terapia komunitarioa","potentialAction":[{"@type":"SearchAction","target":{"@type":"EntryPoint","urlTemplate":"https:\/\/blogak.argia.eus\/inaki-idigoras\/?s={search_term_string}"},"query-input":{"@type":"PropertyValueSpecification","valueRequired":true,"valueName":"search_term_string"}}],"inLanguage":"eu"},{"@type":"Person","@id":"https:\/\/blogak.argia.eus\/inaki-idigoras\/#\/schema\/person\/82b2bac54b3785fa41d396fdc37717ef","name":"I\u00f1aki Idigoras","image":{"@type":"ImageObject","inLanguage":"eu","@id":"https:\/\/secure.gravatar.com\/avatar\/0dd5d12b6375229c675eb140c0526db8f7c53d6409b8b696167311ae863d5622?s=96&d=mm&r=g","url":"https:\/\/secure.gravatar.com\/avatar\/0dd5d12b6375229c675eb140c0526db8f7c53d6409b8b696167311ae863d5622?s=96&d=mm&r=g","contentUrl":"https:\/\/secure.gravatar.com\/avatar\/0dd5d12b6375229c675eb140c0526db8f7c53d6409b8b696167311ae863d5622?s=96&d=mm&r=g","caption":"I\u00f1aki Idigoras"},"description":"barrunbeetan ibili naizen argi zalea txantxikutu naizen sapaburua maitasuna ez da tabu ar \u00b7 ema .. .","sameAs":["https:\/\/www.linkedin.com\/feed\/","https:\/\/x.com\/inakiidigoras"],"url":"https:\/\/blogak.argia.eus\/inaki-idigoras\/author\/inaki-idigoras\/"}]}},"_links":{"self":[{"href":"https:\/\/blogak.argia.eus\/inaki-idigoras\/wp-json\/wp\/v2\/posts\/105","targetHints":{"allow":["GET"]}}],"collection":[{"href":"https:\/\/blogak.argia.eus\/inaki-idigoras\/wp-json\/wp\/v2\/posts"}],"about":[{"href":"https:\/\/blogak.argia.eus\/inaki-idigoras\/wp-json\/wp\/v2\/types\/post"}],"author":[{"embeddable":true,"href":"https:\/\/blogak.argia.eus\/inaki-idigoras\/wp-json\/wp\/v2\/users\/28"}],"replies":[{"embeddable":true,"href":"https:\/\/blogak.argia.eus\/inaki-idigoras\/wp-json\/wp\/v2\/comments?post=105"}],"version-history":[{"count":0,"href":"https:\/\/blogak.argia.eus\/inaki-idigoras\/wp-json\/wp\/v2\/posts\/105\/revisions"}],"wp:attachment":[{"href":"https:\/\/blogak.argia.eus\/inaki-idigoras\/wp-json\/wp\/v2\/media?parent=105"}],"wp:term":[{"taxonomy":"category","embeddable":true,"href":"https:\/\/blogak.argia.eus\/inaki-idigoras\/wp-json\/wp\/v2\/categories?post=105"},{"taxonomy":"post_tag","embeddable":true,"href":"https:\/\/blogak.argia.eus\/inaki-idigoras\/wp-json\/wp\/v2\/tags?post=105"}],"curies":[{"name":"wp","href":"https:\/\/api.w.org\/{rel}","templated":true}]}}