{"id":139,"date":"2023-11-10T17:42:57","date_gmt":"2023-11-10T16:42:57","guid":{"rendered":"https:\/\/blogak.argia.eus\/inaki-idigoras\/?p=139"},"modified":"2025-11-22T20:16:35","modified_gmt":"2025-11-22T19:16:35","slug":"la-pequena-toledo","status":"publish","type":"post","link":"https:\/\/blogak.argia.eus\/inaki-idigoras\/2023\/11\/10\/la-pequena-toledo\/","title":{"rendered":"La peque\u00f1a Toledo"},"content":{"rendered":"<p><span style=\"font-weight: 400\">Horrela izendatu izan digute O\u00f1ati gure herria: \u201cla peque\u00f1a Toledo\u201d; espainieraz eta Espainiari erreferentzia eginaz.<\/span><\/p>\n<p><span style=\"font-weight: 400\">Bada horretarako arrazoirik: erdi aroko eraikin monumentalak ditugu O\u00f1atin: Sancti Spiritus Unibertsitatea, Lazarraga dorrea, Bidaurreta komentua, Zumeltzegi dorrea eta San Miguel parrokia berritua, esaterako. Aberastasun eta boterearen isla dira eraikinok. Ezagunak ditugu atzetik dauden hiru gizonak: Rodrigo Mercado Zuazola apezpikua, Juan Lopez Lazarraga ekonomilaria eta Pedro Belez Gebara kondea.<\/span><\/p>\n<p><span style=\"font-weight: 400\">Ezagunak, edo. 1512aren bueltakoak dira hirurak, Espainiaren garai oldarkor eta loriatsukoak. Elite o\u00f1atiarra estuki lotuta zegoen espainia feudaleko koroarekin, errege katoliko ase ezinekin, hain zuzen ere. Faboreak egiten zizkieten erregeoi, eta bueltan sariak jaso: diru, lur, baimen zein izendapen. Zein fabore mota egin zituzten?<\/span><\/p>\n<p><span style=\"font-weight: 400\">Zuazola, Nafarroa konkistatu berriko erregeorde Antonio Manriqueren kontseilaria zen. Nafarrak nola otzandu pentsatzen ibiliko ziren, biek ala biek Iru\u00f1eatik ihesi atera behar izan zutenean, nafarrek independentzia berreskuratzeko egindako hirugarren saiakeran, 1521ean. Mallorcako apezpiku zen orduan. Gero Avilako izendatu zuten, eta inkisizioan aritu zen Zaragozako judutarren kontra. Lan hauengatik lortu zuen Sancti Spiritus egin arazteko dirutza eta baimena.<\/span><\/p>\n<p><span style=\"font-weight: 400\">Gebara, O\u00f1atiko jaun. Zumeltzegi dorretik bere oinen azpian zituen O\u00f1atiko etxeak, eta halaxe zanpatzen zituen o\u00f1atiarrak. Kapitain aritu zen Nafarroa konkistatzen 1512an, Noainen 1521ean, zein Amaiurren 1522an. Bere agindupeko Juan Arbizu zigortu egin zuten espainiarrek, Jakue Belatz Medrano Amaiurko kapitain heroikoarekin baimenik gabe hitz egiteagatik, hauek errenditu berritan. Herritar xeheek bazuten atxikimendurik anai euskaldunekin.<\/span><\/p>\n<p><span style=\"font-weight: 400\">Lazarraga, Gebaratarren konfidantzazko gizona zen, baina Espainiako koroara salto egin zuen, Isabel erregina espainiarraren administrari, eta haren senar Fernandoren sekretario izateraino. Amerikarrei ebatsitako aberastasun bete itsasontzi Cadizera iristen ziren garaietan, espainiar koroaren kontabilitate buru izan zen. Esklaboak zituen. Nafarroa konkistatzen aritu zen, kapitain gisa berau ere. Bidaurreta egin arazi zuen, hain estimuan zituen eta baimena eman zien Espainiako errege katolikoen armarria bertan ezarriz.<\/span><\/p>\n<p><span style=\"font-weight: 400\">Espainiak sarituak, euskaldunen aurkako borroketan, Nafarroaren konkistan parte hartzearan truke, besteak beste.<\/span><\/p>\n<p><span style=\"font-weight: 400\">Sancti Spiritus, Lazarraga, Bidaurreta, Zumeltzegi eta San Miguel: O\u00f1atiko turismoaren ikur. Eliteko hiru gizon handiki eta espainiarzale horiek utzi digutena ikusgarria da, erakusgarria ere bai. Baina zer da kontatu behar duguna? Espainiapeko hiru gizon handikiren historia? Eta milaka o\u00f1atiarrek, nola bizi izan zituzten garaiok?<\/span><\/p>\n<p><span style=\"font-weight: 400\">Sumatzen genuena baieztatu egin du Gazteluaitzen egindako indusketak: 1000. urtearen bueltakoa da. Europa mailan errekonozitutako erresuma nafarraren baitan ginen o\u00f1atiarrok ere, beste euskaldun guztiekin bat eginik.<\/span><\/p>\n<p><span style=\"font-weight: 400\">Nafar, 1200ean gaztelarrek konkistatu gintuzten arte. 1512rako gure eliteak zeharo espainiartuta zeuden, ikusi dugunez. Gutxi dakigu herritarrez, jasaten zituzten kondearen abusuei erantzuteko elkartzen zirelakoaz gaindi.<\/span><\/p>\n<p><span style=\"font-weight: 400\">Dakiguna da nafar estatua ez zela feudala, eta zentzuzko konstituzio bat -Forua- zeukala, erregeen balizko gehiegikerietatik ere herritarrak babesten zituena. Lur komunalak kudeatzen zituena. Herri batzarretan erabaki eta auzolanean egiteko ohitura zuena. Funtzionarioak zituena defentsa, justizia eta administrazioa gauzatzeko. Garaian ohiko ziren estatu absolutisten alboan, kontraste handia egiten zuena zuzenbide piriniarrean oinarritutako sistema juridiko sozialagatik.<\/span><\/p>\n<p><span style=\"font-weight: 400\">Dekonolizatu dezagun o\u00f1atiarron kontakizuna: ez al dugu kontatu behar, gure borondate eta legeen kontra konkistatuak izan ginela, eta Nafarroatik erauziak? Ez al dugu kontatu behar, ondoren, Espainiaren itzalean jauntxo batzuk zitaldu egin zirela eta gu menpean hartuz eta Nafarroaren konkista prozesu berrietan lagunduz aritu zirela? Ez al dugu kontatu behar, gauzak bestela zirela 1200 aurretik, Europako euskal estatu independentearen baitan ginelarik? Ez al dugu kontatu behar, goraipatu ohi ditugun hiru gizonok boterea eta aberastasuna irabazi zituztela, besteak beste,\u00a0 euskaldunon estatua eraisten jardunda?<\/span><\/p>\n<p><span style=\"font-weight: 400\">Kontatzen laguntzeko baina, heldulekuak behar ditugu: memoria lekuak. Bertara joan eta memoria egiten lagunduko diguten lekuak. Administrazio nafarreko gazteluak desagertu ziren, toponimian geratu diren arren: goian aipatu Gazteluaitz, Kastillokua, Gazteluko haitza eta erreka, Gaztelondo\u2026<\/span><\/p>\n<p><span style=\"font-weight: 400\">Apenas diren ezer gure begietara, &#8220;la peque\u00f1a Toledo&#8221;-ko monumentuen alboan. Zerbait behar dugu, komeni zaigun kontakizuna kontatzen lagunduko diguna. Menperatuaren ikuspegitik atera eta ahaldunduta hitz egiteko:\u00a0 kontatu dezagun herri libre izan ginela, euskal estatu baten baitako, eta horrela izan gogo garela, bortxazko eta menpekotasunezko hainbeste mende eta gero ere.<\/span><\/p>\n<p><span style=\"font-weight: 400\">O\u00f1atiko banderari kendu berri diogu Espainiako bandera zaharra, Borgo\u00f1ako gurutzea.<\/span><\/p>\n<p><span style=\"font-weight: 400\">Bandera nafarra berreskuratu dugu, estatu independentea gogoratzeko: batzarren sinbolo den Gernikako haritzaren, eta askatasunaren sinbolo diren Foruen enparantzaren tartean dago, egoki.<\/span><\/p>\n<p><span style=\"font-weight: 400\">Nahikoa al da? Nola sortu dezakegu O\u00f1atin memoria leku bat, kontakizun espainiarrari gain hartzen lagunduko diguna? Euskaldunok ahaldunduko gaituena etorkizun duinago bati zentzuz heltzeko?<\/span><\/p>\n","protected":false},"excerpt":{"rendered":"<p>Horrela izendatu izan digute O\u00f1ati gure herria: \u201cla peque\u00f1a Toledo\u201d; espainieraz eta Espainiari erreferentzia eginaz. Bada horretarako arrazoirik: erdi aroko eraikin monumentalak ditugu O\u00f1atin: Sancti Spiritus Unibertsitatea, Lazarraga dorrea, Bidaurreta komentua, Zumeltzegi dorrea eta San Miguel parrokia berritua, esaterako. Aberastasun eta boterearen isla dira eraikinok. Ezagunak ditugu atzetik dauden hiru gizonak: Rodrigo Mercado Zuazola apezpikua, [&hellip;]<\/p>\n","protected":false},"author":28,"featured_media":0,"comment_status":"open","ping_status":"open","sticky":false,"template":"","format":"standard","meta":{"footnotes":""},"categories":[1],"tags":[68,69,67],"class_list":["post-139","post","type-post","status-publish","format-standard","hentry","category-sailkatu-gabea","tag-anai-arteko-borrokak","tag-inperialistaren-menpeko-anai-librearen-kontra","tag-onati"],"yoast_head":"<!-- This site is optimized with the Yoast SEO plugin v27.3 - https:\/\/yoast.com\/product\/yoast-seo-wordpress\/ -->\n<title>La peque\u00f1a Toledo - Kontzientzia ala infernua<\/title>\n<meta name=\"robots\" content=\"index, follow, max-snippet:-1, max-image-preview:large, max-video-preview:-1\" \/>\n<link rel=\"canonical\" href=\"https:\/\/blogak.argia.eus\/inaki-idigoras\/2023\/11\/10\/la-pequena-toledo\/\" \/>\n<meta property=\"og:locale\" content=\"en_US\" \/>\n<meta property=\"og:type\" content=\"article\" \/>\n<meta property=\"og:title\" content=\"La peque\u00f1a Toledo - Kontzientzia ala infernua\" \/>\n<meta property=\"og:description\" content=\"Horrela izendatu izan digute O\u00f1ati gure herria: \u201cla peque\u00f1a Toledo\u201d; espainieraz eta Espainiari erreferentzia eginaz. Bada horretarako arrazoirik: erdi aroko eraikin monumentalak ditugu O\u00f1atin: Sancti Spiritus Unibertsitatea, Lazarraga dorrea, Bidaurreta komentua, Zumeltzegi dorrea eta San Miguel parrokia berritua, esaterako. Aberastasun eta boterearen isla dira eraikinok. Ezagunak ditugu atzetik dauden hiru gizonak: Rodrigo Mercado Zuazola apezpikua, [&hellip;]\" \/>\n<meta property=\"og:url\" content=\"https:\/\/blogak.argia.eus\/inaki-idigoras\/2023\/11\/10\/la-pequena-toledo\/\" \/>\n<meta property=\"og:site_name\" content=\"Kontzientzia ala infernua\" \/>\n<meta property=\"article:published_time\" content=\"2023-11-10T16:42:57+00:00\" \/>\n<meta property=\"article:modified_time\" content=\"2025-11-22T19:16:35+00:00\" \/>\n<meta name=\"author\" content=\"I\u00f1aki Idigoras\" \/>\n<meta name=\"twitter:card\" content=\"summary_large_image\" \/>\n<meta name=\"twitter:creator\" content=\"@inakiidigoras\" \/>\n<meta name=\"twitter:label1\" content=\"Written by\" \/>\n\t<meta name=\"twitter:data1\" content=\"I\u00f1aki Idigoras\" \/>\n\t<meta name=\"twitter:label2\" content=\"Est. reading time\" \/>\n\t<meta name=\"twitter:data2\" content=\"4 minutua\" \/>\n<script type=\"application\/ld+json\" class=\"yoast-schema-graph\">{\"@context\":\"https:\\\/\\\/schema.org\",\"@graph\":[{\"@type\":\"Article\",\"@id\":\"https:\\\/\\\/blogak.argia.eus\\\/inaki-idigoras\\\/2023\\\/11\\\/10\\\/la-pequena-toledo\\\/#article\",\"isPartOf\":{\"@id\":\"https:\\\/\\\/blogak.argia.eus\\\/inaki-idigoras\\\/2023\\\/11\\\/10\\\/la-pequena-toledo\\\/\"},\"author\":{\"name\":\"I\u00f1aki Idigoras\",\"@id\":\"https:\\\/\\\/blogak.argia.eus\\\/inaki-idigoras\\\/#\\\/schema\\\/person\\\/82b2bac54b3785fa41d396fdc37717ef\"},\"headline\":\"La peque\u00f1a Toledo\",\"datePublished\":\"2023-11-10T16:42:57+00:00\",\"dateModified\":\"2025-11-22T19:16:35+00:00\",\"mainEntityOfPage\":{\"@id\":\"https:\\\/\\\/blogak.argia.eus\\\/inaki-idigoras\\\/2023\\\/11\\\/10\\\/la-pequena-toledo\\\/\"},\"wordCount\":683,\"commentCount\":0,\"keywords\":[\"anai arteko borrokak\",\"inperialistaren menpeko anai librearen kontra\",\"O\u00f1ati\"],\"inLanguage\":\"eu\",\"potentialAction\":[{\"@type\":\"CommentAction\",\"name\":\"Comment\",\"target\":[\"https:\\\/\\\/blogak.argia.eus\\\/inaki-idigoras\\\/2023\\\/11\\\/10\\\/la-pequena-toledo\\\/#respond\"]}]},{\"@type\":\"WebPage\",\"@id\":\"https:\\\/\\\/blogak.argia.eus\\\/inaki-idigoras\\\/2023\\\/11\\\/10\\\/la-pequena-toledo\\\/\",\"url\":\"https:\\\/\\\/blogak.argia.eus\\\/inaki-idigoras\\\/2023\\\/11\\\/10\\\/la-pequena-toledo\\\/\",\"name\":\"La peque\u00f1a Toledo - Kontzientzia ala infernua\",\"isPartOf\":{\"@id\":\"https:\\\/\\\/blogak.argia.eus\\\/inaki-idigoras\\\/#website\"},\"datePublished\":\"2023-11-10T16:42:57+00:00\",\"dateModified\":\"2025-11-22T19:16:35+00:00\",\"author\":{\"@id\":\"https:\\\/\\\/blogak.argia.eus\\\/inaki-idigoras\\\/#\\\/schema\\\/person\\\/82b2bac54b3785fa41d396fdc37717ef\"},\"breadcrumb\":{\"@id\":\"https:\\\/\\\/blogak.argia.eus\\\/inaki-idigoras\\\/2023\\\/11\\\/10\\\/la-pequena-toledo\\\/#breadcrumb\"},\"inLanguage\":\"eu\",\"potentialAction\":[{\"@type\":\"ReadAction\",\"target\":[\"https:\\\/\\\/blogak.argia.eus\\\/inaki-idigoras\\\/2023\\\/11\\\/10\\\/la-pequena-toledo\\\/\"]}]},{\"@type\":\"BreadcrumbList\",\"@id\":\"https:\\\/\\\/blogak.argia.eus\\\/inaki-idigoras\\\/2023\\\/11\\\/10\\\/la-pequena-toledo\\\/#breadcrumb\",\"itemListElement\":[{\"@type\":\"ListItem\",\"position\":1,\"name\":\"Home\",\"item\":\"https:\\\/\\\/blogak.argia.eus\\\/inaki-idigoras\\\/\"},{\"@type\":\"ListItem\",\"position\":2,\"name\":\"La peque\u00f1a Toledo\"}]},{\"@type\":\"WebSite\",\"@id\":\"https:\\\/\\\/blogak.argia.eus\\\/inaki-idigoras\\\/#website\",\"url\":\"https:\\\/\\\/blogak.argia.eus\\\/inaki-idigoras\\\/\",\"name\":\"Kontzientzia ala infernua\",\"description\":\"Terapia komunitarioa\",\"potentialAction\":[{\"@type\":\"SearchAction\",\"target\":{\"@type\":\"EntryPoint\",\"urlTemplate\":\"https:\\\/\\\/blogak.argia.eus\\\/inaki-idigoras\\\/?s={search_term_string}\"},\"query-input\":{\"@type\":\"PropertyValueSpecification\",\"valueRequired\":true,\"valueName\":\"search_term_string\"}}],\"inLanguage\":\"eu\"},{\"@type\":\"Person\",\"@id\":\"https:\\\/\\\/blogak.argia.eus\\\/inaki-idigoras\\\/#\\\/schema\\\/person\\\/82b2bac54b3785fa41d396fdc37717ef\",\"name\":\"I\u00f1aki Idigoras\",\"image\":{\"@type\":\"ImageObject\",\"inLanguage\":\"eu\",\"@id\":\"https:\\\/\\\/secure.gravatar.com\\\/avatar\\\/0dd5d12b6375229c675eb140c0526db8f7c53d6409b8b696167311ae863d5622?s=96&d=mm&r=g\",\"url\":\"https:\\\/\\\/secure.gravatar.com\\\/avatar\\\/0dd5d12b6375229c675eb140c0526db8f7c53d6409b8b696167311ae863d5622?s=96&d=mm&r=g\",\"contentUrl\":\"https:\\\/\\\/secure.gravatar.com\\\/avatar\\\/0dd5d12b6375229c675eb140c0526db8f7c53d6409b8b696167311ae863d5622?s=96&d=mm&r=g\",\"caption\":\"I\u00f1aki Idigoras\"},\"description\":\"barrunbeetan ibili naizen argi zalea txantxikutu naizen sapaburua maitasuna ez da tabu ar \u00b7 ema .. .\",\"sameAs\":[\"https:\\\/\\\/www.linkedin.com\\\/feed\\\/\",\"https:\\\/\\\/x.com\\\/inakiidigoras\"],\"url\":\"https:\\\/\\\/blogak.argia.eus\\\/inaki-idigoras\\\/author\\\/inaki-idigoras\\\/\"}]}<\/script>\n<!-- \/ Yoast SEO plugin. -->","yoast_head_json":{"title":"La peque\u00f1a Toledo - Kontzientzia ala infernua","robots":{"index":"index","follow":"follow","max-snippet":"max-snippet:-1","max-image-preview":"max-image-preview:large","max-video-preview":"max-video-preview:-1"},"canonical":"https:\/\/blogak.argia.eus\/inaki-idigoras\/2023\/11\/10\/la-pequena-toledo\/","og_locale":"en_US","og_type":"article","og_title":"La peque\u00f1a Toledo - Kontzientzia ala infernua","og_description":"Horrela izendatu izan digute O\u00f1ati gure herria: \u201cla peque\u00f1a Toledo\u201d; espainieraz eta Espainiari erreferentzia eginaz. Bada horretarako arrazoirik: erdi aroko eraikin monumentalak ditugu O\u00f1atin: Sancti Spiritus Unibertsitatea, Lazarraga dorrea, Bidaurreta komentua, Zumeltzegi dorrea eta San Miguel parrokia berritua, esaterako. Aberastasun eta boterearen isla dira eraikinok. Ezagunak ditugu atzetik dauden hiru gizonak: Rodrigo Mercado Zuazola apezpikua, [&hellip;]","og_url":"https:\/\/blogak.argia.eus\/inaki-idigoras\/2023\/11\/10\/la-pequena-toledo\/","og_site_name":"Kontzientzia ala infernua","article_published_time":"2023-11-10T16:42:57+00:00","article_modified_time":"2025-11-22T19:16:35+00:00","author":"I\u00f1aki Idigoras","twitter_card":"summary_large_image","twitter_creator":"@inakiidigoras","twitter_misc":{"Written by":"I\u00f1aki Idigoras","Est. reading time":"4 minutua"},"schema":{"@context":"https:\/\/schema.org","@graph":[{"@type":"Article","@id":"https:\/\/blogak.argia.eus\/inaki-idigoras\/2023\/11\/10\/la-pequena-toledo\/#article","isPartOf":{"@id":"https:\/\/blogak.argia.eus\/inaki-idigoras\/2023\/11\/10\/la-pequena-toledo\/"},"author":{"name":"I\u00f1aki Idigoras","@id":"https:\/\/blogak.argia.eus\/inaki-idigoras\/#\/schema\/person\/82b2bac54b3785fa41d396fdc37717ef"},"headline":"La peque\u00f1a Toledo","datePublished":"2023-11-10T16:42:57+00:00","dateModified":"2025-11-22T19:16:35+00:00","mainEntityOfPage":{"@id":"https:\/\/blogak.argia.eus\/inaki-idigoras\/2023\/11\/10\/la-pequena-toledo\/"},"wordCount":683,"commentCount":0,"keywords":["anai arteko borrokak","inperialistaren menpeko anai librearen kontra","O\u00f1ati"],"inLanguage":"eu","potentialAction":[{"@type":"CommentAction","name":"Comment","target":["https:\/\/blogak.argia.eus\/inaki-idigoras\/2023\/11\/10\/la-pequena-toledo\/#respond"]}]},{"@type":"WebPage","@id":"https:\/\/blogak.argia.eus\/inaki-idigoras\/2023\/11\/10\/la-pequena-toledo\/","url":"https:\/\/blogak.argia.eus\/inaki-idigoras\/2023\/11\/10\/la-pequena-toledo\/","name":"La peque\u00f1a Toledo - Kontzientzia ala infernua","isPartOf":{"@id":"https:\/\/blogak.argia.eus\/inaki-idigoras\/#website"},"datePublished":"2023-11-10T16:42:57+00:00","dateModified":"2025-11-22T19:16:35+00:00","author":{"@id":"https:\/\/blogak.argia.eus\/inaki-idigoras\/#\/schema\/person\/82b2bac54b3785fa41d396fdc37717ef"},"breadcrumb":{"@id":"https:\/\/blogak.argia.eus\/inaki-idigoras\/2023\/11\/10\/la-pequena-toledo\/#breadcrumb"},"inLanguage":"eu","potentialAction":[{"@type":"ReadAction","target":["https:\/\/blogak.argia.eus\/inaki-idigoras\/2023\/11\/10\/la-pequena-toledo\/"]}]},{"@type":"BreadcrumbList","@id":"https:\/\/blogak.argia.eus\/inaki-idigoras\/2023\/11\/10\/la-pequena-toledo\/#breadcrumb","itemListElement":[{"@type":"ListItem","position":1,"name":"Home","item":"https:\/\/blogak.argia.eus\/inaki-idigoras\/"},{"@type":"ListItem","position":2,"name":"La peque\u00f1a Toledo"}]},{"@type":"WebSite","@id":"https:\/\/blogak.argia.eus\/inaki-idigoras\/#website","url":"https:\/\/blogak.argia.eus\/inaki-idigoras\/","name":"Kontzientzia ala infernua","description":"Terapia komunitarioa","potentialAction":[{"@type":"SearchAction","target":{"@type":"EntryPoint","urlTemplate":"https:\/\/blogak.argia.eus\/inaki-idigoras\/?s={search_term_string}"},"query-input":{"@type":"PropertyValueSpecification","valueRequired":true,"valueName":"search_term_string"}}],"inLanguage":"eu"},{"@type":"Person","@id":"https:\/\/blogak.argia.eus\/inaki-idigoras\/#\/schema\/person\/82b2bac54b3785fa41d396fdc37717ef","name":"I\u00f1aki Idigoras","image":{"@type":"ImageObject","inLanguage":"eu","@id":"https:\/\/secure.gravatar.com\/avatar\/0dd5d12b6375229c675eb140c0526db8f7c53d6409b8b696167311ae863d5622?s=96&d=mm&r=g","url":"https:\/\/secure.gravatar.com\/avatar\/0dd5d12b6375229c675eb140c0526db8f7c53d6409b8b696167311ae863d5622?s=96&d=mm&r=g","contentUrl":"https:\/\/secure.gravatar.com\/avatar\/0dd5d12b6375229c675eb140c0526db8f7c53d6409b8b696167311ae863d5622?s=96&d=mm&r=g","caption":"I\u00f1aki Idigoras"},"description":"barrunbeetan ibili naizen argi zalea txantxikutu naizen sapaburua maitasuna ez da tabu ar \u00b7 ema .. .","sameAs":["https:\/\/www.linkedin.com\/feed\/","https:\/\/x.com\/inakiidigoras"],"url":"https:\/\/blogak.argia.eus\/inaki-idigoras\/author\/inaki-idigoras\/"}]}},"_links":{"self":[{"href":"https:\/\/blogak.argia.eus\/inaki-idigoras\/wp-json\/wp\/v2\/posts\/139","targetHints":{"allow":["GET"]}}],"collection":[{"href":"https:\/\/blogak.argia.eus\/inaki-idigoras\/wp-json\/wp\/v2\/posts"}],"about":[{"href":"https:\/\/blogak.argia.eus\/inaki-idigoras\/wp-json\/wp\/v2\/types\/post"}],"author":[{"embeddable":true,"href":"https:\/\/blogak.argia.eus\/inaki-idigoras\/wp-json\/wp\/v2\/users\/28"}],"replies":[{"embeddable":true,"href":"https:\/\/blogak.argia.eus\/inaki-idigoras\/wp-json\/wp\/v2\/comments?post=139"}],"version-history":[{"count":1,"href":"https:\/\/blogak.argia.eus\/inaki-idigoras\/wp-json\/wp\/v2\/posts\/139\/revisions"}],"predecessor-version":[{"id":140,"href":"https:\/\/blogak.argia.eus\/inaki-idigoras\/wp-json\/wp\/v2\/posts\/139\/revisions\/140"}],"wp:attachment":[{"href":"https:\/\/blogak.argia.eus\/inaki-idigoras\/wp-json\/wp\/v2\/media?parent=139"}],"wp:term":[{"taxonomy":"category","embeddable":true,"href":"https:\/\/blogak.argia.eus\/inaki-idigoras\/wp-json\/wp\/v2\/categories?post=139"},{"taxonomy":"post_tag","embeddable":true,"href":"https:\/\/blogak.argia.eus\/inaki-idigoras\/wp-json\/wp\/v2\/tags?post=139"}],"curies":[{"name":"wp","href":"https:\/\/api.w.org\/{rel}","templated":true}]}}