{"id":97,"date":"2019-07-30T15:37:37","date_gmt":"2019-07-30T13:37:37","guid":{"rendered":"https:\/\/www.argia.eus\/blogak\/inaki-idigoras\/?p=97"},"modified":"2019-07-30T15:37:37","modified_gmt":"2019-07-30T13:37:37","slug":"eneko-zana-san-ignatius-ii","status":"publish","type":"post","link":"https:\/\/blogak.argia.eus\/inaki-idigoras\/2019\/07\/30\/eneko-zana-san-ignatius-ii\/","title":{"rendered":"Eneko zana, San Ignatius (II)"},"content":{"rendered":"<p>[<a href=\"https:\/\/uztarria.eus\/aktualitatea\/1564147713\"><span style=\"font-weight: 400\">Uztarriarako <\/span><\/a><span style=\"font-weight: 400\">erantzuna]<\/span><\/p>\n<p><span style=\"font-weight: 400\">Esker mila ekarpenengatik.<\/span><\/p>\n<p><span style=\"font-weight: 400\">Izenarena, non edo non irakurri dut. Eneko, I\u00f1igo, Inazio, I\u00f1aki&#8230; bada eztabaidarik. Proposatzen duzun I\u00f1igo erabiliko dut, hala izan zelako, bilaketen harira. Eta zentzurik badu.<\/span><\/p>\n<p><span style=\"font-weight: 400\">Ez da baina, izena, eztabaidaren muina. Izana bazik. Izanaren gaineko gogoeta eta memoria. Eta hauen erabilera: zertarako gogora ekarri?<\/span><\/p>\n<p><span style=\"font-weight: 400\">Herri menperatua garen aldetik, askatasun faltaren kontzientzia hartu eta zabaltzeko erabili nahi nuke nik. Ohartzeko. Jabetzeko. Ahaldundu eta egiteko. Gure kulturatik, burujabetza. Askatasuna.<\/span><\/p>\n<p><span style=\"font-weight: 400\">Nola ikusi ote zuten orduko I\u00f1igo gaztearen herriko lagunek bere egunerokoa? naturalki jolasten ote zuen besteekin batera? ala etxean kultura arrotzaren doktrinan hezi zuten?<\/span><\/p>\n<p><span style=\"font-weight: 400\">Nola ikusi ote zuen I\u00f1igok bere burua, herrikideetatik banatua, dorrean &#8216;babestua&#8217;? Ama galdu berritan, nola bizi izan zuen aitak Valladolidera atzerriratzea?<\/span><\/p>\n<p><span style=\"font-weight: 400\">1521ean, nola bizi izan ote zuen bere hizkera jatorrean ari ziren haien aurka borrokatzea, bere nortasuna kolpatuz, arrotzen ejerzitotik?<\/span><\/p>\n<p><span style=\"font-weight: 400\">Bizipen horiek guztiak kudeatzeko gai denak badauka meriturik. Lekuz kanpo sentitzea baino nortasun krisi larriagorik ba ote? Kemena izan zuen ibilbidez aldatzeko; unibertsal bati ekiteko, izatasunaren bideetatik. Espiritualtasunetik.<\/span><\/p>\n<p><span style=\"font-weight: 400\">Orduan nekez izango zen psikologorik, eta etxean topatu erlijio katolikoaren liburuak promesten zuen argiaren indarrak erakarriko zuen. Izakion zoritxarrerako, baina, I\u00f1igoren garairako kristautasun jatorra -erromatar garaiko intsumituak, kasu, Iru\u00f1a-Veleian ikasi bezela- gizon ase ezinek bere egina zeukaten, beren neurri gabeko botere desirak lortzeko bitarteko gisa.<\/span><\/p>\n<p><span style=\"font-weight: 400\">Ezagutuko ote zituen, baina, gure I\u00f1igok, itzaletik bere hariak mugitzen zituzten haien asmoak? Cisneros kardenal eta inkisidorea, Fernando Katolikoa erregea, hau hil ondoren, 1516an, zerua erosteko testamentuan zer jasoko zuen ziurtatu zuen Adriano. Nor zen baina, Adriano hau? Herbereetakoa jatorriz, orduko potentzia militar handienera, Gaztelara, etorri zen \u2018jainkoak\u2019 bidalita limosna eske. Tortosako apezpiku lehenik, Aragoiko inkisidore gero, Kastillakoa ondoren&#8230; eta&#8230; ta-txan&#8230; 1521-1522ko konklabean Adriano VI.a aita santu izendatua! Gure I\u00f1igoren krisi pertsonalarekin batera. Eta Nafarroako konkista \u2018jainkoaren izenean\u2019 zilegiztatzeko momentu aproposean.\u00a0<\/span><\/p>\n<p><span style=\"font-weight: 400\">Lehen Fernando Katolikoaren bandoan, eta gero honen &#8216;gaineko&#8217; Vaticanoarenean, &#8216;Sacro Imperioan&#8217;&#8230; karrera militar nabaria egin zuen I\u00f1igok. Ezpataz eta gurutzez. Nola ez zuen bada, Vaticanoak santu izendatuko 1622an! egindako mesede guztien ordain. Eta euskal herritarroi keinu, bere alboan oparotasuna eta zerua ziurtatuta ditugunaren promesa gisa. Liburuez, santu izendapenez, prentsa oharrez\u2026 komunikabideez baliatzen baita boterea bera elikatuko duten leialez inguratzeko. Eta bere legeaz, kuestionatzen duen edonor lurperatzeko, Iru\u00f1a-Veleian bezela.<\/span><\/p>\n<p><span style=\"font-weight: 400\">Badator I\u00f1igoren krisiaren 500. urteurrena. Greziar mitoak Fenix hegaztia bere errautsetatik nola biziberritzen den kontatzen du. Biziberritu dezagun Ignatius, Inazio, I\u00f1igo&#8230; euskal hizkera jatorrera. Eneko.<\/span><\/p>\n<p><span style=\"font-weight: 400\">Ez dezagun onartu arrotz zapaltzaileek ezarritako santurik. Vaticanoak berak oniritzi zituen Gipuzkoa eta Bizkaiko patroi izendatzeak ere, geurean saldukeriatan ibili ohi direnek proposatu ostean.<\/span><\/p>\n<p><span style=\"font-weight: 400\">Susmoa daukat ez ote garen denok I\u00f1igo txiki batzuk, kapital arrotzen mesedetan bizitza ematen duguna, nortasuna arroztasunez barnizatuta. Denok gara I\u00f1igo Loiolako! Gogoratu ditzagun I\u00f1igoren drama, haren patroien zitalkeria&#8230; eta ariketa xume bat egin geure baitan.<\/span><\/p>\n<p><span style=\"font-weight: 400\">Azpeitiarroi dagokizue saninazioak eraberritzea, izenetik izanera.<\/span><\/p>\n<p><span style=\"font-weight: 400\">Gipuzkoar eta bizkaitarroi, horrelako patroirik behar ote dugun erabakitzea.<\/span><\/p>\n<p><span style=\"font-weight: 400\">I\u00f1igo arroztutik Eneko jatorrera, jatorrira bira. Gure estatu zaharrera, Nafarroakora. Baliatu ditzagun I\u00f1igoren indarra eta kemena Eneko Aritzak 824an egin bezala, geure askatasunaren kultura biziberritzeko. Arrotzen bandoan etxekoak kolpatuz losintxak eta botere kuota handiagoak bilatu baino, jatorki geure kulturan sakondu eta berau bultzatzeko bidea egin dezagun.<\/span><\/p>\n<p><span style=\"font-weight: 400\">Herriatar, alderdi eta instituzio gaixoetatik, terapia komunitario diren batzarren bidezko osasunera, osotasunera, euskera.<\/span><\/p>\n","protected":false},"excerpt":{"rendered":"<p>[Uztarriarako erantzuna] Esker mila ekarpenengatik. Izenarena, non edo non irakurri dut. Eneko, I\u00f1igo, Inazio, I\u00f1aki&#8230; bada eztabaidarik. Proposatzen duzun I\u00f1igo erabiliko dut, hala izan zelako, bilaketen harira. Eta zentzurik badu. Ez da baina, izena, eztabaidaren muina. Izana bazik. Izanaren gaineko gogoeta eta memoria. Eta hauen erabilera: zertarako gogora ekarri? Herri menperatua garen aldetik, askatasun faltaren [&hellip;]<\/p>\n","protected":false},"author":28,"featured_media":0,"comment_status":"open","ping_status":"open","sticky":false,"template":"","format":"standard","meta":{"footnotes":""},"categories":[13],"tags":[],"class_list":["post-97","post","type-post","status-publish","format-standard","hentry","category-sailkatugabeak"],"yoast_head":"<!-- This site is optimized with the Yoast SEO plugin v27.3 - https:\/\/yoast.com\/product\/yoast-seo-wordpress\/ -->\n<title>Eneko zana, San Ignatius (II) - Kontzientzia ala infernua<\/title>\n<meta name=\"robots\" content=\"index, follow, max-snippet:-1, max-image-preview:large, max-video-preview:-1\" \/>\n<link rel=\"canonical\" href=\"https:\/\/blogak.argia.eus\/inaki-idigoras\/2019\/07\/30\/eneko-zana-san-ignatius-ii\/\" \/>\n<meta property=\"og:locale\" content=\"en_US\" \/>\n<meta property=\"og:type\" content=\"article\" \/>\n<meta property=\"og:title\" content=\"Eneko zana, San Ignatius (II) - Kontzientzia ala infernua\" \/>\n<meta property=\"og:description\" content=\"[Uztarriarako erantzuna] Esker mila ekarpenengatik. Izenarena, non edo non irakurri dut. Eneko, I\u00f1igo, Inazio, I\u00f1aki&#8230; bada eztabaidarik. Proposatzen duzun I\u00f1igo erabiliko dut, hala izan zelako, bilaketen harira. Eta zentzurik badu. Ez da baina, izena, eztabaidaren muina. Izana bazik. Izanaren gaineko gogoeta eta memoria. Eta hauen erabilera: zertarako gogora ekarri? Herri menperatua garen aldetik, askatasun faltaren [&hellip;]\" \/>\n<meta property=\"og:url\" content=\"https:\/\/blogak.argia.eus\/inaki-idigoras\/2019\/07\/30\/eneko-zana-san-ignatius-ii\/\" \/>\n<meta property=\"og:site_name\" content=\"Kontzientzia ala infernua\" \/>\n<meta property=\"article:published_time\" content=\"2019-07-30T13:37:37+00:00\" \/>\n<meta name=\"author\" content=\"I\u00f1aki Idigoras\" \/>\n<meta name=\"twitter:card\" content=\"summary_large_image\" \/>\n<meta name=\"twitter:creator\" content=\"@inakiidigoras\" \/>\n<meta name=\"twitter:label1\" content=\"Written by\" \/>\n\t<meta name=\"twitter:data1\" content=\"I\u00f1aki Idigoras\" \/>\n\t<meta name=\"twitter:label2\" content=\"Est. reading time\" \/>\n\t<meta name=\"twitter:data2\" content=\"3 minutua\" \/>\n<script type=\"application\/ld+json\" class=\"yoast-schema-graph\">{\"@context\":\"https:\\\/\\\/schema.org\",\"@graph\":[{\"@type\":\"Article\",\"@id\":\"https:\\\/\\\/blogak.argia.eus\\\/inaki-idigoras\\\/2019\\\/07\\\/30\\\/eneko-zana-san-ignatius-ii\\\/#article\",\"isPartOf\":{\"@id\":\"https:\\\/\\\/blogak.argia.eus\\\/inaki-idigoras\\\/2019\\\/07\\\/30\\\/eneko-zana-san-ignatius-ii\\\/\"},\"author\":{\"name\":\"I\u00f1aki Idigoras\",\"@id\":\"https:\\\/\\\/blogak.argia.eus\\\/inaki-idigoras\\\/#\\\/schema\\\/person\\\/82b2bac54b3785fa41d396fdc37717ef\"},\"headline\":\"Eneko zana, San Ignatius (II)\",\"datePublished\":\"2019-07-30T13:37:37+00:00\",\"mainEntityOfPage\":{\"@id\":\"https:\\\/\\\/blogak.argia.eus\\\/inaki-idigoras\\\/2019\\\/07\\\/30\\\/eneko-zana-san-ignatius-ii\\\/\"},\"wordCount\":541,\"commentCount\":0,\"inLanguage\":\"eu\",\"potentialAction\":[{\"@type\":\"CommentAction\",\"name\":\"Comment\",\"target\":[\"https:\\\/\\\/blogak.argia.eus\\\/inaki-idigoras\\\/2019\\\/07\\\/30\\\/eneko-zana-san-ignatius-ii\\\/#respond\"]}]},{\"@type\":\"WebPage\",\"@id\":\"https:\\\/\\\/blogak.argia.eus\\\/inaki-idigoras\\\/2019\\\/07\\\/30\\\/eneko-zana-san-ignatius-ii\\\/\",\"url\":\"https:\\\/\\\/blogak.argia.eus\\\/inaki-idigoras\\\/2019\\\/07\\\/30\\\/eneko-zana-san-ignatius-ii\\\/\",\"name\":\"Eneko zana, San Ignatius (II) - Kontzientzia ala infernua\",\"isPartOf\":{\"@id\":\"https:\\\/\\\/blogak.argia.eus\\\/inaki-idigoras\\\/#website\"},\"datePublished\":\"2019-07-30T13:37:37+00:00\",\"author\":{\"@id\":\"https:\\\/\\\/blogak.argia.eus\\\/inaki-idigoras\\\/#\\\/schema\\\/person\\\/82b2bac54b3785fa41d396fdc37717ef\"},\"breadcrumb\":{\"@id\":\"https:\\\/\\\/blogak.argia.eus\\\/inaki-idigoras\\\/2019\\\/07\\\/30\\\/eneko-zana-san-ignatius-ii\\\/#breadcrumb\"},\"inLanguage\":\"eu\",\"potentialAction\":[{\"@type\":\"ReadAction\",\"target\":[\"https:\\\/\\\/blogak.argia.eus\\\/inaki-idigoras\\\/2019\\\/07\\\/30\\\/eneko-zana-san-ignatius-ii\\\/\"]}]},{\"@type\":\"BreadcrumbList\",\"@id\":\"https:\\\/\\\/blogak.argia.eus\\\/inaki-idigoras\\\/2019\\\/07\\\/30\\\/eneko-zana-san-ignatius-ii\\\/#breadcrumb\",\"itemListElement\":[{\"@type\":\"ListItem\",\"position\":1,\"name\":\"Home\",\"item\":\"https:\\\/\\\/blogak.argia.eus\\\/inaki-idigoras\\\/\"},{\"@type\":\"ListItem\",\"position\":2,\"name\":\"Eneko zana, San Ignatius (II)\"}]},{\"@type\":\"WebSite\",\"@id\":\"https:\\\/\\\/blogak.argia.eus\\\/inaki-idigoras\\\/#website\",\"url\":\"https:\\\/\\\/blogak.argia.eus\\\/inaki-idigoras\\\/\",\"name\":\"Kontzientzia ala infernua\",\"description\":\"Terapia komunitarioa\",\"potentialAction\":[{\"@type\":\"SearchAction\",\"target\":{\"@type\":\"EntryPoint\",\"urlTemplate\":\"https:\\\/\\\/blogak.argia.eus\\\/inaki-idigoras\\\/?s={search_term_string}\"},\"query-input\":{\"@type\":\"PropertyValueSpecification\",\"valueRequired\":true,\"valueName\":\"search_term_string\"}}],\"inLanguage\":\"eu\"},{\"@type\":\"Person\",\"@id\":\"https:\\\/\\\/blogak.argia.eus\\\/inaki-idigoras\\\/#\\\/schema\\\/person\\\/82b2bac54b3785fa41d396fdc37717ef\",\"name\":\"I\u00f1aki Idigoras\",\"image\":{\"@type\":\"ImageObject\",\"inLanguage\":\"eu\",\"@id\":\"https:\\\/\\\/secure.gravatar.com\\\/avatar\\\/0dd5d12b6375229c675eb140c0526db8f7c53d6409b8b696167311ae863d5622?s=96&d=mm&r=g\",\"url\":\"https:\\\/\\\/secure.gravatar.com\\\/avatar\\\/0dd5d12b6375229c675eb140c0526db8f7c53d6409b8b696167311ae863d5622?s=96&d=mm&r=g\",\"contentUrl\":\"https:\\\/\\\/secure.gravatar.com\\\/avatar\\\/0dd5d12b6375229c675eb140c0526db8f7c53d6409b8b696167311ae863d5622?s=96&d=mm&r=g\",\"caption\":\"I\u00f1aki Idigoras\"},\"description\":\"barrunbeetan ibili naizen argi zalea txantxikutu naizen sapaburua maitasuna ez da tabu ar \u00b7 ema .. .\",\"sameAs\":[\"https:\\\/\\\/www.linkedin.com\\\/feed\\\/\",\"https:\\\/\\\/x.com\\\/inakiidigoras\"],\"url\":\"https:\\\/\\\/blogak.argia.eus\\\/inaki-idigoras\\\/author\\\/inaki-idigoras\\\/\"}]}<\/script>\n<!-- \/ Yoast SEO plugin. -->","yoast_head_json":{"title":"Eneko zana, San Ignatius (II) - Kontzientzia ala infernua","robots":{"index":"index","follow":"follow","max-snippet":"max-snippet:-1","max-image-preview":"max-image-preview:large","max-video-preview":"max-video-preview:-1"},"canonical":"https:\/\/blogak.argia.eus\/inaki-idigoras\/2019\/07\/30\/eneko-zana-san-ignatius-ii\/","og_locale":"en_US","og_type":"article","og_title":"Eneko zana, San Ignatius (II) - Kontzientzia ala infernua","og_description":"[Uztarriarako erantzuna] Esker mila ekarpenengatik. Izenarena, non edo non irakurri dut. Eneko, I\u00f1igo, Inazio, I\u00f1aki&#8230; bada eztabaidarik. Proposatzen duzun I\u00f1igo erabiliko dut, hala izan zelako, bilaketen harira. Eta zentzurik badu. Ez da baina, izena, eztabaidaren muina. Izana bazik. Izanaren gaineko gogoeta eta memoria. Eta hauen erabilera: zertarako gogora ekarri? Herri menperatua garen aldetik, askatasun faltaren [&hellip;]","og_url":"https:\/\/blogak.argia.eus\/inaki-idigoras\/2019\/07\/30\/eneko-zana-san-ignatius-ii\/","og_site_name":"Kontzientzia ala infernua","article_published_time":"2019-07-30T13:37:37+00:00","author":"I\u00f1aki Idigoras","twitter_card":"summary_large_image","twitter_creator":"@inakiidigoras","twitter_misc":{"Written by":"I\u00f1aki Idigoras","Est. reading time":"3 minutua"},"schema":{"@context":"https:\/\/schema.org","@graph":[{"@type":"Article","@id":"https:\/\/blogak.argia.eus\/inaki-idigoras\/2019\/07\/30\/eneko-zana-san-ignatius-ii\/#article","isPartOf":{"@id":"https:\/\/blogak.argia.eus\/inaki-idigoras\/2019\/07\/30\/eneko-zana-san-ignatius-ii\/"},"author":{"name":"I\u00f1aki Idigoras","@id":"https:\/\/blogak.argia.eus\/inaki-idigoras\/#\/schema\/person\/82b2bac54b3785fa41d396fdc37717ef"},"headline":"Eneko zana, San Ignatius (II)","datePublished":"2019-07-30T13:37:37+00:00","mainEntityOfPage":{"@id":"https:\/\/blogak.argia.eus\/inaki-idigoras\/2019\/07\/30\/eneko-zana-san-ignatius-ii\/"},"wordCount":541,"commentCount":0,"inLanguage":"eu","potentialAction":[{"@type":"CommentAction","name":"Comment","target":["https:\/\/blogak.argia.eus\/inaki-idigoras\/2019\/07\/30\/eneko-zana-san-ignatius-ii\/#respond"]}]},{"@type":"WebPage","@id":"https:\/\/blogak.argia.eus\/inaki-idigoras\/2019\/07\/30\/eneko-zana-san-ignatius-ii\/","url":"https:\/\/blogak.argia.eus\/inaki-idigoras\/2019\/07\/30\/eneko-zana-san-ignatius-ii\/","name":"Eneko zana, San Ignatius (II) - Kontzientzia ala infernua","isPartOf":{"@id":"https:\/\/blogak.argia.eus\/inaki-idigoras\/#website"},"datePublished":"2019-07-30T13:37:37+00:00","author":{"@id":"https:\/\/blogak.argia.eus\/inaki-idigoras\/#\/schema\/person\/82b2bac54b3785fa41d396fdc37717ef"},"breadcrumb":{"@id":"https:\/\/blogak.argia.eus\/inaki-idigoras\/2019\/07\/30\/eneko-zana-san-ignatius-ii\/#breadcrumb"},"inLanguage":"eu","potentialAction":[{"@type":"ReadAction","target":["https:\/\/blogak.argia.eus\/inaki-idigoras\/2019\/07\/30\/eneko-zana-san-ignatius-ii\/"]}]},{"@type":"BreadcrumbList","@id":"https:\/\/blogak.argia.eus\/inaki-idigoras\/2019\/07\/30\/eneko-zana-san-ignatius-ii\/#breadcrumb","itemListElement":[{"@type":"ListItem","position":1,"name":"Home","item":"https:\/\/blogak.argia.eus\/inaki-idigoras\/"},{"@type":"ListItem","position":2,"name":"Eneko zana, San Ignatius (II)"}]},{"@type":"WebSite","@id":"https:\/\/blogak.argia.eus\/inaki-idigoras\/#website","url":"https:\/\/blogak.argia.eus\/inaki-idigoras\/","name":"Kontzientzia ala infernua","description":"Terapia komunitarioa","potentialAction":[{"@type":"SearchAction","target":{"@type":"EntryPoint","urlTemplate":"https:\/\/blogak.argia.eus\/inaki-idigoras\/?s={search_term_string}"},"query-input":{"@type":"PropertyValueSpecification","valueRequired":true,"valueName":"search_term_string"}}],"inLanguage":"eu"},{"@type":"Person","@id":"https:\/\/blogak.argia.eus\/inaki-idigoras\/#\/schema\/person\/82b2bac54b3785fa41d396fdc37717ef","name":"I\u00f1aki Idigoras","image":{"@type":"ImageObject","inLanguage":"eu","@id":"https:\/\/secure.gravatar.com\/avatar\/0dd5d12b6375229c675eb140c0526db8f7c53d6409b8b696167311ae863d5622?s=96&d=mm&r=g","url":"https:\/\/secure.gravatar.com\/avatar\/0dd5d12b6375229c675eb140c0526db8f7c53d6409b8b696167311ae863d5622?s=96&d=mm&r=g","contentUrl":"https:\/\/secure.gravatar.com\/avatar\/0dd5d12b6375229c675eb140c0526db8f7c53d6409b8b696167311ae863d5622?s=96&d=mm&r=g","caption":"I\u00f1aki Idigoras"},"description":"barrunbeetan ibili naizen argi zalea txantxikutu naizen sapaburua maitasuna ez da tabu ar \u00b7 ema .. .","sameAs":["https:\/\/www.linkedin.com\/feed\/","https:\/\/x.com\/inakiidigoras"],"url":"https:\/\/blogak.argia.eus\/inaki-idigoras\/author\/inaki-idigoras\/"}]}},"_links":{"self":[{"href":"https:\/\/blogak.argia.eus\/inaki-idigoras\/wp-json\/wp\/v2\/posts\/97","targetHints":{"allow":["GET"]}}],"collection":[{"href":"https:\/\/blogak.argia.eus\/inaki-idigoras\/wp-json\/wp\/v2\/posts"}],"about":[{"href":"https:\/\/blogak.argia.eus\/inaki-idigoras\/wp-json\/wp\/v2\/types\/post"}],"author":[{"embeddable":true,"href":"https:\/\/blogak.argia.eus\/inaki-idigoras\/wp-json\/wp\/v2\/users\/28"}],"replies":[{"embeddable":true,"href":"https:\/\/blogak.argia.eus\/inaki-idigoras\/wp-json\/wp\/v2\/comments?post=97"}],"version-history":[{"count":0,"href":"https:\/\/blogak.argia.eus\/inaki-idigoras\/wp-json\/wp\/v2\/posts\/97\/revisions"}],"wp:attachment":[{"href":"https:\/\/blogak.argia.eus\/inaki-idigoras\/wp-json\/wp\/v2\/media?parent=97"}],"wp:term":[{"taxonomy":"category","embeddable":true,"href":"https:\/\/blogak.argia.eus\/inaki-idigoras\/wp-json\/wp\/v2\/categories?post=97"},{"taxonomy":"post_tag","embeddable":true,"href":"https:\/\/blogak.argia.eus\/inaki-idigoras\/wp-json\/wp\/v2\/tags?post=97"}],"curies":[{"name":"wp","href":"https:\/\/api.w.org\/{rel}","templated":true}]}}