{"id":159,"date":"2020-06-11T10:00:03","date_gmt":"2020-06-11T08:00:03","guid":{"rendered":"http:\/\/www.argia.eus\/blogak\/jj-agirre\/?p=159"},"modified":"2020-06-11T10:00:03","modified_gmt":"2020-06-11T08:00:03","slug":"gainekoak-eta-azpikoak-edo-espainiarrekiko-alde-bikotasuna-kristauei-azaldua","status":"publish","type":"post","link":"https:\/\/blogak.argia.eus\/jj-agirre\/2020\/06\/11\/gainekoak-eta-azpikoak-edo-espainiarrekiko-alde-bikotasuna-kristauei-azaldua\/","title":{"rendered":"Gainekoak eta azpikoak edo espainiarrekiko \u201calde bikotasuna\u201d kristauei azaldua"},"content":{"rendered":"<p><img loading=\"lazy\" decoding=\"async\" class=\"alignnone size-medium wp-image-160\" src=\"https:\/\/blogak.argia.eus\/jj-agirre\/wp-content\/uploads\/sites\/29\/2020\/06\/sumision-1-300x147.png\" alt=\"\" width=\"300\" height=\"147\" \/><\/p>\n<table>\n<tbody>\n<tr>\n<td width=\"727\"><strong>Epi eta Blas<\/strong> oraindik \u201cbiziko\u201d balira, <strong>gainekoak<\/strong> eta <strong>azpikoak<\/strong> edota <strong>ugazabak<\/strong> eta <strong>menpekoak<\/strong> kontzeptuak azaltzeko, hamaika adibide aurkituko lituzkete erdaldunoi eta euskaldunoi begira. Goenkale baino kapitulu sorta luzeagoa osa daiteke, euskaldunon menpekotasun egoeraren inguruan.<\/p>\n<p><strong>Ekainaren 4an, Madrilgo Senatuan<\/strong> jazotako pasartea da beste adibide esanguratsu bat.<\/p>\n<p>Darias ministroaren agerraldian izan zen. Galderetarako txandan, <strong>EAJren ordezkariak galdera zuzena luzatu zion ministroari*.<\/strong> (5:24 minutuan):<br \/>\n\u201cPor \u00faltimo, Se\u00f1ora ministra, me voy a referir al euskera, y a su utilizaci\u00f3n por los funcionarios de la Administraci\u00f3n del Estado con presencia en Euskadi\u2026<br \/>\n\u00bfQu\u00e9 medidas ha adoptado para que la cooficialidad ling\u00fc\u00edstica sea una realidad en la Admnistraci\u00f3n del Estado, en Euskadi?<br \/>\n\u00bfQu\u00e9 medidas ha adoptado para que los funcionarios de su Administraci\u00f3n vayan aprendiendo el euskera, y sean as\u00ed capaces de atender en euskera?<br \/>\n\u00bfTiene intenci\u00f3n de ofrecer a la ciudadan\u00eda de Euskadi, la posibilidad de poder dirigirse a la Administraci\u00f3n del Estado (en Euskadi), en euskera?<\/p>\n<p><strong>Darias PSOEko ministroaren erantzuna*<\/strong>: (27:30tik aurrera)<br \/>\n\u201cLa idea del fomento de la formaci\u00f3n a trav\u00e9s del INAP tiene que ver con asegurar la atenci\u00f3n de la ciudadan\u00eda en su lengua materna (?) \u2026 pero tambi\u00e9n, respetando el \u00e1mbito de cada empleado p\u00fablico\u2026 hacer algo as\u00ed como de incentivaci\u00f3n, especialmente en el caso de la atenci\u00f3n al p\u00fablico, sin que en ning\u00fan caso suponga otra cosa que eso, porque entender\u00e1 que tambi\u00e9n es un derecho utilizar la lengua castellana\u2026\u201d<\/p>\n<p><strong>Okerrena ez zen izan<\/strong> ministro espainiarraren erantzun negargarria.<br \/>\nOkerrena EAJren ordezkariaren azken erantzuna izan zen, agertutako disposizio onarengatik ministroari eskerrak emanez. Eskerrak zergatik?<\/p>\n<p><strong>Espainiako Administrazio Publikoek ez digute euskaldunoi <\/strong>beren gazteluetan euskarazko arreta jasotzeko eskubidea bermatzen labur esanda, indarrean diren legeei irri eta barre eginez 1982tik gutxienez (lehenago are okerrago zen, esan gabe doa).<br \/>\nEspainiako \u201cLey 30\/1992 de R\u00e9gimen Jur\u00eddico de las Administraciones P\u00fablicas y del Procedimiento Administrativo Com\u00fan delakoak adibidez, honakoa dio 35. eta 36. ataletan:<br \/>\n\u201cLos ciudadanos, en sus relaciones con las Administraciones P\u00fablicas, tienen los siguientes derechos:\u2026 A utilizar las lenguas oficiales en el territorio de su Comunidad Aut\u00f3noma, de acuerdo con lo previsto en esta Ley y en el resto del Ordenamiento Jur\u00eddico\u2026<br \/>\nLengua de los procedimientos. \u2026 \u00a0los interesados que se dirijan a los \u00f3rganos de la Administraci\u00f3n General del Estado con sede en el territorio de una Comunidad Aut\u00f3noma podr\u00e1n utilizar tambi\u00e9n la lengua que sea cooficial en ella. En este caso, el procedimiento se tramitar\u00e1 en la lengua elegida por el interesado\u201d.<\/p>\n<p><strong>Bada, ugazabek ez dute euren hitza bete sekula<\/strong>. Lege hori ez dute betetzen sortu zen egunetik bertatik gaurdaino. Ia hogeitahamar urte igaro dira.<\/p>\n<p>Alabaina, gure erakunde txit autonomoetatik edota gure alderdi eta bestelako eragile abertzaleetatik erantzunik ez, eskubide aldarrikatzerik ez, isiltasuna\u2026<br \/>\nMenpekotasun gorria finean. Edo are okerragoa dena, utzikeria?<\/p>\n<p>Epi eta Blasen beharrik ez dugu.<\/td>\n<\/tr>\n<tr>\n<td width=\"727\">&nbsp;<\/p>\n<ul>\n<li>Bideoak hemen:<br \/>\nhttp:\/\/www.senado.es\/web\/actividadparlamentaria\/actualidad\/video\/index.html?s=14_S011021_003_01<\/li>\n<\/ul>\n<\/td>\n<\/tr>\n<\/tbody>\n<\/table>\n","protected":false},"excerpt":{"rendered":"<p>Epi eta Blas oraindik \u201cbiziko\u201d balira, gainekoak eta azpikoak edota ugazabak eta menpekoak kontzeptuak azaltzeko, hamaika adibide aurkituko lituzkete erdaldunoi eta euskaldunoi begira. Goenkale baino kapitulu sorta luzeagoa osa daiteke, euskaldunon menpekotasun egoeraren inguruan. Ekainaren 4an, Madrilgo Senatuan jazotako pasartea da beste adibide esanguratsu bat. Darias ministroaren agerraldian izan zen. Galderetarako txandan, EAJren ordezkariak galdera [&hellip;]<\/p>\n","protected":false},"author":26,"featured_media":0,"comment_status":"open","ping_status":"open","sticky":false,"template":"","format":"standard","meta":{"footnotes":""},"categories":[1],"tags":[32,38,63],"class_list":["post-159","post","type-post","status-publish","format-standard","hentry","category-sailkatu-gabea","tag-espainia","tag-euskaldunak","tag-menpekotasuna"],"yoast_head":"<!-- This site is optimized with the Yoast SEO plugin v27.3 - https:\/\/yoast.com\/product\/yoast-seo-wordpress\/ -->\n<title>Gainekoak eta azpikoak edo espainiarrekiko \u201calde bikotasuna\u201d kristauei azaldua - Arian-arian<\/title>\n<meta name=\"robots\" content=\"index, follow, max-snippet:-1, max-image-preview:large, max-video-preview:-1\" \/>\n<link rel=\"canonical\" href=\"https:\/\/blogak.argia.eus\/jj-agirre\/2020\/06\/11\/gainekoak-eta-azpikoak-edo-espainiarrekiko-alde-bikotasuna-kristauei-azaldua\/\" \/>\n<meta property=\"og:locale\" content=\"en_US\" \/>\n<meta property=\"og:type\" content=\"article\" \/>\n<meta property=\"og:title\" content=\"Gainekoak eta azpikoak edo espainiarrekiko \u201calde bikotasuna\u201d kristauei azaldua - Arian-arian\" \/>\n<meta property=\"og:description\" content=\"Epi eta Blas oraindik \u201cbiziko\u201d balira, gainekoak eta azpikoak edota ugazabak eta menpekoak kontzeptuak azaltzeko, hamaika adibide aurkituko lituzkete erdaldunoi eta euskaldunoi begira. Goenkale baino kapitulu sorta luzeagoa osa daiteke, euskaldunon menpekotasun egoeraren inguruan. Ekainaren 4an, Madrilgo Senatuan jazotako pasartea da beste adibide esanguratsu bat. Darias ministroaren agerraldian izan zen. Galderetarako txandan, EAJren ordezkariak galdera [&hellip;]\" \/>\n<meta property=\"og:url\" content=\"https:\/\/blogak.argia.eus\/jj-agirre\/2020\/06\/11\/gainekoak-eta-azpikoak-edo-espainiarrekiko-alde-bikotasuna-kristauei-azaldua\/\" \/>\n<meta property=\"og:site_name\" content=\"Arian-arian\" \/>\n<meta property=\"article:published_time\" content=\"2020-06-11T08:00:03+00:00\" \/>\n<meta property=\"og:image\" content=\"https:\/\/blogak.argia.eus\/jj-agirre\/wp-content\/uploads\/sites\/29\/2020\/06\/sumision-1-300x147.png\" \/>\n<meta name=\"author\" content=\"JJ Agirre\" \/>\n<meta name=\"twitter:card\" content=\"summary_large_image\" \/>\n<meta name=\"twitter:label1\" content=\"Written by\" \/>\n\t<meta name=\"twitter:data1\" content=\"JJ Agirre\" \/>\n\t<meta name=\"twitter:label2\" content=\"Est. reading time\" \/>\n\t<meta name=\"twitter:data2\" content=\"2 minutua\" \/>\n<script type=\"application\/ld+json\" class=\"yoast-schema-graph\">{\"@context\":\"https:\\\/\\\/schema.org\",\"@graph\":[{\"@type\":\"Article\",\"@id\":\"https:\\\/\\\/blogak.argia.eus\\\/jj-agirre\\\/2020\\\/06\\\/11\\\/gainekoak-eta-azpikoak-edo-espainiarrekiko-alde-bikotasuna-kristauei-azaldua\\\/#article\",\"isPartOf\":{\"@id\":\"https:\\\/\\\/blogak.argia.eus\\\/jj-agirre\\\/2020\\\/06\\\/11\\\/gainekoak-eta-azpikoak-edo-espainiarrekiko-alde-bikotasuna-kristauei-azaldua\\\/\"},\"author\":{\"name\":\"JJ Agirre\",\"@id\":\"https:\\\/\\\/blogak.argia.eus\\\/jj-agirre\\\/#\\\/schema\\\/person\\\/1f805f0bef991f770ab3c252b69261e1\"},\"headline\":\"Gainekoak eta azpikoak edo espainiarrekiko \u201calde bikotasuna\u201d kristauei azaldua\",\"datePublished\":\"2020-06-11T08:00:03+00:00\",\"mainEntityOfPage\":{\"@id\":\"https:\\\/\\\/blogak.argia.eus\\\/jj-agirre\\\/2020\\\/06\\\/11\\\/gainekoak-eta-azpikoak-edo-espainiarrekiko-alde-bikotasuna-kristauei-azaldua\\\/\"},\"wordCount\":502,\"commentCount\":1,\"image\":{\"@id\":\"https:\\\/\\\/blogak.argia.eus\\\/jj-agirre\\\/2020\\\/06\\\/11\\\/gainekoak-eta-azpikoak-edo-espainiarrekiko-alde-bikotasuna-kristauei-azaldua\\\/#primaryimage\"},\"thumbnailUrl\":\"https:\\\/\\\/blogak.argia.eus\\\/jj-agirre\\\/wp-content\\\/uploads\\\/sites\\\/29\\\/2020\\\/06\\\/sumision-1-300x147.png\",\"keywords\":[\"Espainia\",\"euskaldunak\",\"menpekotasuna\"],\"inLanguage\":\"eu\",\"potentialAction\":[{\"@type\":\"CommentAction\",\"name\":\"Comment\",\"target\":[\"https:\\\/\\\/blogak.argia.eus\\\/jj-agirre\\\/2020\\\/06\\\/11\\\/gainekoak-eta-azpikoak-edo-espainiarrekiko-alde-bikotasuna-kristauei-azaldua\\\/#respond\"]}]},{\"@type\":\"WebPage\",\"@id\":\"https:\\\/\\\/blogak.argia.eus\\\/jj-agirre\\\/2020\\\/06\\\/11\\\/gainekoak-eta-azpikoak-edo-espainiarrekiko-alde-bikotasuna-kristauei-azaldua\\\/\",\"url\":\"https:\\\/\\\/blogak.argia.eus\\\/jj-agirre\\\/2020\\\/06\\\/11\\\/gainekoak-eta-azpikoak-edo-espainiarrekiko-alde-bikotasuna-kristauei-azaldua\\\/\",\"name\":\"Gainekoak eta azpikoak edo espainiarrekiko \u201calde bikotasuna\u201d kristauei azaldua - Arian-arian\",\"isPartOf\":{\"@id\":\"https:\\\/\\\/blogak.argia.eus\\\/jj-agirre\\\/#website\"},\"primaryImageOfPage\":{\"@id\":\"https:\\\/\\\/blogak.argia.eus\\\/jj-agirre\\\/2020\\\/06\\\/11\\\/gainekoak-eta-azpikoak-edo-espainiarrekiko-alde-bikotasuna-kristauei-azaldua\\\/#primaryimage\"},\"image\":{\"@id\":\"https:\\\/\\\/blogak.argia.eus\\\/jj-agirre\\\/2020\\\/06\\\/11\\\/gainekoak-eta-azpikoak-edo-espainiarrekiko-alde-bikotasuna-kristauei-azaldua\\\/#primaryimage\"},\"thumbnailUrl\":\"https:\\\/\\\/blogak.argia.eus\\\/jj-agirre\\\/wp-content\\\/uploads\\\/sites\\\/29\\\/2020\\\/06\\\/sumision-1-300x147.png\",\"datePublished\":\"2020-06-11T08:00:03+00:00\",\"author\":{\"@id\":\"https:\\\/\\\/blogak.argia.eus\\\/jj-agirre\\\/#\\\/schema\\\/person\\\/1f805f0bef991f770ab3c252b69261e1\"},\"breadcrumb\":{\"@id\":\"https:\\\/\\\/blogak.argia.eus\\\/jj-agirre\\\/2020\\\/06\\\/11\\\/gainekoak-eta-azpikoak-edo-espainiarrekiko-alde-bikotasuna-kristauei-azaldua\\\/#breadcrumb\"},\"inLanguage\":\"eu\",\"potentialAction\":[{\"@type\":\"ReadAction\",\"target\":[\"https:\\\/\\\/blogak.argia.eus\\\/jj-agirre\\\/2020\\\/06\\\/11\\\/gainekoak-eta-azpikoak-edo-espainiarrekiko-alde-bikotasuna-kristauei-azaldua\\\/\"]}]},{\"@type\":\"ImageObject\",\"inLanguage\":\"eu\",\"@id\":\"https:\\\/\\\/blogak.argia.eus\\\/jj-agirre\\\/2020\\\/06\\\/11\\\/gainekoak-eta-azpikoak-edo-espainiarrekiko-alde-bikotasuna-kristauei-azaldua\\\/#primaryimage\",\"url\":\"https:\\\/\\\/blogak.argia.eus\\\/jj-agirre\\\/wp-content\\\/uploads\\\/sites\\\/29\\\/2020\\\/06\\\/sumision-1-300x147.png\",\"contentUrl\":\"https:\\\/\\\/blogak.argia.eus\\\/jj-agirre\\\/wp-content\\\/uploads\\\/sites\\\/29\\\/2020\\\/06\\\/sumision-1-300x147.png\"},{\"@type\":\"BreadcrumbList\",\"@id\":\"https:\\\/\\\/blogak.argia.eus\\\/jj-agirre\\\/2020\\\/06\\\/11\\\/gainekoak-eta-azpikoak-edo-espainiarrekiko-alde-bikotasuna-kristauei-azaldua\\\/#breadcrumb\",\"itemListElement\":[{\"@type\":\"ListItem\",\"position\":1,\"name\":\"Home\",\"item\":\"https:\\\/\\\/blogak.argia.eus\\\/jj-agirre\\\/\"},{\"@type\":\"ListItem\",\"position\":2,\"name\":\"Gainekoak eta azpikoak edo espainiarrekiko \u201calde bikotasuna\u201d kristauei azaldua\"}]},{\"@type\":\"WebSite\",\"@id\":\"https:\\\/\\\/blogak.argia.eus\\\/jj-agirre\\\/#website\",\"url\":\"https:\\\/\\\/blogak.argia.eus\\\/jj-agirre\\\/\",\"name\":\"Arian-arian\",\"description\":\"Euskaraz eta hartaz-eta\",\"potentialAction\":[{\"@type\":\"SearchAction\",\"target\":{\"@type\":\"EntryPoint\",\"urlTemplate\":\"https:\\\/\\\/blogak.argia.eus\\\/jj-agirre\\\/?s={search_term_string}\"},\"query-input\":{\"@type\":\"PropertyValueSpecification\",\"valueRequired\":true,\"valueName\":\"search_term_string\"}}],\"inLanguage\":\"eu\"},{\"@type\":\"Person\",\"@id\":\"https:\\\/\\\/blogak.argia.eus\\\/jj-agirre\\\/#\\\/schema\\\/person\\\/1f805f0bef991f770ab3c252b69261e1\",\"name\":\"JJ Agirre\",\"image\":{\"@type\":\"ImageObject\",\"inLanguage\":\"eu\",\"@id\":\"https:\\\/\\\/secure.gravatar.com\\\/avatar\\\/5b0f406304ac734c5c161eb3015d7c1879c5aa93f543df514bee539d54f24893?s=96&d=mm&r=g\",\"url\":\"https:\\\/\\\/secure.gravatar.com\\\/avatar\\\/5b0f406304ac734c5c161eb3015d7c1879c5aa93f543df514bee539d54f24893?s=96&d=mm&r=g\",\"contentUrl\":\"https:\\\/\\\/secure.gravatar.com\\\/avatar\\\/5b0f406304ac734c5c161eb3015d7c1879c5aa93f543df514bee539d54f24893?s=96&d=mm&r=g\",\"caption\":\"JJ Agirre\"},\"url\":\"https:\\\/\\\/blogak.argia.eus\\\/jj-agirre\\\/author\\\/jj-agirre\\\/\"}]}<\/script>\n<!-- \/ Yoast SEO plugin. -->","yoast_head_json":{"title":"Gainekoak eta azpikoak edo espainiarrekiko \u201calde bikotasuna\u201d kristauei azaldua - Arian-arian","robots":{"index":"index","follow":"follow","max-snippet":"max-snippet:-1","max-image-preview":"max-image-preview:large","max-video-preview":"max-video-preview:-1"},"canonical":"https:\/\/blogak.argia.eus\/jj-agirre\/2020\/06\/11\/gainekoak-eta-azpikoak-edo-espainiarrekiko-alde-bikotasuna-kristauei-azaldua\/","og_locale":"en_US","og_type":"article","og_title":"Gainekoak eta azpikoak edo espainiarrekiko \u201calde bikotasuna\u201d kristauei azaldua - Arian-arian","og_description":"Epi eta Blas oraindik \u201cbiziko\u201d balira, gainekoak eta azpikoak edota ugazabak eta menpekoak kontzeptuak azaltzeko, hamaika adibide aurkituko lituzkete erdaldunoi eta euskaldunoi begira. Goenkale baino kapitulu sorta luzeagoa osa daiteke, euskaldunon menpekotasun egoeraren inguruan. Ekainaren 4an, Madrilgo Senatuan jazotako pasartea da beste adibide esanguratsu bat. Darias ministroaren agerraldian izan zen. Galderetarako txandan, EAJren ordezkariak galdera [&hellip;]","og_url":"https:\/\/blogak.argia.eus\/jj-agirre\/2020\/06\/11\/gainekoak-eta-azpikoak-edo-espainiarrekiko-alde-bikotasuna-kristauei-azaldua\/","og_site_name":"Arian-arian","article_published_time":"2020-06-11T08:00:03+00:00","og_image":[{"url":"https:\/\/blogak.argia.eus\/jj-agirre\/wp-content\/uploads\/sites\/29\/2020\/06\/sumision-1-300x147.png","type":"","width":"","height":""}],"author":"JJ Agirre","twitter_card":"summary_large_image","twitter_misc":{"Written by":"JJ Agirre","Est. reading time":"2 minutua"},"schema":{"@context":"https:\/\/schema.org","@graph":[{"@type":"Article","@id":"https:\/\/blogak.argia.eus\/jj-agirre\/2020\/06\/11\/gainekoak-eta-azpikoak-edo-espainiarrekiko-alde-bikotasuna-kristauei-azaldua\/#article","isPartOf":{"@id":"https:\/\/blogak.argia.eus\/jj-agirre\/2020\/06\/11\/gainekoak-eta-azpikoak-edo-espainiarrekiko-alde-bikotasuna-kristauei-azaldua\/"},"author":{"name":"JJ Agirre","@id":"https:\/\/blogak.argia.eus\/jj-agirre\/#\/schema\/person\/1f805f0bef991f770ab3c252b69261e1"},"headline":"Gainekoak eta azpikoak edo espainiarrekiko \u201calde bikotasuna\u201d kristauei azaldua","datePublished":"2020-06-11T08:00:03+00:00","mainEntityOfPage":{"@id":"https:\/\/blogak.argia.eus\/jj-agirre\/2020\/06\/11\/gainekoak-eta-azpikoak-edo-espainiarrekiko-alde-bikotasuna-kristauei-azaldua\/"},"wordCount":502,"commentCount":1,"image":{"@id":"https:\/\/blogak.argia.eus\/jj-agirre\/2020\/06\/11\/gainekoak-eta-azpikoak-edo-espainiarrekiko-alde-bikotasuna-kristauei-azaldua\/#primaryimage"},"thumbnailUrl":"https:\/\/blogak.argia.eus\/jj-agirre\/wp-content\/uploads\/sites\/29\/2020\/06\/sumision-1-300x147.png","keywords":["Espainia","euskaldunak","menpekotasuna"],"inLanguage":"eu","potentialAction":[{"@type":"CommentAction","name":"Comment","target":["https:\/\/blogak.argia.eus\/jj-agirre\/2020\/06\/11\/gainekoak-eta-azpikoak-edo-espainiarrekiko-alde-bikotasuna-kristauei-azaldua\/#respond"]}]},{"@type":"WebPage","@id":"https:\/\/blogak.argia.eus\/jj-agirre\/2020\/06\/11\/gainekoak-eta-azpikoak-edo-espainiarrekiko-alde-bikotasuna-kristauei-azaldua\/","url":"https:\/\/blogak.argia.eus\/jj-agirre\/2020\/06\/11\/gainekoak-eta-azpikoak-edo-espainiarrekiko-alde-bikotasuna-kristauei-azaldua\/","name":"Gainekoak eta azpikoak edo espainiarrekiko \u201calde bikotasuna\u201d kristauei azaldua - Arian-arian","isPartOf":{"@id":"https:\/\/blogak.argia.eus\/jj-agirre\/#website"},"primaryImageOfPage":{"@id":"https:\/\/blogak.argia.eus\/jj-agirre\/2020\/06\/11\/gainekoak-eta-azpikoak-edo-espainiarrekiko-alde-bikotasuna-kristauei-azaldua\/#primaryimage"},"image":{"@id":"https:\/\/blogak.argia.eus\/jj-agirre\/2020\/06\/11\/gainekoak-eta-azpikoak-edo-espainiarrekiko-alde-bikotasuna-kristauei-azaldua\/#primaryimage"},"thumbnailUrl":"https:\/\/blogak.argia.eus\/jj-agirre\/wp-content\/uploads\/sites\/29\/2020\/06\/sumision-1-300x147.png","datePublished":"2020-06-11T08:00:03+00:00","author":{"@id":"https:\/\/blogak.argia.eus\/jj-agirre\/#\/schema\/person\/1f805f0bef991f770ab3c252b69261e1"},"breadcrumb":{"@id":"https:\/\/blogak.argia.eus\/jj-agirre\/2020\/06\/11\/gainekoak-eta-azpikoak-edo-espainiarrekiko-alde-bikotasuna-kristauei-azaldua\/#breadcrumb"},"inLanguage":"eu","potentialAction":[{"@type":"ReadAction","target":["https:\/\/blogak.argia.eus\/jj-agirre\/2020\/06\/11\/gainekoak-eta-azpikoak-edo-espainiarrekiko-alde-bikotasuna-kristauei-azaldua\/"]}]},{"@type":"ImageObject","inLanguage":"eu","@id":"https:\/\/blogak.argia.eus\/jj-agirre\/2020\/06\/11\/gainekoak-eta-azpikoak-edo-espainiarrekiko-alde-bikotasuna-kristauei-azaldua\/#primaryimage","url":"https:\/\/blogak.argia.eus\/jj-agirre\/wp-content\/uploads\/sites\/29\/2020\/06\/sumision-1-300x147.png","contentUrl":"https:\/\/blogak.argia.eus\/jj-agirre\/wp-content\/uploads\/sites\/29\/2020\/06\/sumision-1-300x147.png"},{"@type":"BreadcrumbList","@id":"https:\/\/blogak.argia.eus\/jj-agirre\/2020\/06\/11\/gainekoak-eta-azpikoak-edo-espainiarrekiko-alde-bikotasuna-kristauei-azaldua\/#breadcrumb","itemListElement":[{"@type":"ListItem","position":1,"name":"Home","item":"https:\/\/blogak.argia.eus\/jj-agirre\/"},{"@type":"ListItem","position":2,"name":"Gainekoak eta azpikoak edo espainiarrekiko \u201calde bikotasuna\u201d kristauei azaldua"}]},{"@type":"WebSite","@id":"https:\/\/blogak.argia.eus\/jj-agirre\/#website","url":"https:\/\/blogak.argia.eus\/jj-agirre\/","name":"Arian-arian","description":"Euskaraz eta hartaz-eta","potentialAction":[{"@type":"SearchAction","target":{"@type":"EntryPoint","urlTemplate":"https:\/\/blogak.argia.eus\/jj-agirre\/?s={search_term_string}"},"query-input":{"@type":"PropertyValueSpecification","valueRequired":true,"valueName":"search_term_string"}}],"inLanguage":"eu"},{"@type":"Person","@id":"https:\/\/blogak.argia.eus\/jj-agirre\/#\/schema\/person\/1f805f0bef991f770ab3c252b69261e1","name":"JJ Agirre","image":{"@type":"ImageObject","inLanguage":"eu","@id":"https:\/\/secure.gravatar.com\/avatar\/5b0f406304ac734c5c161eb3015d7c1879c5aa93f543df514bee539d54f24893?s=96&d=mm&r=g","url":"https:\/\/secure.gravatar.com\/avatar\/5b0f406304ac734c5c161eb3015d7c1879c5aa93f543df514bee539d54f24893?s=96&d=mm&r=g","contentUrl":"https:\/\/secure.gravatar.com\/avatar\/5b0f406304ac734c5c161eb3015d7c1879c5aa93f543df514bee539d54f24893?s=96&d=mm&r=g","caption":"JJ Agirre"},"url":"https:\/\/blogak.argia.eus\/jj-agirre\/author\/jj-agirre\/"}]}},"_links":{"self":[{"href":"https:\/\/blogak.argia.eus\/jj-agirre\/wp-json\/wp\/v2\/posts\/159","targetHints":{"allow":["GET"]}}],"collection":[{"href":"https:\/\/blogak.argia.eus\/jj-agirre\/wp-json\/wp\/v2\/posts"}],"about":[{"href":"https:\/\/blogak.argia.eus\/jj-agirre\/wp-json\/wp\/v2\/types\/post"}],"author":[{"embeddable":true,"href":"https:\/\/blogak.argia.eus\/jj-agirre\/wp-json\/wp\/v2\/users\/26"}],"replies":[{"embeddable":true,"href":"https:\/\/blogak.argia.eus\/jj-agirre\/wp-json\/wp\/v2\/comments?post=159"}],"version-history":[{"count":0,"href":"https:\/\/blogak.argia.eus\/jj-agirre\/wp-json\/wp\/v2\/posts\/159\/revisions"}],"wp:attachment":[{"href":"https:\/\/blogak.argia.eus\/jj-agirre\/wp-json\/wp\/v2\/media?parent=159"}],"wp:term":[{"taxonomy":"category","embeddable":true,"href":"https:\/\/blogak.argia.eus\/jj-agirre\/wp-json\/wp\/v2\/categories?post=159"},{"taxonomy":"post_tag","embeddable":true,"href":"https:\/\/blogak.argia.eus\/jj-agirre\/wp-json\/wp\/v2\/tags?post=159"}],"curies":[{"name":"wp","href":"https:\/\/api.w.org\/{rel}","templated":true}]}}