{"id":170,"date":"2020-07-05T17:36:28","date_gmt":"2020-07-05T15:36:28","guid":{"rendered":"http:\/\/www.argia.eus\/blogak\/jj-agirre\/?p=170"},"modified":"2020-07-05T17:36:28","modified_gmt":"2020-07-05T15:36:28","slug":"teneis-todo-el-derecho-a-hablar-en-euskera-pero","status":"publish","type":"post","link":"https:\/\/blogak.argia.eus\/jj-agirre\/2020\/07\/05\/teneis-todo-el-derecho-a-hablar-en-euskera-pero\/","title":{"rendered":"\u201cTen\u00e9is todo el derecho a hablar en euskera, pero\u2026\u201d"},"content":{"rendered":"<p><strong><img loading=\"lazy\" decoding=\"async\" class=\"alignnone size-full wp-image-171\" src=\"https:\/\/blogak.argia.eus\/jj-agirre\/wp-content\/uploads\/sites\/29\/2020\/07\/OtsoArdiLarruz.jpg\" alt=\"\" width=\"275\" height=\"183\" \/>\u00a0<\/strong><\/p>\n<p>\u201cYo creo que por supuesto que ten\u00e9is todo el derecho a hablar en euskera, pero a la vez entender que la barrera idiom\u00e1tica hace que no llegu\u00e9is a muchos que por esa barrera no nos enteramos ni papa, no se puede tener todo\u201d.<\/p>\n<p><strong>Bertoko erdaldun \u201ctxit kosmopolita\u201d baten hitzak dira<\/strong>. Oso ohikoak bestalde; nonahi eta noiznahi entzun daitezkeen horietakoak, euskaldun bat, \u201ckosmopolita\u201d erdaldun elebakarren aurrean euskaraz hitz egitera ausartuz gero.<\/p>\n<p><strong>Bertoko erdaldun gehien-gehienek, euskaraz hitz egiteko baimena ematen digute\u2026 \u201cbaldin eta\u201d<\/strong>.<\/p>\n<p>Baldin eta, euretariko bat inguruan ez badabil. Baita hamarreko koadrilla batean \u201ckosmopolita\u201d hori bada euskaraz ulertu ere egiten ez duen bakarra. Edo ulertu arren, ahalegina eskatzen dionez gero, ulertu ere egiten ez duela esaten duen horietakoa bada.<\/p>\n<p>Bertoko erdaldun \u201cprogreenek\u201d ere, euskaraz egiteko baimena ematen digute\u2026 baldin eta intimitatean egiten badugu euskaraz. Horrela pentsatu, eta sarri, esan ere egiten dute.<br \/>\nOkerrena da, euskaldun askok onartu egiten duela irizpide hori, baita hezurretaraino barneratu ere.<\/p>\n<p><strong>Euskaraz jarduteko eskubidea daukagu erdaldunek emandako neurrian<\/strong>. Kitto. Erdaldunak molestatu gabe beti ere. Ugazabak eurak baitira, eta morroiak gu geu, onartzea atsegina ez bada ere.<\/p>\n<p>Arazorik handiena ez da ugazaba erdaldunen nagusikeria baina.<\/p>\n<p>Lanpostu batean jarduteko euskara exijitzea \u201cinposaketa eta diskriminazio\u201d onartezinak ei dira, baina lanpostu guztietan jarduteko espa\u00f1ola edo frantsesa exijitzea, naturala, bidezkoa eta logikoa, denok baitakigu erdaraz\u2026 mendetako inposaketa-politikaren ondorioz.<\/p>\n<p><strong>Euskaldunon artean hain zabalduta dagoen morrontzarako joera<\/strong> da arazorik handiena halere. Sumisioari \u201cedukazio\u201d esateko ohitura hedatua. Arrotza beti eroso senti dadin, burua makurtu eta gure eskubide oinarrizkoenak bazterrera uzteko jardun madarikatua. Halanola, oraindik euskaldun izatearen harrotasuna gordetzen duten euskaldun apurrak gaitzestekoa, harrapazank!<\/p>\n<p>Noiz arte Tom Osabarenak egitea? Noizko INTSUMISIOA?<\/p>\n","protected":false},"excerpt":{"rendered":"<p>\u00a0 \u201cYo creo que por supuesto que ten\u00e9is todo el derecho a hablar en euskera, pero a la vez entender que la barrera idiom\u00e1tica hace que no llegu\u00e9is a muchos que por esa barrera no nos enteramos ni papa, no se puede tener todo\u201d. Bertoko erdaldun \u201ctxit kosmopolita\u201d baten hitzak dira. Oso ohikoak bestalde; nonahi [&hellip;]<\/p>\n","protected":false},"author":26,"featured_media":0,"comment_status":"open","ping_status":"open","sticky":false,"template":"","format":"standard","meta":{"footnotes":""},"categories":[1],"tags":[47,63,67],"class_list":["post-170","post","type-post","status-publish","format-standard","hentry","category-sailkatu-gabea","tag-hizkuntz-eskubideak","tag-menpekotasuna","tag-nagusikeria"],"yoast_head":"<!-- This site is optimized with the Yoast SEO plugin v27.3 - https:\/\/yoast.com\/product\/yoast-seo-wordpress\/ -->\n<title>\u201cTen\u00e9is todo el derecho a hablar en euskera, pero\u2026\u201d - Arian-arian<\/title>\n<meta name=\"robots\" content=\"index, follow, max-snippet:-1, max-image-preview:large, max-video-preview:-1\" \/>\n<link rel=\"canonical\" href=\"https:\/\/blogak.argia.eus\/jj-agirre\/2020\/07\/05\/teneis-todo-el-derecho-a-hablar-en-euskera-pero\/\" \/>\n<meta property=\"og:locale\" content=\"en_US\" \/>\n<meta property=\"og:type\" content=\"article\" \/>\n<meta property=\"og:title\" content=\"\u201cTen\u00e9is todo el derecho a hablar en euskera, pero\u2026\u201d - Arian-arian\" \/>\n<meta property=\"og:description\" content=\"\u00a0 \u201cYo creo que por supuesto que ten\u00e9is todo el derecho a hablar en euskera, pero a la vez entender que la barrera idiom\u00e1tica hace que no llegu\u00e9is a muchos que por esa barrera no nos enteramos ni papa, no se puede tener todo\u201d. Bertoko erdaldun \u201ctxit kosmopolita\u201d baten hitzak dira. Oso ohikoak bestalde; nonahi [&hellip;]\" \/>\n<meta property=\"og:url\" content=\"https:\/\/blogak.argia.eus\/jj-agirre\/2020\/07\/05\/teneis-todo-el-derecho-a-hablar-en-euskera-pero\/\" \/>\n<meta property=\"og:site_name\" content=\"Arian-arian\" \/>\n<meta property=\"article:published_time\" content=\"2020-07-05T15:36:28+00:00\" \/>\n<meta property=\"og:image\" content=\"https:\/\/blogak.argia.eus\/jj-agirre\/wp-content\/uploads\/sites\/29\/2020\/07\/OtsoArdiLarruz.jpg\" \/>\n<meta name=\"author\" content=\"JJ Agirre\" \/>\n<meta name=\"twitter:card\" content=\"summary_large_image\" \/>\n<meta name=\"twitter:label1\" content=\"Written by\" \/>\n\t<meta name=\"twitter:data1\" content=\"JJ Agirre\" \/>\n\t<meta name=\"twitter:label2\" content=\"Est. reading time\" \/>\n\t<meta name=\"twitter:data2\" content=\"1 minutua\" \/>\n<script type=\"application\/ld+json\" class=\"yoast-schema-graph\">{\"@context\":\"https:\\\/\\\/schema.org\",\"@graph\":[{\"@type\":\"Article\",\"@id\":\"https:\\\/\\\/blogak.argia.eus\\\/jj-agirre\\\/2020\\\/07\\\/05\\\/teneis-todo-el-derecho-a-hablar-en-euskera-pero\\\/#article\",\"isPartOf\":{\"@id\":\"https:\\\/\\\/blogak.argia.eus\\\/jj-agirre\\\/2020\\\/07\\\/05\\\/teneis-todo-el-derecho-a-hablar-en-euskera-pero\\\/\"},\"author\":{\"name\":\"JJ Agirre\",\"@id\":\"https:\\\/\\\/blogak.argia.eus\\\/jj-agirre\\\/#\\\/schema\\\/person\\\/1f805f0bef991f770ab3c252b69261e1\"},\"headline\":\"\u201cTen\u00e9is todo el derecho a hablar en euskera, pero\u2026\u201d\",\"datePublished\":\"2020-07-05T15:36:28+00:00\",\"mainEntityOfPage\":{\"@id\":\"https:\\\/\\\/blogak.argia.eus\\\/jj-agirre\\\/2020\\\/07\\\/05\\\/teneis-todo-el-derecho-a-hablar-en-euskera-pero\\\/\"},\"wordCount\":279,\"commentCount\":1,\"image\":{\"@id\":\"https:\\\/\\\/blogak.argia.eus\\\/jj-agirre\\\/2020\\\/07\\\/05\\\/teneis-todo-el-derecho-a-hablar-en-euskera-pero\\\/#primaryimage\"},\"thumbnailUrl\":\"https:\\\/\\\/blogak.argia.eus\\\/jj-agirre\\\/wp-content\\\/uploads\\\/sites\\\/29\\\/2020\\\/07\\\/OtsoArdiLarruz.jpg\",\"keywords\":[\"hizkuntz eskubideak\",\"menpekotasuna\",\"nagusikeria\"],\"inLanguage\":\"eu\",\"potentialAction\":[{\"@type\":\"CommentAction\",\"name\":\"Comment\",\"target\":[\"https:\\\/\\\/blogak.argia.eus\\\/jj-agirre\\\/2020\\\/07\\\/05\\\/teneis-todo-el-derecho-a-hablar-en-euskera-pero\\\/#respond\"]}]},{\"@type\":\"WebPage\",\"@id\":\"https:\\\/\\\/blogak.argia.eus\\\/jj-agirre\\\/2020\\\/07\\\/05\\\/teneis-todo-el-derecho-a-hablar-en-euskera-pero\\\/\",\"url\":\"https:\\\/\\\/blogak.argia.eus\\\/jj-agirre\\\/2020\\\/07\\\/05\\\/teneis-todo-el-derecho-a-hablar-en-euskera-pero\\\/\",\"name\":\"\u201cTen\u00e9is todo el derecho a hablar en euskera, pero\u2026\u201d - Arian-arian\",\"isPartOf\":{\"@id\":\"https:\\\/\\\/blogak.argia.eus\\\/jj-agirre\\\/#website\"},\"primaryImageOfPage\":{\"@id\":\"https:\\\/\\\/blogak.argia.eus\\\/jj-agirre\\\/2020\\\/07\\\/05\\\/teneis-todo-el-derecho-a-hablar-en-euskera-pero\\\/#primaryimage\"},\"image\":{\"@id\":\"https:\\\/\\\/blogak.argia.eus\\\/jj-agirre\\\/2020\\\/07\\\/05\\\/teneis-todo-el-derecho-a-hablar-en-euskera-pero\\\/#primaryimage\"},\"thumbnailUrl\":\"https:\\\/\\\/blogak.argia.eus\\\/jj-agirre\\\/wp-content\\\/uploads\\\/sites\\\/29\\\/2020\\\/07\\\/OtsoArdiLarruz.jpg\",\"datePublished\":\"2020-07-05T15:36:28+00:00\",\"author\":{\"@id\":\"https:\\\/\\\/blogak.argia.eus\\\/jj-agirre\\\/#\\\/schema\\\/person\\\/1f805f0bef991f770ab3c252b69261e1\"},\"breadcrumb\":{\"@id\":\"https:\\\/\\\/blogak.argia.eus\\\/jj-agirre\\\/2020\\\/07\\\/05\\\/teneis-todo-el-derecho-a-hablar-en-euskera-pero\\\/#breadcrumb\"},\"inLanguage\":\"eu\",\"potentialAction\":[{\"@type\":\"ReadAction\",\"target\":[\"https:\\\/\\\/blogak.argia.eus\\\/jj-agirre\\\/2020\\\/07\\\/05\\\/teneis-todo-el-derecho-a-hablar-en-euskera-pero\\\/\"]}]},{\"@type\":\"ImageObject\",\"inLanguage\":\"eu\",\"@id\":\"https:\\\/\\\/blogak.argia.eus\\\/jj-agirre\\\/2020\\\/07\\\/05\\\/teneis-todo-el-derecho-a-hablar-en-euskera-pero\\\/#primaryimage\",\"url\":\"https:\\\/\\\/blogak.argia.eus\\\/jj-agirre\\\/wp-content\\\/uploads\\\/sites\\\/29\\\/2020\\\/07\\\/OtsoArdiLarruz.jpg\",\"contentUrl\":\"https:\\\/\\\/blogak.argia.eus\\\/jj-agirre\\\/wp-content\\\/uploads\\\/sites\\\/29\\\/2020\\\/07\\\/OtsoArdiLarruz.jpg\"},{\"@type\":\"BreadcrumbList\",\"@id\":\"https:\\\/\\\/blogak.argia.eus\\\/jj-agirre\\\/2020\\\/07\\\/05\\\/teneis-todo-el-derecho-a-hablar-en-euskera-pero\\\/#breadcrumb\",\"itemListElement\":[{\"@type\":\"ListItem\",\"position\":1,\"name\":\"Home\",\"item\":\"https:\\\/\\\/blogak.argia.eus\\\/jj-agirre\\\/\"},{\"@type\":\"ListItem\",\"position\":2,\"name\":\"\u201cTen\u00e9is todo el derecho a hablar en euskera, pero\u2026\u201d\"}]},{\"@type\":\"WebSite\",\"@id\":\"https:\\\/\\\/blogak.argia.eus\\\/jj-agirre\\\/#website\",\"url\":\"https:\\\/\\\/blogak.argia.eus\\\/jj-agirre\\\/\",\"name\":\"Arian-arian\",\"description\":\"Euskaraz eta hartaz-eta\",\"potentialAction\":[{\"@type\":\"SearchAction\",\"target\":{\"@type\":\"EntryPoint\",\"urlTemplate\":\"https:\\\/\\\/blogak.argia.eus\\\/jj-agirre\\\/?s={search_term_string}\"},\"query-input\":{\"@type\":\"PropertyValueSpecification\",\"valueRequired\":true,\"valueName\":\"search_term_string\"}}],\"inLanguage\":\"eu\"},{\"@type\":\"Person\",\"@id\":\"https:\\\/\\\/blogak.argia.eus\\\/jj-agirre\\\/#\\\/schema\\\/person\\\/1f805f0bef991f770ab3c252b69261e1\",\"name\":\"JJ Agirre\",\"image\":{\"@type\":\"ImageObject\",\"inLanguage\":\"eu\",\"@id\":\"https:\\\/\\\/secure.gravatar.com\\\/avatar\\\/5b0f406304ac734c5c161eb3015d7c1879c5aa93f543df514bee539d54f24893?s=96&d=mm&r=g\",\"url\":\"https:\\\/\\\/secure.gravatar.com\\\/avatar\\\/5b0f406304ac734c5c161eb3015d7c1879c5aa93f543df514bee539d54f24893?s=96&d=mm&r=g\",\"contentUrl\":\"https:\\\/\\\/secure.gravatar.com\\\/avatar\\\/5b0f406304ac734c5c161eb3015d7c1879c5aa93f543df514bee539d54f24893?s=96&d=mm&r=g\",\"caption\":\"JJ Agirre\"},\"url\":\"https:\\\/\\\/blogak.argia.eus\\\/jj-agirre\\\/author\\\/jj-agirre\\\/\"}]}<\/script>\n<!-- \/ Yoast SEO plugin. -->","yoast_head_json":{"title":"\u201cTen\u00e9is todo el derecho a hablar en euskera, pero\u2026\u201d - Arian-arian","robots":{"index":"index","follow":"follow","max-snippet":"max-snippet:-1","max-image-preview":"max-image-preview:large","max-video-preview":"max-video-preview:-1"},"canonical":"https:\/\/blogak.argia.eus\/jj-agirre\/2020\/07\/05\/teneis-todo-el-derecho-a-hablar-en-euskera-pero\/","og_locale":"en_US","og_type":"article","og_title":"\u201cTen\u00e9is todo el derecho a hablar en euskera, pero\u2026\u201d - Arian-arian","og_description":"\u00a0 \u201cYo creo que por supuesto que ten\u00e9is todo el derecho a hablar en euskera, pero a la vez entender que la barrera idiom\u00e1tica hace que no llegu\u00e9is a muchos que por esa barrera no nos enteramos ni papa, no se puede tener todo\u201d. Bertoko erdaldun \u201ctxit kosmopolita\u201d baten hitzak dira. Oso ohikoak bestalde; nonahi [&hellip;]","og_url":"https:\/\/blogak.argia.eus\/jj-agirre\/2020\/07\/05\/teneis-todo-el-derecho-a-hablar-en-euskera-pero\/","og_site_name":"Arian-arian","article_published_time":"2020-07-05T15:36:28+00:00","og_image":[{"url":"https:\/\/blogak.argia.eus\/jj-agirre\/wp-content\/uploads\/sites\/29\/2020\/07\/OtsoArdiLarruz.jpg","type":"","width":"","height":""}],"author":"JJ Agirre","twitter_card":"summary_large_image","twitter_misc":{"Written by":"JJ Agirre","Est. reading time":"1 minutua"},"schema":{"@context":"https:\/\/schema.org","@graph":[{"@type":"Article","@id":"https:\/\/blogak.argia.eus\/jj-agirre\/2020\/07\/05\/teneis-todo-el-derecho-a-hablar-en-euskera-pero\/#article","isPartOf":{"@id":"https:\/\/blogak.argia.eus\/jj-agirre\/2020\/07\/05\/teneis-todo-el-derecho-a-hablar-en-euskera-pero\/"},"author":{"name":"JJ Agirre","@id":"https:\/\/blogak.argia.eus\/jj-agirre\/#\/schema\/person\/1f805f0bef991f770ab3c252b69261e1"},"headline":"\u201cTen\u00e9is todo el derecho a hablar en euskera, pero\u2026\u201d","datePublished":"2020-07-05T15:36:28+00:00","mainEntityOfPage":{"@id":"https:\/\/blogak.argia.eus\/jj-agirre\/2020\/07\/05\/teneis-todo-el-derecho-a-hablar-en-euskera-pero\/"},"wordCount":279,"commentCount":1,"image":{"@id":"https:\/\/blogak.argia.eus\/jj-agirre\/2020\/07\/05\/teneis-todo-el-derecho-a-hablar-en-euskera-pero\/#primaryimage"},"thumbnailUrl":"https:\/\/blogak.argia.eus\/jj-agirre\/wp-content\/uploads\/sites\/29\/2020\/07\/OtsoArdiLarruz.jpg","keywords":["hizkuntz eskubideak","menpekotasuna","nagusikeria"],"inLanguage":"eu","potentialAction":[{"@type":"CommentAction","name":"Comment","target":["https:\/\/blogak.argia.eus\/jj-agirre\/2020\/07\/05\/teneis-todo-el-derecho-a-hablar-en-euskera-pero\/#respond"]}]},{"@type":"WebPage","@id":"https:\/\/blogak.argia.eus\/jj-agirre\/2020\/07\/05\/teneis-todo-el-derecho-a-hablar-en-euskera-pero\/","url":"https:\/\/blogak.argia.eus\/jj-agirre\/2020\/07\/05\/teneis-todo-el-derecho-a-hablar-en-euskera-pero\/","name":"\u201cTen\u00e9is todo el derecho a hablar en euskera, pero\u2026\u201d - Arian-arian","isPartOf":{"@id":"https:\/\/blogak.argia.eus\/jj-agirre\/#website"},"primaryImageOfPage":{"@id":"https:\/\/blogak.argia.eus\/jj-agirre\/2020\/07\/05\/teneis-todo-el-derecho-a-hablar-en-euskera-pero\/#primaryimage"},"image":{"@id":"https:\/\/blogak.argia.eus\/jj-agirre\/2020\/07\/05\/teneis-todo-el-derecho-a-hablar-en-euskera-pero\/#primaryimage"},"thumbnailUrl":"https:\/\/blogak.argia.eus\/jj-agirre\/wp-content\/uploads\/sites\/29\/2020\/07\/OtsoArdiLarruz.jpg","datePublished":"2020-07-05T15:36:28+00:00","author":{"@id":"https:\/\/blogak.argia.eus\/jj-agirre\/#\/schema\/person\/1f805f0bef991f770ab3c252b69261e1"},"breadcrumb":{"@id":"https:\/\/blogak.argia.eus\/jj-agirre\/2020\/07\/05\/teneis-todo-el-derecho-a-hablar-en-euskera-pero\/#breadcrumb"},"inLanguage":"eu","potentialAction":[{"@type":"ReadAction","target":["https:\/\/blogak.argia.eus\/jj-agirre\/2020\/07\/05\/teneis-todo-el-derecho-a-hablar-en-euskera-pero\/"]}]},{"@type":"ImageObject","inLanguage":"eu","@id":"https:\/\/blogak.argia.eus\/jj-agirre\/2020\/07\/05\/teneis-todo-el-derecho-a-hablar-en-euskera-pero\/#primaryimage","url":"https:\/\/blogak.argia.eus\/jj-agirre\/wp-content\/uploads\/sites\/29\/2020\/07\/OtsoArdiLarruz.jpg","contentUrl":"https:\/\/blogak.argia.eus\/jj-agirre\/wp-content\/uploads\/sites\/29\/2020\/07\/OtsoArdiLarruz.jpg"},{"@type":"BreadcrumbList","@id":"https:\/\/blogak.argia.eus\/jj-agirre\/2020\/07\/05\/teneis-todo-el-derecho-a-hablar-en-euskera-pero\/#breadcrumb","itemListElement":[{"@type":"ListItem","position":1,"name":"Home","item":"https:\/\/blogak.argia.eus\/jj-agirre\/"},{"@type":"ListItem","position":2,"name":"\u201cTen\u00e9is todo el derecho a hablar en euskera, pero\u2026\u201d"}]},{"@type":"WebSite","@id":"https:\/\/blogak.argia.eus\/jj-agirre\/#website","url":"https:\/\/blogak.argia.eus\/jj-agirre\/","name":"Arian-arian","description":"Euskaraz eta hartaz-eta","potentialAction":[{"@type":"SearchAction","target":{"@type":"EntryPoint","urlTemplate":"https:\/\/blogak.argia.eus\/jj-agirre\/?s={search_term_string}"},"query-input":{"@type":"PropertyValueSpecification","valueRequired":true,"valueName":"search_term_string"}}],"inLanguage":"eu"},{"@type":"Person","@id":"https:\/\/blogak.argia.eus\/jj-agirre\/#\/schema\/person\/1f805f0bef991f770ab3c252b69261e1","name":"JJ Agirre","image":{"@type":"ImageObject","inLanguage":"eu","@id":"https:\/\/secure.gravatar.com\/avatar\/5b0f406304ac734c5c161eb3015d7c1879c5aa93f543df514bee539d54f24893?s=96&d=mm&r=g","url":"https:\/\/secure.gravatar.com\/avatar\/5b0f406304ac734c5c161eb3015d7c1879c5aa93f543df514bee539d54f24893?s=96&d=mm&r=g","contentUrl":"https:\/\/secure.gravatar.com\/avatar\/5b0f406304ac734c5c161eb3015d7c1879c5aa93f543df514bee539d54f24893?s=96&d=mm&r=g","caption":"JJ Agirre"},"url":"https:\/\/blogak.argia.eus\/jj-agirre\/author\/jj-agirre\/"}]}},"_links":{"self":[{"href":"https:\/\/blogak.argia.eus\/jj-agirre\/wp-json\/wp\/v2\/posts\/170","targetHints":{"allow":["GET"]}}],"collection":[{"href":"https:\/\/blogak.argia.eus\/jj-agirre\/wp-json\/wp\/v2\/posts"}],"about":[{"href":"https:\/\/blogak.argia.eus\/jj-agirre\/wp-json\/wp\/v2\/types\/post"}],"author":[{"embeddable":true,"href":"https:\/\/blogak.argia.eus\/jj-agirre\/wp-json\/wp\/v2\/users\/26"}],"replies":[{"embeddable":true,"href":"https:\/\/blogak.argia.eus\/jj-agirre\/wp-json\/wp\/v2\/comments?post=170"}],"version-history":[{"count":0,"href":"https:\/\/blogak.argia.eus\/jj-agirre\/wp-json\/wp\/v2\/posts\/170\/revisions"}],"wp:attachment":[{"href":"https:\/\/blogak.argia.eus\/jj-agirre\/wp-json\/wp\/v2\/media?parent=170"}],"wp:term":[{"taxonomy":"category","embeddable":true,"href":"https:\/\/blogak.argia.eus\/jj-agirre\/wp-json\/wp\/v2\/categories?post=170"},{"taxonomy":"post_tag","embeddable":true,"href":"https:\/\/blogak.argia.eus\/jj-agirre\/wp-json\/wp\/v2\/tags?post=170"}],"curies":[{"name":"wp","href":"https:\/\/api.w.org\/{rel}","templated":true}]}}