{"id":184,"date":"2020-11-21T12:56:42","date_gmt":"2020-11-21T11:56:42","guid":{"rendered":"http:\/\/www.argia.eus\/blogak\/jj-agirre\/?p=184"},"modified":"2020-11-21T12:56:42","modified_gmt":"2020-11-21T11:56:42","slug":"eroski-espainiakoa-da-unionista","status":"publish","type":"post","link":"https:\/\/blogak.argia.eus\/jj-agirre\/2020\/11\/21\/eroski-espainiakoa-da-unionista\/","title":{"rendered":"Eroski (ere) Espainiakoa da, unionista"},"content":{"rendered":"<p><strong><img loading=\"lazy\" decoding=\"async\" class=\"alignnone size-medium wp-image-185\" src=\"https:\/\/blogak.argia.eus\/jj-agirre\/wp-content\/uploads\/sites\/29\/2020\/11\/Eroski-Espa\u00f1a-300x168.jpg\" alt=\"\" width=\"300\" height=\"168\" \/><br \/>\nAski daukat. Ez naiz itzuliko<\/strong>. Ez behintzat politika espa\u00f1olizatzaile lotsagabea alde batera uzten ez duten arte.<br \/>\nEroskin euskaldunak beti izan gara\u00a0<strong>bigarren mailako bezeroak<\/strong>, katalanak edota galegoak bezala. Eta zer esan Espainiako erreinuan azkenetan dauden beste herrietako bezeroez\u2026 Horiek bigarren mailakoak ez, egon ere ez daude Eroskiren radarrean.<br \/>\nEroskin erosten nuen sarri, Euskal Herriko enpresatzat neukalako, areago, euskaldunon enpresatzat irudikatzen nuen, ebidentziak kontrakoa esan arren. Luze jo du, baina agortu zait pazientzia. Eroski Espainiakoa bada, berdin dio beste edozein saltoki arrotzera jotzea.<br \/>\n<strong>Eta aukeran noski, bertoko saltoki txiki euskaldunetara<\/strong>, askoz hobeto.<br \/>\nEroskin zelofana ele bietan, baina edukiak espa\u00f1ol hutsez daude. Produktu guztien izenak espa\u00f1ol hutsez, langileetako asko ez dira elkarrizketarik xinpleenak ere ulertzeko gauza, eta espa\u00f1olez eginarazten diete bezeroei. Eta azkena, banderitak jartzeko moda unionista\u2026<br \/>\n<strong>Ikurri\u00f1ak haizeak eraman ditu Nafarroako Eroskiren saltokietatik<\/strong>. Aldi batez, ikurri\u00f1ak eta Nafarroako banderitak, biak zeuden (tristea hori ere), baina beste urrats bat eman du Eroskik espa\u00f1olizaziorantz. Ikurri\u00f1ak erautsi ditu \u201cEuskadiko\u201d produktuetatik, eta Albacetekoei, Zamorakoei edo Madrilekoei ematen dien tratu bera ematen die. Banderatxoekin nabarmendutako produktu bakarrak Nafarroakoak dira.<br \/>\n\u201cEuskadin\u201d alderantziz. Nafarroako banderatxorik ez, ikurri\u00f1ak soilik, eta bakarrik \u201cEuskadiko\u201d produktuetan.<br \/>\nGipuzkoarrak, bizkaitarrak, arabarrak, eta zer esanik ez Bidasoaz besteladeko euskal herritarrak, kanpotar gisa hartuak dira Nafarroako Eroskin. EAEn aldiz, nafarrak (eta Bidasoaz bestaldekoak beti) dira arrotzak.<br \/>\n<strong>Despeditzera joan naiz gaur herriko Eroskira<\/strong>, eta kexa jartzera, baina esaten didate hemen ez, gisa horretako kexak \u201cbezeroarekiko arreta\u201d delakoaren bitartez kudeatzen direla, eta Bizkaiko telefono bat eman didate: <strong>944.943.444<\/strong>. Deitu dut bertara, eta hara \u201custekabea\u201d, erantzungailu automatikoak espa\u00f1olez hartu nau, euskarazko arreta jasotzeko aukerarik eman gabe gainera. Robot castellanoaren atzetik telefonoa hartu duen pertsona ere, erdaldun elebakarra. Esan diot euskarazko arreta nahi nuela, eta erantzun dit telefonoa emateko, handik tarte batera euskaldun batek (zer daukate, bakarra?) deituko zidala. Eta handik ordu laurdenera edo deitu dit Eroskiko euskaldunak, emakume gazte jator askoa. Esan dizkiot gutxi gorabehera hemen idatzitakoak, eta barkamena eskatu dit, \u201cEroskiren izenean\u201d. Eskertu diot barka eskea, baina uste dut berea zela, eta ez Eroskirena.<br \/>\nSentitzen dut Eroskikide diren euskaldunengatik, baina banoa. Eta gure etxekoak ere bai, ziurrenik. Itzul gaitezen inongo interesik balute, badakite \/ badaukate zer egin.<\/p>\n<div id=\"sare-sozialak\" class=\"jssocials\">\n<div class=\"jssocials-shares\">\n<div class=\"jssocials-share jssocials-share-twitter\"><\/div>\n<\/div>\n<\/div>\n","protected":false},"excerpt":{"rendered":"<p>Aski daukat. Ez naiz itzuliko. Ez behintzat politika espa\u00f1olizatzaile lotsagabea alde batera uzten ez duten arte. Eroskin euskaldunak beti izan gara\u00a0bigarren mailako bezeroak, katalanak edota galegoak bezala. Eta zer esan Espainiako erreinuan azkenetan dauden beste herrietako bezeroez\u2026 Horiek bigarren mailakoak ez, egon ere ez daude Eroskiren radarrean. Eroskin erosten nuen sarri, Euskal Herriko enpresatzat neukalako, [&hellip;]<\/p>\n","protected":false},"author":26,"featured_media":0,"comment_status":"open","ping_status":"open","sticky":false,"template":"","format":"standard","meta":{"footnotes":""},"categories":[4],"tags":[29,30,32,79],"class_list":["post-184","post","type-post","status-publish","format-standard","hentry","category-koxkorretaraino","tag-erdaltzalea","tag-eroski","tag-espainia","tag-unionista"],"yoast_head":"<!-- This site is optimized with the Yoast SEO plugin v27.3 - https:\/\/yoast.com\/product\/yoast-seo-wordpress\/ -->\n<title>Eroski (ere) Espainiakoa da, unionista - Arian-arian<\/title>\n<meta name=\"robots\" content=\"index, follow, max-snippet:-1, max-image-preview:large, max-video-preview:-1\" \/>\n<link rel=\"canonical\" href=\"https:\/\/blogak.argia.eus\/jj-agirre\/2020\/11\/21\/eroski-espainiakoa-da-unionista\/\" \/>\n<meta property=\"og:locale\" content=\"en_US\" \/>\n<meta property=\"og:type\" content=\"article\" \/>\n<meta property=\"og:title\" content=\"Eroski (ere) Espainiakoa da, unionista - Arian-arian\" \/>\n<meta property=\"og:description\" content=\"Aski daukat. Ez naiz itzuliko. Ez behintzat politika espa\u00f1olizatzaile lotsagabea alde batera uzten ez duten arte. Eroskin euskaldunak beti izan gara\u00a0bigarren mailako bezeroak, katalanak edota galegoak bezala. Eta zer esan Espainiako erreinuan azkenetan dauden beste herrietako bezeroez\u2026 Horiek bigarren mailakoak ez, egon ere ez daude Eroskiren radarrean. Eroskin erosten nuen sarri, Euskal Herriko enpresatzat neukalako, [&hellip;]\" \/>\n<meta property=\"og:url\" content=\"https:\/\/blogak.argia.eus\/jj-agirre\/2020\/11\/21\/eroski-espainiakoa-da-unionista\/\" \/>\n<meta property=\"og:site_name\" content=\"Arian-arian\" \/>\n<meta property=\"article:published_time\" content=\"2020-11-21T11:56:42+00:00\" \/>\n<meta property=\"og:image\" content=\"https:\/\/blogak.argia.eus\/jj-agirre\/wp-content\/uploads\/sites\/29\/2020\/11\/Eroski-Espa\u00f1a-300x168.jpg\" \/>\n<meta name=\"author\" content=\"JJ Agirre\" \/>\n<meta name=\"twitter:card\" content=\"summary_large_image\" \/>\n<meta name=\"twitter:label1\" content=\"Written by\" \/>\n\t<meta name=\"twitter:data1\" content=\"JJ Agirre\" \/>\n\t<meta name=\"twitter:label2\" content=\"Est. reading time\" \/>\n\t<meta name=\"twitter:data2\" content=\"2 minutua\" \/>\n<script type=\"application\/ld+json\" class=\"yoast-schema-graph\">{\"@context\":\"https:\\\/\\\/schema.org\",\"@graph\":[{\"@type\":\"Article\",\"@id\":\"https:\\\/\\\/blogak.argia.eus\\\/jj-agirre\\\/2020\\\/11\\\/21\\\/eroski-espainiakoa-da-unionista\\\/#article\",\"isPartOf\":{\"@id\":\"https:\\\/\\\/blogak.argia.eus\\\/jj-agirre\\\/2020\\\/11\\\/21\\\/eroski-espainiakoa-da-unionista\\\/\"},\"author\":{\"name\":\"JJ Agirre\",\"@id\":\"https:\\\/\\\/blogak.argia.eus\\\/jj-agirre\\\/#\\\/schema\\\/person\\\/1f805f0bef991f770ab3c252b69261e1\"},\"headline\":\"Eroski (ere) Espainiakoa da, unionista\",\"datePublished\":\"2020-11-21T11:56:42+00:00\",\"mainEntityOfPage\":{\"@id\":\"https:\\\/\\\/blogak.argia.eus\\\/jj-agirre\\\/2020\\\/11\\\/21\\\/eroski-espainiakoa-da-unionista\\\/\"},\"wordCount\":362,\"commentCount\":0,\"keywords\":[\"erdaltzalea\",\"Eroski\",\"Espainia\",\"unionista\"],\"articleSection\":[\"Koxkorretaraino\"],\"inLanguage\":\"eu\",\"potentialAction\":[{\"@type\":\"CommentAction\",\"name\":\"Comment\",\"target\":[\"https:\\\/\\\/blogak.argia.eus\\\/jj-agirre\\\/2020\\\/11\\\/21\\\/eroski-espainiakoa-da-unionista\\\/#respond\"]}]},{\"@type\":\"WebPage\",\"@id\":\"https:\\\/\\\/blogak.argia.eus\\\/jj-agirre\\\/2020\\\/11\\\/21\\\/eroski-espainiakoa-da-unionista\\\/\",\"url\":\"https:\\\/\\\/blogak.argia.eus\\\/jj-agirre\\\/2020\\\/11\\\/21\\\/eroski-espainiakoa-da-unionista\\\/\",\"name\":\"Eroski (ere) Espainiakoa da, unionista - Arian-arian\",\"isPartOf\":{\"@id\":\"https:\\\/\\\/blogak.argia.eus\\\/jj-agirre\\\/#website\"},\"datePublished\":\"2020-11-21T11:56:42+00:00\",\"author\":{\"@id\":\"https:\\\/\\\/blogak.argia.eus\\\/jj-agirre\\\/#\\\/schema\\\/person\\\/1f805f0bef991f770ab3c252b69261e1\"},\"breadcrumb\":{\"@id\":\"https:\\\/\\\/blogak.argia.eus\\\/jj-agirre\\\/2020\\\/11\\\/21\\\/eroski-espainiakoa-da-unionista\\\/#breadcrumb\"},\"inLanguage\":\"eu\",\"potentialAction\":[{\"@type\":\"ReadAction\",\"target\":[\"https:\\\/\\\/blogak.argia.eus\\\/jj-agirre\\\/2020\\\/11\\\/21\\\/eroski-espainiakoa-da-unionista\\\/\"]}]},{\"@type\":\"BreadcrumbList\",\"@id\":\"https:\\\/\\\/blogak.argia.eus\\\/jj-agirre\\\/2020\\\/11\\\/21\\\/eroski-espainiakoa-da-unionista\\\/#breadcrumb\",\"itemListElement\":[{\"@type\":\"ListItem\",\"position\":1,\"name\":\"Home\",\"item\":\"https:\\\/\\\/blogak.argia.eus\\\/jj-agirre\\\/\"},{\"@type\":\"ListItem\",\"position\":2,\"name\":\"Eroski (ere) Espainiakoa da, unionista\"}]},{\"@type\":\"WebSite\",\"@id\":\"https:\\\/\\\/blogak.argia.eus\\\/jj-agirre\\\/#website\",\"url\":\"https:\\\/\\\/blogak.argia.eus\\\/jj-agirre\\\/\",\"name\":\"Arian-arian\",\"description\":\"Euskaraz eta hartaz-eta\",\"potentialAction\":[{\"@type\":\"SearchAction\",\"target\":{\"@type\":\"EntryPoint\",\"urlTemplate\":\"https:\\\/\\\/blogak.argia.eus\\\/jj-agirre\\\/?s={search_term_string}\"},\"query-input\":{\"@type\":\"PropertyValueSpecification\",\"valueRequired\":true,\"valueName\":\"search_term_string\"}}],\"inLanguage\":\"eu\"},{\"@type\":\"Person\",\"@id\":\"https:\\\/\\\/blogak.argia.eus\\\/jj-agirre\\\/#\\\/schema\\\/person\\\/1f805f0bef991f770ab3c252b69261e1\",\"name\":\"JJ Agirre\",\"image\":{\"@type\":\"ImageObject\",\"inLanguage\":\"eu\",\"@id\":\"https:\\\/\\\/secure.gravatar.com\\\/avatar\\\/5b0f406304ac734c5c161eb3015d7c1879c5aa93f543df514bee539d54f24893?s=96&d=mm&r=g\",\"url\":\"https:\\\/\\\/secure.gravatar.com\\\/avatar\\\/5b0f406304ac734c5c161eb3015d7c1879c5aa93f543df514bee539d54f24893?s=96&d=mm&r=g\",\"contentUrl\":\"https:\\\/\\\/secure.gravatar.com\\\/avatar\\\/5b0f406304ac734c5c161eb3015d7c1879c5aa93f543df514bee539d54f24893?s=96&d=mm&r=g\",\"caption\":\"JJ Agirre\"},\"url\":\"https:\\\/\\\/blogak.argia.eus\\\/jj-agirre\\\/author\\\/jj-agirre\\\/\"}]}<\/script>\n<!-- \/ Yoast SEO plugin. -->","yoast_head_json":{"title":"Eroski (ere) Espainiakoa da, unionista - Arian-arian","robots":{"index":"index","follow":"follow","max-snippet":"max-snippet:-1","max-image-preview":"max-image-preview:large","max-video-preview":"max-video-preview:-1"},"canonical":"https:\/\/blogak.argia.eus\/jj-agirre\/2020\/11\/21\/eroski-espainiakoa-da-unionista\/","og_locale":"en_US","og_type":"article","og_title":"Eroski (ere) Espainiakoa da, unionista - Arian-arian","og_description":"Aski daukat. Ez naiz itzuliko. Ez behintzat politika espa\u00f1olizatzaile lotsagabea alde batera uzten ez duten arte. Eroskin euskaldunak beti izan gara\u00a0bigarren mailako bezeroak, katalanak edota galegoak bezala. Eta zer esan Espainiako erreinuan azkenetan dauden beste herrietako bezeroez\u2026 Horiek bigarren mailakoak ez, egon ere ez daude Eroskiren radarrean. Eroskin erosten nuen sarri, Euskal Herriko enpresatzat neukalako, [&hellip;]","og_url":"https:\/\/blogak.argia.eus\/jj-agirre\/2020\/11\/21\/eroski-espainiakoa-da-unionista\/","og_site_name":"Arian-arian","article_published_time":"2020-11-21T11:56:42+00:00","og_image":[{"url":"https:\/\/blogak.argia.eus\/jj-agirre\/wp-content\/uploads\/sites\/29\/2020\/11\/Eroski-Espa\u00f1a-300x168.jpg","type":"","width":"","height":""}],"author":"JJ Agirre","twitter_card":"summary_large_image","twitter_misc":{"Written by":"JJ Agirre","Est. reading time":"2 minutua"},"schema":{"@context":"https:\/\/schema.org","@graph":[{"@type":"Article","@id":"https:\/\/blogak.argia.eus\/jj-agirre\/2020\/11\/21\/eroski-espainiakoa-da-unionista\/#article","isPartOf":{"@id":"https:\/\/blogak.argia.eus\/jj-agirre\/2020\/11\/21\/eroski-espainiakoa-da-unionista\/"},"author":{"name":"JJ Agirre","@id":"https:\/\/blogak.argia.eus\/jj-agirre\/#\/schema\/person\/1f805f0bef991f770ab3c252b69261e1"},"headline":"Eroski (ere) Espainiakoa da, unionista","datePublished":"2020-11-21T11:56:42+00:00","mainEntityOfPage":{"@id":"https:\/\/blogak.argia.eus\/jj-agirre\/2020\/11\/21\/eroski-espainiakoa-da-unionista\/"},"wordCount":362,"commentCount":0,"keywords":["erdaltzalea","Eroski","Espainia","unionista"],"articleSection":["Koxkorretaraino"],"inLanguage":"eu","potentialAction":[{"@type":"CommentAction","name":"Comment","target":["https:\/\/blogak.argia.eus\/jj-agirre\/2020\/11\/21\/eroski-espainiakoa-da-unionista\/#respond"]}]},{"@type":"WebPage","@id":"https:\/\/blogak.argia.eus\/jj-agirre\/2020\/11\/21\/eroski-espainiakoa-da-unionista\/","url":"https:\/\/blogak.argia.eus\/jj-agirre\/2020\/11\/21\/eroski-espainiakoa-da-unionista\/","name":"Eroski (ere) Espainiakoa da, unionista - Arian-arian","isPartOf":{"@id":"https:\/\/blogak.argia.eus\/jj-agirre\/#website"},"datePublished":"2020-11-21T11:56:42+00:00","author":{"@id":"https:\/\/blogak.argia.eus\/jj-agirre\/#\/schema\/person\/1f805f0bef991f770ab3c252b69261e1"},"breadcrumb":{"@id":"https:\/\/blogak.argia.eus\/jj-agirre\/2020\/11\/21\/eroski-espainiakoa-da-unionista\/#breadcrumb"},"inLanguage":"eu","potentialAction":[{"@type":"ReadAction","target":["https:\/\/blogak.argia.eus\/jj-agirre\/2020\/11\/21\/eroski-espainiakoa-da-unionista\/"]}]},{"@type":"BreadcrumbList","@id":"https:\/\/blogak.argia.eus\/jj-agirre\/2020\/11\/21\/eroski-espainiakoa-da-unionista\/#breadcrumb","itemListElement":[{"@type":"ListItem","position":1,"name":"Home","item":"https:\/\/blogak.argia.eus\/jj-agirre\/"},{"@type":"ListItem","position":2,"name":"Eroski (ere) Espainiakoa da, unionista"}]},{"@type":"WebSite","@id":"https:\/\/blogak.argia.eus\/jj-agirre\/#website","url":"https:\/\/blogak.argia.eus\/jj-agirre\/","name":"Arian-arian","description":"Euskaraz eta hartaz-eta","potentialAction":[{"@type":"SearchAction","target":{"@type":"EntryPoint","urlTemplate":"https:\/\/blogak.argia.eus\/jj-agirre\/?s={search_term_string}"},"query-input":{"@type":"PropertyValueSpecification","valueRequired":true,"valueName":"search_term_string"}}],"inLanguage":"eu"},{"@type":"Person","@id":"https:\/\/blogak.argia.eus\/jj-agirre\/#\/schema\/person\/1f805f0bef991f770ab3c252b69261e1","name":"JJ Agirre","image":{"@type":"ImageObject","inLanguage":"eu","@id":"https:\/\/secure.gravatar.com\/avatar\/5b0f406304ac734c5c161eb3015d7c1879c5aa93f543df514bee539d54f24893?s=96&d=mm&r=g","url":"https:\/\/secure.gravatar.com\/avatar\/5b0f406304ac734c5c161eb3015d7c1879c5aa93f543df514bee539d54f24893?s=96&d=mm&r=g","contentUrl":"https:\/\/secure.gravatar.com\/avatar\/5b0f406304ac734c5c161eb3015d7c1879c5aa93f543df514bee539d54f24893?s=96&d=mm&r=g","caption":"JJ Agirre"},"url":"https:\/\/blogak.argia.eus\/jj-agirre\/author\/jj-agirre\/"}]}},"_links":{"self":[{"href":"https:\/\/blogak.argia.eus\/jj-agirre\/wp-json\/wp\/v2\/posts\/184","targetHints":{"allow":["GET"]}}],"collection":[{"href":"https:\/\/blogak.argia.eus\/jj-agirre\/wp-json\/wp\/v2\/posts"}],"about":[{"href":"https:\/\/blogak.argia.eus\/jj-agirre\/wp-json\/wp\/v2\/types\/post"}],"author":[{"embeddable":true,"href":"https:\/\/blogak.argia.eus\/jj-agirre\/wp-json\/wp\/v2\/users\/26"}],"replies":[{"embeddable":true,"href":"https:\/\/blogak.argia.eus\/jj-agirre\/wp-json\/wp\/v2\/comments?post=184"}],"version-history":[{"count":0,"href":"https:\/\/blogak.argia.eus\/jj-agirre\/wp-json\/wp\/v2\/posts\/184\/revisions"}],"wp:attachment":[{"href":"https:\/\/blogak.argia.eus\/jj-agirre\/wp-json\/wp\/v2\/media?parent=184"}],"wp:term":[{"taxonomy":"category","embeddable":true,"href":"https:\/\/blogak.argia.eus\/jj-agirre\/wp-json\/wp\/v2\/categories?post=184"},{"taxonomy":"post_tag","embeddable":true,"href":"https:\/\/blogak.argia.eus\/jj-agirre\/wp-json\/wp\/v2\/tags?post=184"}],"curies":[{"name":"wp","href":"https:\/\/api.w.org\/{rel}","templated":true}]}}