{"id":242,"date":"2022-12-09T21:25:00","date_gmt":"2022-12-09T20:25:00","guid":{"rendered":"https:\/\/blogak.argia.eus\/jj-agirre\/?p=242"},"modified":"2022-12-09T21:27:13","modified_gmt":"2022-12-09T20:27:13","slug":"gobernu-aurrerakoiarekin-ere-valentziera-atzeraka","status":"publish","type":"post","link":"https:\/\/blogak.argia.eus\/jj-agirre\/2022\/12\/09\/gobernu-aurrerakoiarekin-ere-valentziera-atzeraka\/","title":{"rendered":"Gobernu \u201caurrerakoiarekin\u201c ere, Valentziera atzeraka"},"content":{"rendered":"<p>Valentziako Generalitateko Direcci\u00f3 General de Pol\u00edtica Ling\u00fc\u00edstica delakoak, &#8220;Coneixement i \u00fas social del valenci\u00e0&#8221; izeneko inkesta eman du ezagutzera (atzerapen handi samarrarekin), aitortuz erabilerak behera egin duela \u201ceremu pribatuan\u201d, aspaldiko ezagutza mailarik handiena lortu den unean.<\/p>\n<p><img loading=\"lazy\" decoding=\"async\" class=\"alignright wp-image-327555 size-full\" title=\"Gobernu \u201caurrerakoiarekin \u201c ere, Valentziera atzeraka\" src=\"https:\/\/zuzeu.eus\/wp-content\/uploads\/2022\/12\/FemPV.jpg\" alt=\"Gobernu \u201caurrerakoiarekin \u201c ere, Valentziera atzeraka\" width=\"308\" height=\"163\" \/><\/p>\n<p><strong>Inkestan kaleratutako eta itzalean utzitako datuen harira<\/strong>,\u00a0<a href=\"https:\/\/ca.wikipedia.org\/wiki\/Gerard_Furest_i_Dalmau\">Gerard Furest<\/a>, Intersindical-CSCko Hezkuntza alorreko bozeramaleak, hausnarketa zorrotza idatzi du.<\/p>\n<p><strong>Inkesta \u201czubi\u201d baten bezperan argitaratu<\/strong>\u00a0izana ez dela kasualitatea, eta 2015eko datuekiko alderaketarik egin ez izana, ordutik honako beherakada latza ezkutatzeko egin dela dio, PSOEren bazkide den Comprom\u00eds taldeari \u201cez baitzaio interesatzen\u201d.<\/p>\n<p>Generalitataren inkestak ez dituela datuak adin taldeka eskaini salatzen du, \u201cziurrenik gaztetxoen artean datuak are okerragoak direlako\u201d, eta salatzen du urteotan guztietan agintariak ez direla gauza izan gazteei zuzendutako irrati-kate bat edota gaztetxoentzako TB-kate bat zabaltzeko.<\/p>\n<p><strong>\u201cSegregatzailea\u201d zelakoan, murgiltze ereduari azkena eman<\/strong>\u00a0eta eredu eleanitzen alde apustu egin izana tamalgarritzat jo du, segregazioan eraginik ez, baina hizkuntzaren ikaskuntzan ondorio oso kaltegarriak izan dituelako, hizkuntzari, zeuzkan eremu seguru bakarrak ebatsita bestelako ondoriorik ezin zitekeela itxaron.<\/p>\n<p>\u201cBistan denez, badira arrazoi gehiago ere: globalizazioa, mugimendu demografikoak, hizkuntzazko eta pentsamendu-menpekotasuna, abertzaletasunaren ahulezia, oinarri frankista duten Estatu eta auzitegiak\u2026 baina nekez jar daiteke auzitan Botanic delakoaren gobernuaren hizkuntz politika ezgauza, bere beldurrak, nazio auziaz diskurtso alternatiborik eza, arduradun askoren erosokeriak eta bestek, azkartu dutela gainbehera. Beherakada honek errealitateaz jabetzea ekarri behar luke, diskurtsoen berregituratzea eta hizkuntz komunitate gisa gure buruaz dugun pertzepzioa. Izan ere, hizkuntz gutxiengoa gara gure lurralde historikoan, eta itxura denez, areagotu egingo da gutxiengo izate hori. Haurreko hamarkadatako diskurtso \u201cbakezaleak\u201d gozoak izan litezke, baina Santa Teresaren beso ustez usteldu bakoa baino iraungituago daude. Aldatu beharra daukagu.\u201d<\/p>\n<p><strong>Antzekotasun nabariak<\/strong>\u00a0daude,\u00a0Valentzia\u00a0aldean eta Euskal Herriko eremu zabaletan gertatzen ari denaren artean. Han gertatutakoaz ikasi behar genuke geuk ere, besteak beste, hizkuntz ordezkapen prozesuak gero eta abiadura handiagoan gertatzen ari direlako\u2026<\/p>\n","protected":false},"excerpt":{"rendered":"<p>Valentziako Generalitateko Direcci\u00f3 General de Pol\u00edtica Ling\u00fc\u00edstica delakoak, &#8220;Coneixement i \u00fas social del valenci\u00e0&#8221; izeneko inkesta eman du ezagutzera (atzerapen handi samarrarekin), aitortuz erabilerak behera egin duela \u201ceremu pribatuan\u201d, aspaldiko ezagutza mailarik handiena lortu den unean. Inkestan kaleratutako eta itzalean utzitako datuen harira,\u00a0Gerard Furest, Intersindical-CSCko Hezkuntza alorreko bozeramaleak, hausnarketa zorrotza idatzi du. Inkesta \u201czubi\u201d baten [&hellip;]<\/p>\n","protected":false},"author":26,"featured_media":0,"comment_status":"open","ping_status":"open","sticky":false,"template":"","format":"standard","meta":{"footnotes":""},"categories":[107],"tags":[110,109,108],"class_list":["post-242","post","type-post","status-publish","format-standard","hentry","category-valentziera","tag-gerard-furest","tag-hizkuntz-politika","tag-valentziera"],"yoast_head":"<!-- This site is optimized with the Yoast SEO plugin v27.3 - https:\/\/yoast.com\/product\/yoast-seo-wordpress\/ -->\n<title>Gobernu \u201caurrerakoiarekin\u201c ere, Valentziera atzeraka - Arian-arian<\/title>\n<meta name=\"description\" content=\"Antzekotasun nabariak daude, Valentzia aldean eta Euskal Herriko eremu zabaletan gertatzen ari denaren artean. Han gertatutakoaz ikasi behar genuke geuk ere, besteak beste, hizkuntz ordezkapen prozesuak gero eta abiadura handiagoan gertatzen ari direlako\u2026\" \/>\n<meta name=\"robots\" content=\"index, follow, max-snippet:-1, max-image-preview:large, max-video-preview:-1\" \/>\n<link rel=\"canonical\" href=\"https:\/\/blogak.argia.eus\/jj-agirre\/2022\/12\/09\/gobernu-aurrerakoiarekin-ere-valentziera-atzeraka\/\" \/>\n<meta property=\"og:locale\" content=\"en_US\" \/>\n<meta property=\"og:type\" content=\"article\" \/>\n<meta property=\"og:title\" content=\"Gobernu \u201caurrerakoiarekin\u201c ere, Valentziera atzeraka - Arian-arian\" \/>\n<meta property=\"og:description\" content=\"Antzekotasun nabariak daude, Valentzia aldean eta Euskal Herriko eremu zabaletan gertatzen ari denaren artean. Han gertatutakoaz ikasi behar genuke geuk ere, besteak beste, hizkuntz ordezkapen prozesuak gero eta abiadura handiagoan gertatzen ari direlako\u2026\" \/>\n<meta property=\"og:url\" content=\"https:\/\/blogak.argia.eus\/jj-agirre\/2022\/12\/09\/gobernu-aurrerakoiarekin-ere-valentziera-atzeraka\/\" \/>\n<meta property=\"og:site_name\" content=\"Arian-arian\" \/>\n<meta property=\"article:published_time\" content=\"2022-12-09T20:25:00+00:00\" \/>\n<meta property=\"article:modified_time\" content=\"2022-12-09T20:27:13+00:00\" \/>\n<meta property=\"og:image\" content=\"https:\/\/zuzeu.eus\/wp-content\/uploads\/2022\/12\/FemPV.jpg\" \/>\n<meta name=\"author\" content=\"JJ Agirre\" \/>\n<meta name=\"twitter:card\" content=\"summary_large_image\" \/>\n<meta name=\"twitter:label1\" content=\"Written by\" \/>\n\t<meta name=\"twitter:data1\" content=\"JJ Agirre\" \/>\n\t<meta name=\"twitter:label2\" content=\"Est. reading time\" \/>\n\t<meta name=\"twitter:data2\" content=\"2 minutua\" \/>\n<script type=\"application\/ld+json\" class=\"yoast-schema-graph\">{\"@context\":\"https:\\\/\\\/schema.org\",\"@graph\":[{\"@type\":\"Article\",\"@id\":\"https:\\\/\\\/blogak.argia.eus\\\/jj-agirre\\\/2022\\\/12\\\/09\\\/gobernu-aurrerakoiarekin-ere-valentziera-atzeraka\\\/#article\",\"isPartOf\":{\"@id\":\"https:\\\/\\\/blogak.argia.eus\\\/jj-agirre\\\/2022\\\/12\\\/09\\\/gobernu-aurrerakoiarekin-ere-valentziera-atzeraka\\\/\"},\"author\":{\"name\":\"JJ Agirre\",\"@id\":\"https:\\\/\\\/blogak.argia.eus\\\/jj-agirre\\\/#\\\/schema\\\/person\\\/1f805f0bef991f770ab3c252b69261e1\"},\"headline\":\"Gobernu \u201caurrerakoiarekin\u201c ere, Valentziera atzeraka\",\"datePublished\":\"2022-12-09T20:25:00+00:00\",\"dateModified\":\"2022-12-09T20:27:13+00:00\",\"mainEntityOfPage\":{\"@id\":\"https:\\\/\\\/blogak.argia.eus\\\/jj-agirre\\\/2022\\\/12\\\/09\\\/gobernu-aurrerakoiarekin-ere-valentziera-atzeraka\\\/\"},\"wordCount\":300,\"commentCount\":0,\"image\":{\"@id\":\"https:\\\/\\\/blogak.argia.eus\\\/jj-agirre\\\/2022\\\/12\\\/09\\\/gobernu-aurrerakoiarekin-ere-valentziera-atzeraka\\\/#primaryimage\"},\"thumbnailUrl\":\"https:\\\/\\\/zuzeu.eus\\\/wp-content\\\/uploads\\\/2022\\\/12\\\/FemPV.jpg\",\"keywords\":[\"Gerard Furest\",\"hizkuntz politika\",\"valentziera\"],\"articleSection\":[\"valentziera\"],\"inLanguage\":\"eu\",\"potentialAction\":[{\"@type\":\"CommentAction\",\"name\":\"Comment\",\"target\":[\"https:\\\/\\\/blogak.argia.eus\\\/jj-agirre\\\/2022\\\/12\\\/09\\\/gobernu-aurrerakoiarekin-ere-valentziera-atzeraka\\\/#respond\"]}]},{\"@type\":\"WebPage\",\"@id\":\"https:\\\/\\\/blogak.argia.eus\\\/jj-agirre\\\/2022\\\/12\\\/09\\\/gobernu-aurrerakoiarekin-ere-valentziera-atzeraka\\\/\",\"url\":\"https:\\\/\\\/blogak.argia.eus\\\/jj-agirre\\\/2022\\\/12\\\/09\\\/gobernu-aurrerakoiarekin-ere-valentziera-atzeraka\\\/\",\"name\":\"Gobernu \u201caurrerakoiarekin\u201c ere, Valentziera atzeraka - Arian-arian\",\"isPartOf\":{\"@id\":\"https:\\\/\\\/blogak.argia.eus\\\/jj-agirre\\\/#website\"},\"primaryImageOfPage\":{\"@id\":\"https:\\\/\\\/blogak.argia.eus\\\/jj-agirre\\\/2022\\\/12\\\/09\\\/gobernu-aurrerakoiarekin-ere-valentziera-atzeraka\\\/#primaryimage\"},\"image\":{\"@id\":\"https:\\\/\\\/blogak.argia.eus\\\/jj-agirre\\\/2022\\\/12\\\/09\\\/gobernu-aurrerakoiarekin-ere-valentziera-atzeraka\\\/#primaryimage\"},\"thumbnailUrl\":\"https:\\\/\\\/zuzeu.eus\\\/wp-content\\\/uploads\\\/2022\\\/12\\\/FemPV.jpg\",\"datePublished\":\"2022-12-09T20:25:00+00:00\",\"dateModified\":\"2022-12-09T20:27:13+00:00\",\"author\":{\"@id\":\"https:\\\/\\\/blogak.argia.eus\\\/jj-agirre\\\/#\\\/schema\\\/person\\\/1f805f0bef991f770ab3c252b69261e1\"},\"description\":\"Antzekotasun nabariak daude, Valentzia aldean eta Euskal Herriko eremu zabaletan gertatzen ari denaren artean. Han gertatutakoaz ikasi behar genuke geuk ere, besteak beste, hizkuntz ordezkapen prozesuak gero eta abiadura handiagoan gertatzen ari direlako\u2026\",\"breadcrumb\":{\"@id\":\"https:\\\/\\\/blogak.argia.eus\\\/jj-agirre\\\/2022\\\/12\\\/09\\\/gobernu-aurrerakoiarekin-ere-valentziera-atzeraka\\\/#breadcrumb\"},\"inLanguage\":\"eu\",\"potentialAction\":[{\"@type\":\"ReadAction\",\"target\":[\"https:\\\/\\\/blogak.argia.eus\\\/jj-agirre\\\/2022\\\/12\\\/09\\\/gobernu-aurrerakoiarekin-ere-valentziera-atzeraka\\\/\"]}]},{\"@type\":\"ImageObject\",\"inLanguage\":\"eu\",\"@id\":\"https:\\\/\\\/blogak.argia.eus\\\/jj-agirre\\\/2022\\\/12\\\/09\\\/gobernu-aurrerakoiarekin-ere-valentziera-atzeraka\\\/#primaryimage\",\"url\":\"https:\\\/\\\/zuzeu.eus\\\/wp-content\\\/uploads\\\/2022\\\/12\\\/FemPV.jpg\",\"contentUrl\":\"https:\\\/\\\/zuzeu.eus\\\/wp-content\\\/uploads\\\/2022\\\/12\\\/FemPV.jpg\"},{\"@type\":\"BreadcrumbList\",\"@id\":\"https:\\\/\\\/blogak.argia.eus\\\/jj-agirre\\\/2022\\\/12\\\/09\\\/gobernu-aurrerakoiarekin-ere-valentziera-atzeraka\\\/#breadcrumb\",\"itemListElement\":[{\"@type\":\"ListItem\",\"position\":1,\"name\":\"Home\",\"item\":\"https:\\\/\\\/blogak.argia.eus\\\/jj-agirre\\\/\"},{\"@type\":\"ListItem\",\"position\":2,\"name\":\"Gobernu \u201caurrerakoiarekin\u201c ere, Valentziera atzeraka\"}]},{\"@type\":\"WebSite\",\"@id\":\"https:\\\/\\\/blogak.argia.eus\\\/jj-agirre\\\/#website\",\"url\":\"https:\\\/\\\/blogak.argia.eus\\\/jj-agirre\\\/\",\"name\":\"Arian-arian\",\"description\":\"Euskaraz eta hartaz-eta\",\"potentialAction\":[{\"@type\":\"SearchAction\",\"target\":{\"@type\":\"EntryPoint\",\"urlTemplate\":\"https:\\\/\\\/blogak.argia.eus\\\/jj-agirre\\\/?s={search_term_string}\"},\"query-input\":{\"@type\":\"PropertyValueSpecification\",\"valueRequired\":true,\"valueName\":\"search_term_string\"}}],\"inLanguage\":\"eu\"},{\"@type\":\"Person\",\"@id\":\"https:\\\/\\\/blogak.argia.eus\\\/jj-agirre\\\/#\\\/schema\\\/person\\\/1f805f0bef991f770ab3c252b69261e1\",\"name\":\"JJ Agirre\",\"image\":{\"@type\":\"ImageObject\",\"inLanguage\":\"eu\",\"@id\":\"https:\\\/\\\/secure.gravatar.com\\\/avatar\\\/5b0f406304ac734c5c161eb3015d7c1879c5aa93f543df514bee539d54f24893?s=96&d=mm&r=g\",\"url\":\"https:\\\/\\\/secure.gravatar.com\\\/avatar\\\/5b0f406304ac734c5c161eb3015d7c1879c5aa93f543df514bee539d54f24893?s=96&d=mm&r=g\",\"contentUrl\":\"https:\\\/\\\/secure.gravatar.com\\\/avatar\\\/5b0f406304ac734c5c161eb3015d7c1879c5aa93f543df514bee539d54f24893?s=96&d=mm&r=g\",\"caption\":\"JJ Agirre\"},\"url\":\"https:\\\/\\\/blogak.argia.eus\\\/jj-agirre\\\/author\\\/jj-agirre\\\/\"}]}<\/script>\n<!-- \/ Yoast SEO plugin. -->","yoast_head_json":{"title":"Gobernu \u201caurrerakoiarekin\u201c ere, Valentziera atzeraka - Arian-arian","description":"Antzekotasun nabariak daude, Valentzia aldean eta Euskal Herriko eremu zabaletan gertatzen ari denaren artean. Han gertatutakoaz ikasi behar genuke geuk ere, besteak beste, hizkuntz ordezkapen prozesuak gero eta abiadura handiagoan gertatzen ari direlako\u2026","robots":{"index":"index","follow":"follow","max-snippet":"max-snippet:-1","max-image-preview":"max-image-preview:large","max-video-preview":"max-video-preview:-1"},"canonical":"https:\/\/blogak.argia.eus\/jj-agirre\/2022\/12\/09\/gobernu-aurrerakoiarekin-ere-valentziera-atzeraka\/","og_locale":"en_US","og_type":"article","og_title":"Gobernu \u201caurrerakoiarekin\u201c ere, Valentziera atzeraka - Arian-arian","og_description":"Antzekotasun nabariak daude, Valentzia aldean eta Euskal Herriko eremu zabaletan gertatzen ari denaren artean. Han gertatutakoaz ikasi behar genuke geuk ere, besteak beste, hizkuntz ordezkapen prozesuak gero eta abiadura handiagoan gertatzen ari direlako\u2026","og_url":"https:\/\/blogak.argia.eus\/jj-agirre\/2022\/12\/09\/gobernu-aurrerakoiarekin-ere-valentziera-atzeraka\/","og_site_name":"Arian-arian","article_published_time":"2022-12-09T20:25:00+00:00","article_modified_time":"2022-12-09T20:27:13+00:00","og_image":[{"url":"https:\/\/zuzeu.eus\/wp-content\/uploads\/2022\/12\/FemPV.jpg","type":"","width":"","height":""}],"author":"JJ Agirre","twitter_card":"summary_large_image","twitter_misc":{"Written by":"JJ Agirre","Est. reading time":"2 minutua"},"schema":{"@context":"https:\/\/schema.org","@graph":[{"@type":"Article","@id":"https:\/\/blogak.argia.eus\/jj-agirre\/2022\/12\/09\/gobernu-aurrerakoiarekin-ere-valentziera-atzeraka\/#article","isPartOf":{"@id":"https:\/\/blogak.argia.eus\/jj-agirre\/2022\/12\/09\/gobernu-aurrerakoiarekin-ere-valentziera-atzeraka\/"},"author":{"name":"JJ Agirre","@id":"https:\/\/blogak.argia.eus\/jj-agirre\/#\/schema\/person\/1f805f0bef991f770ab3c252b69261e1"},"headline":"Gobernu \u201caurrerakoiarekin\u201c ere, Valentziera atzeraka","datePublished":"2022-12-09T20:25:00+00:00","dateModified":"2022-12-09T20:27:13+00:00","mainEntityOfPage":{"@id":"https:\/\/blogak.argia.eus\/jj-agirre\/2022\/12\/09\/gobernu-aurrerakoiarekin-ere-valentziera-atzeraka\/"},"wordCount":300,"commentCount":0,"image":{"@id":"https:\/\/blogak.argia.eus\/jj-agirre\/2022\/12\/09\/gobernu-aurrerakoiarekin-ere-valentziera-atzeraka\/#primaryimage"},"thumbnailUrl":"https:\/\/zuzeu.eus\/wp-content\/uploads\/2022\/12\/FemPV.jpg","keywords":["Gerard Furest","hizkuntz politika","valentziera"],"articleSection":["valentziera"],"inLanguage":"eu","potentialAction":[{"@type":"CommentAction","name":"Comment","target":["https:\/\/blogak.argia.eus\/jj-agirre\/2022\/12\/09\/gobernu-aurrerakoiarekin-ere-valentziera-atzeraka\/#respond"]}]},{"@type":"WebPage","@id":"https:\/\/blogak.argia.eus\/jj-agirre\/2022\/12\/09\/gobernu-aurrerakoiarekin-ere-valentziera-atzeraka\/","url":"https:\/\/blogak.argia.eus\/jj-agirre\/2022\/12\/09\/gobernu-aurrerakoiarekin-ere-valentziera-atzeraka\/","name":"Gobernu \u201caurrerakoiarekin\u201c ere, Valentziera atzeraka - Arian-arian","isPartOf":{"@id":"https:\/\/blogak.argia.eus\/jj-agirre\/#website"},"primaryImageOfPage":{"@id":"https:\/\/blogak.argia.eus\/jj-agirre\/2022\/12\/09\/gobernu-aurrerakoiarekin-ere-valentziera-atzeraka\/#primaryimage"},"image":{"@id":"https:\/\/blogak.argia.eus\/jj-agirre\/2022\/12\/09\/gobernu-aurrerakoiarekin-ere-valentziera-atzeraka\/#primaryimage"},"thumbnailUrl":"https:\/\/zuzeu.eus\/wp-content\/uploads\/2022\/12\/FemPV.jpg","datePublished":"2022-12-09T20:25:00+00:00","dateModified":"2022-12-09T20:27:13+00:00","author":{"@id":"https:\/\/blogak.argia.eus\/jj-agirre\/#\/schema\/person\/1f805f0bef991f770ab3c252b69261e1"},"description":"Antzekotasun nabariak daude, Valentzia aldean eta Euskal Herriko eremu zabaletan gertatzen ari denaren artean. Han gertatutakoaz ikasi behar genuke geuk ere, besteak beste, hizkuntz ordezkapen prozesuak gero eta abiadura handiagoan gertatzen ari direlako\u2026","breadcrumb":{"@id":"https:\/\/blogak.argia.eus\/jj-agirre\/2022\/12\/09\/gobernu-aurrerakoiarekin-ere-valentziera-atzeraka\/#breadcrumb"},"inLanguage":"eu","potentialAction":[{"@type":"ReadAction","target":["https:\/\/blogak.argia.eus\/jj-agirre\/2022\/12\/09\/gobernu-aurrerakoiarekin-ere-valentziera-atzeraka\/"]}]},{"@type":"ImageObject","inLanguage":"eu","@id":"https:\/\/blogak.argia.eus\/jj-agirre\/2022\/12\/09\/gobernu-aurrerakoiarekin-ere-valentziera-atzeraka\/#primaryimage","url":"https:\/\/zuzeu.eus\/wp-content\/uploads\/2022\/12\/FemPV.jpg","contentUrl":"https:\/\/zuzeu.eus\/wp-content\/uploads\/2022\/12\/FemPV.jpg"},{"@type":"BreadcrumbList","@id":"https:\/\/blogak.argia.eus\/jj-agirre\/2022\/12\/09\/gobernu-aurrerakoiarekin-ere-valentziera-atzeraka\/#breadcrumb","itemListElement":[{"@type":"ListItem","position":1,"name":"Home","item":"https:\/\/blogak.argia.eus\/jj-agirre\/"},{"@type":"ListItem","position":2,"name":"Gobernu \u201caurrerakoiarekin\u201c ere, Valentziera atzeraka"}]},{"@type":"WebSite","@id":"https:\/\/blogak.argia.eus\/jj-agirre\/#website","url":"https:\/\/blogak.argia.eus\/jj-agirre\/","name":"Arian-arian","description":"Euskaraz eta hartaz-eta","potentialAction":[{"@type":"SearchAction","target":{"@type":"EntryPoint","urlTemplate":"https:\/\/blogak.argia.eus\/jj-agirre\/?s={search_term_string}"},"query-input":{"@type":"PropertyValueSpecification","valueRequired":true,"valueName":"search_term_string"}}],"inLanguage":"eu"},{"@type":"Person","@id":"https:\/\/blogak.argia.eus\/jj-agirre\/#\/schema\/person\/1f805f0bef991f770ab3c252b69261e1","name":"JJ Agirre","image":{"@type":"ImageObject","inLanguage":"eu","@id":"https:\/\/secure.gravatar.com\/avatar\/5b0f406304ac734c5c161eb3015d7c1879c5aa93f543df514bee539d54f24893?s=96&d=mm&r=g","url":"https:\/\/secure.gravatar.com\/avatar\/5b0f406304ac734c5c161eb3015d7c1879c5aa93f543df514bee539d54f24893?s=96&d=mm&r=g","contentUrl":"https:\/\/secure.gravatar.com\/avatar\/5b0f406304ac734c5c161eb3015d7c1879c5aa93f543df514bee539d54f24893?s=96&d=mm&r=g","caption":"JJ Agirre"},"url":"https:\/\/blogak.argia.eus\/jj-agirre\/author\/jj-agirre\/"}]}},"_links":{"self":[{"href":"https:\/\/blogak.argia.eus\/jj-agirre\/wp-json\/wp\/v2\/posts\/242","targetHints":{"allow":["GET"]}}],"collection":[{"href":"https:\/\/blogak.argia.eus\/jj-agirre\/wp-json\/wp\/v2\/posts"}],"about":[{"href":"https:\/\/blogak.argia.eus\/jj-agirre\/wp-json\/wp\/v2\/types\/post"}],"author":[{"embeddable":true,"href":"https:\/\/blogak.argia.eus\/jj-agirre\/wp-json\/wp\/v2\/users\/26"}],"replies":[{"embeddable":true,"href":"https:\/\/blogak.argia.eus\/jj-agirre\/wp-json\/wp\/v2\/comments?post=242"}],"version-history":[{"count":3,"href":"https:\/\/blogak.argia.eus\/jj-agirre\/wp-json\/wp\/v2\/posts\/242\/revisions"}],"predecessor-version":[{"id":245,"href":"https:\/\/blogak.argia.eus\/jj-agirre\/wp-json\/wp\/v2\/posts\/242\/revisions\/245"}],"wp:attachment":[{"href":"https:\/\/blogak.argia.eus\/jj-agirre\/wp-json\/wp\/v2\/media?parent=242"}],"wp:term":[{"taxonomy":"category","embeddable":true,"href":"https:\/\/blogak.argia.eus\/jj-agirre\/wp-json\/wp\/v2\/categories?post=242"},{"taxonomy":"post_tag","embeddable":true,"href":"https:\/\/blogak.argia.eus\/jj-agirre\/wp-json\/wp\/v2\/tags?post=242"}],"curies":[{"name":"wp","href":"https:\/\/api.w.org\/{rel}","templated":true}]}}