{"id":271,"date":"2024-11-14T21:24:18","date_gmt":"2024-11-14T20:24:18","guid":{"rendered":"https:\/\/blogak.argia.eus\/jj-agirre\/?p=271"},"modified":"2024-11-15T08:43:25","modified_gmt":"2024-11-15T07:43:25","slug":"borondatea-nahikoa-ez-denean","status":"publish","type":"post","link":"https:\/\/blogak.argia.eus\/jj-agirre\/2024\/11\/14\/borondatea-nahikoa-ez-denean\/","title":{"rendered":"Borondatea nahikoa ez denean"},"content":{"rendered":"<p><strong><img loading=\"lazy\" decoding=\"async\" class=\"alignnone size-medium wp-image-272\" src=\"https:\/\/blogak.argia.eus\/jj-agirre\/wp-content\/uploads\/sites\/29\/2024\/11\/Sarri-300x227.jpg\" alt=\"\" width=\"300\" height=\"227\" srcset=\"https:\/\/blogak.argia.eus\/jj-agirre\/wp-content\/uploads\/sites\/29\/2024\/11\/Sarri-300x227.jpg 300w, https:\/\/blogak.argia.eus\/jj-agirre\/wp-content\/uploads\/sites\/29\/2024\/11\/Sarri.jpg 593w\" sizes=\"auto, (max-width: 300px) 100vw, 300px\" \/><br \/>\nSortu alderdiko zuzendaritzakide batek<\/strong>, Naiz hedabideko bere blogean idatzi berri duenez, Joseba Sarrionandiari kazetari batek euskaraz zergatik idazten zuen\u00a0 galdetu ei zion.<br \/>\n\u00abGustatzen zaidalako eta nahi dudalako\u00bb, erantzun omen zuen Sarrik. &#8220;Borondate hutsean oinarritu zuen bere hautua&#8230; politikoki eraikitako borondatearen emaitza. Konplexurik gabeko euskaldun batena&#8221; dio artikulugileak. Ederto.<br \/>\nAipatzen du, aurrerago, &#8220;gutxiagotasun konplexua gainditu ezinda&#8221; gabiltzala, eta Europako hizkuntza zaharrena izan ordez, hizkuntzarik berriena balitz ere, berdin-berdin defendatu beharko genukeela. Eta argudio okerra dela \u00abgure arbasoak\u00bb aipatzea euskararekiko atxikimendua justifikatzeko, kanpoan utziko genituzkeelako &#8220;milaka eta milaka euskal herritar, bertan nahiz kanpoan jaioak baina arbasoak beste nonbait dituztenak&#8221;.<br \/>\nAzkenik, eztabaidagarria iruditzen zaio, &#8220;mende askoan erdaraz bizi izan diren lurraldeak <em>dekretuz<\/em> \u00abeuskararen lurralde\u00bb izendatzea, bertako biztanleen iritzia kontuan hartu gabe&#8221;. Ez omen baita modurik onena euskarara biltzeko. Eta antzinatasun zigilurik ez duela behar euskarak, euskal herritarron borondatea baizik, &#8220;denon mesederako&#8221;.<br \/>\n<strong>Sarriren erantzuna oso egokia iruditzen zait niri ere<\/strong>. Menderakaitz desakonplexatuarena. Izan ere, inork ez lioke galdetuko \u00bfPorqu\u00e9 escribes en espa\u00f1ol\/franc\u00e9s? Rosa Monterori edo Virginie Despentesi, ezta?<br \/>\nSarrik erantzun zezakeen berea duen &#8220;euskara delako gure territorio libre bakarra&#8221; ere, aurrekoa bezain egoki.<br \/>\n<strong>Gutxiagotasun konplexuak<\/strong> bizi gaitu, bai, baina ez da berezkoa edo &#8220;gurea&#8221;, espa\u00f1olek eta frantsesek mende luzetako zapalkuntzaz hezurretaraino txertatua baino. Bada, konplexu horiek sendatzeko, euskaldunok jasan eta pairatzen dugun bazterketaren memoria eta erreparazioa lantzea ezinbestekoak dira. Aipa zezakeen Sortukideak hori, baina ahaztu zaio, nonbait.<br \/>\n<strong>Gure arbasoek<\/strong> gaurdaino ekarritako hizkuntza dela esateari ez diot okerrik ikusten. Aldiz, Espainia eta Frantzia bezain auzo-herri zakar eta zapaltzaileak alde banatan izanda, oso harro egoteko modukoa iruditzen zait, eta uste dut harrotasun horrek erakarri izan dituela arbasoak kanpotarrak (espa\u00f1olak edo frantsesak sarri) dituzten euskaldun asko eta asko, era berean, denborarekin etorkizuneko euskaldunen arbaso bilakatuko direnak.<br \/>\n<strong>Euskararen lurraldea<\/strong> esaten diogu askok Euskal Herriari, etimologikoki egokia delako, historian zehar nagusiki hala izan delako, eta Sarriri bezala, gogoak ematen digulako. Ez &#8220;dekretuz&#8221; baina. Izan ere &#8220;dekretuz&#8221; ezarrri zaizkigunak, gaurdaino, espa\u00f1ola eta frantsesa dira. &#8220;El castellano (o espa\u00f1ol) es la lengua oficial del Estado. Todos los espa\u00f1oles tienen el deber de conocer el castellano&#8230;&#8221; dio Espainiako Konstituzioak, euskalerritar gehienok berretsi EZ genuen hori. &#8220;La lengua de la rep\u00fablica es el franc\u00e9s&#8221; dio, lehor, Frantziakoak.<br \/>\n<strong>Borondatea ez baita aski <\/strong>Euskal Herrian, gehienetan, euskaraz aritu ahal izateko <strong>. <\/strong>Borondatea bai, eta grina, eta konbentzimendua, eta adorea behar baititu, euskaraz bizi nahi duenak, eta horiek guztiak batera ere ez dira nahikoak, azken herri euskaldunetatik kanpo bederen.<br \/>\nOhituta geunden &#8220;borondatearen&#8221; argudio tranpatia\u00a0 eragile politiko &#8220;kosmopolitagoengandik&#8221; entzuten, baina dirudienez, oinarri elektorala zabaltzeko ahaleginak ardatz ideologikoak &#8220;malgutu&#8221; eta ornogabetzea dakar.<br \/>\n<strong>Hauxe da despedidea<\/strong>&#8230; gustatu zait Zigor Garrok arestian aipatutako artikuluari buruz idatzi duen hau:<br \/>\n<em>&#8220;Ildo politiko bat &#8220;demokraziaren&#8221; arabera finkatzea, demokraziarik ez denean, antipolitika da, edo ustezko asmoak gauzatzeko zinezko asmorik eza, politika litekeena ezinezko bihurtzearen artea balitz bezala, eta ez aurkakoa. Ezina betikotzea, bai programa negargarria.&#8221;<\/em><\/p>\n","protected":false},"excerpt":{"rendered":"<p>EHn euskaraz bizitzeko borondatea ez da aski, Sortuko zuzendaritzako kide batek besterik iradoki badu ere.<br \/>\nBorondatea bai, eta grina, eta adorea, konbentzimendua&#8230; behar dira euskarari eusteko gure etxean ere.<\/p>\n","protected":false},"author":26,"featured_media":0,"comment_status":"open","ping_status":"open","sticky":false,"template":"","format":"standard","meta":{"footnotes":""},"categories":[3],"tags":[119,120,121,116],"class_list":["post-271","post","type-post","status-publish","format-standard","hentry","category-hizkuntza-eskubideak","tag-borondatea","tag-erresistentzia","tag-harrotasuna","tag-zapalkuntza"],"yoast_head":"<!-- This site is optimized with the Yoast SEO plugin v27.3 - https:\/\/yoast.com\/product\/yoast-seo-wordpress\/ -->\n<title>Borondatea nahikoa ez denean - Arian-arian<\/title>\n<meta name=\"description\" content=\"Euskal Herrian, gehienetan, euskaraz aritu ahal izateko borondatea ez baita aski. Borondatea bai, eta grina, eta konbentzimendua, eta adorea behar baititu, euskaraz bizi nahi duenak, azken herri euskaldunetatik kanpo bederen.\" \/>\n<meta name=\"robots\" content=\"index, follow, max-snippet:-1, max-image-preview:large, max-video-preview:-1\" \/>\n<link rel=\"canonical\" href=\"https:\/\/blogak.argia.eus\/jj-agirre\/2024\/11\/14\/borondatea-nahikoa-ez-denean\/\" \/>\n<meta property=\"og:locale\" content=\"en_US\" \/>\n<meta property=\"og:type\" content=\"article\" \/>\n<meta property=\"og:title\" content=\"Borondatea nahikoa ez denean - Arian-arian\" \/>\n<meta property=\"og:description\" content=\"Euskal Herrian, gehienetan, euskaraz aritu ahal izateko borondatea ez baita aski. Borondatea bai, eta grina, eta konbentzimendua, eta adorea behar baititu, euskaraz bizi nahi duenak, azken herri euskaldunetatik kanpo bederen.\" \/>\n<meta property=\"og:url\" content=\"https:\/\/blogak.argia.eus\/jj-agirre\/2024\/11\/14\/borondatea-nahikoa-ez-denean\/\" \/>\n<meta property=\"og:site_name\" content=\"Arian-arian\" \/>\n<meta property=\"article:published_time\" content=\"2024-11-14T20:24:18+00:00\" \/>\n<meta property=\"article:modified_time\" content=\"2024-11-15T07:43:25+00:00\" \/>\n<meta property=\"og:image\" content=\"https:\/\/blogak.argia.eus\/jj-agirre\/wp-content\/uploads\/sites\/29\/2024\/11\/Sarri.jpg\" \/>\n\t<meta property=\"og:image:width\" content=\"593\" \/>\n\t<meta property=\"og:image:height\" content=\"449\" \/>\n\t<meta property=\"og:image:type\" content=\"image\/jpeg\" \/>\n<meta name=\"author\" content=\"JJ Agirre\" \/>\n<meta name=\"twitter:card\" content=\"summary_large_image\" \/>\n<meta name=\"twitter:label1\" content=\"Written by\" \/>\n\t<meta name=\"twitter:data1\" content=\"JJ Agirre\" \/>\n\t<meta name=\"twitter:label2\" content=\"Est. reading time\" \/>\n\t<meta name=\"twitter:data2\" content=\"3 minutua\" \/>\n<script type=\"application\/ld+json\" class=\"yoast-schema-graph\">{\"@context\":\"https:\\\/\\\/schema.org\",\"@graph\":[{\"@type\":\"Article\",\"@id\":\"https:\\\/\\\/blogak.argia.eus\\\/jj-agirre\\\/2024\\\/11\\\/14\\\/borondatea-nahikoa-ez-denean\\\/#article\",\"isPartOf\":{\"@id\":\"https:\\\/\\\/blogak.argia.eus\\\/jj-agirre\\\/2024\\\/11\\\/14\\\/borondatea-nahikoa-ez-denean\\\/\"},\"author\":{\"name\":\"JJ Agirre\",\"@id\":\"https:\\\/\\\/blogak.argia.eus\\\/jj-agirre\\\/#\\\/schema\\\/person\\\/1f805f0bef991f770ab3c252b69261e1\"},\"headline\":\"Borondatea nahikoa ez denean\",\"datePublished\":\"2024-11-14T20:24:18+00:00\",\"dateModified\":\"2024-11-15T07:43:25+00:00\",\"mainEntityOfPage\":{\"@id\":\"https:\\\/\\\/blogak.argia.eus\\\/jj-agirre\\\/2024\\\/11\\\/14\\\/borondatea-nahikoa-ez-denean\\\/\"},\"wordCount\":474,\"commentCount\":0,\"image\":{\"@id\":\"https:\\\/\\\/blogak.argia.eus\\\/jj-agirre\\\/2024\\\/11\\\/14\\\/borondatea-nahikoa-ez-denean\\\/#primaryimage\"},\"thumbnailUrl\":\"https:\\\/\\\/blogak.argia.eus\\\/jj-agirre\\\/wp-content\\\/uploads\\\/sites\\\/29\\\/2024\\\/11\\\/Sarri-300x227.jpg\",\"keywords\":[\"Borondatea\",\"erresistentzia\",\"harrotasuna\",\"zapalkuntza\"],\"articleSection\":[\"Hizkuntza eskubideak\"],\"inLanguage\":\"eu\",\"potentialAction\":[{\"@type\":\"CommentAction\",\"name\":\"Comment\",\"target\":[\"https:\\\/\\\/blogak.argia.eus\\\/jj-agirre\\\/2024\\\/11\\\/14\\\/borondatea-nahikoa-ez-denean\\\/#respond\"]}]},{\"@type\":\"WebPage\",\"@id\":\"https:\\\/\\\/blogak.argia.eus\\\/jj-agirre\\\/2024\\\/11\\\/14\\\/borondatea-nahikoa-ez-denean\\\/\",\"url\":\"https:\\\/\\\/blogak.argia.eus\\\/jj-agirre\\\/2024\\\/11\\\/14\\\/borondatea-nahikoa-ez-denean\\\/\",\"name\":\"Borondatea nahikoa ez denean - Arian-arian\",\"isPartOf\":{\"@id\":\"https:\\\/\\\/blogak.argia.eus\\\/jj-agirre\\\/#website\"},\"primaryImageOfPage\":{\"@id\":\"https:\\\/\\\/blogak.argia.eus\\\/jj-agirre\\\/2024\\\/11\\\/14\\\/borondatea-nahikoa-ez-denean\\\/#primaryimage\"},\"image\":{\"@id\":\"https:\\\/\\\/blogak.argia.eus\\\/jj-agirre\\\/2024\\\/11\\\/14\\\/borondatea-nahikoa-ez-denean\\\/#primaryimage\"},\"thumbnailUrl\":\"https:\\\/\\\/blogak.argia.eus\\\/jj-agirre\\\/wp-content\\\/uploads\\\/sites\\\/29\\\/2024\\\/11\\\/Sarri-300x227.jpg\",\"datePublished\":\"2024-11-14T20:24:18+00:00\",\"dateModified\":\"2024-11-15T07:43:25+00:00\",\"author\":{\"@id\":\"https:\\\/\\\/blogak.argia.eus\\\/jj-agirre\\\/#\\\/schema\\\/person\\\/1f805f0bef991f770ab3c252b69261e1\"},\"description\":\"Euskal Herrian, gehienetan, euskaraz aritu ahal izateko borondatea ez baita aski. Borondatea bai, eta grina, eta konbentzimendua, eta adorea behar baititu, euskaraz bizi nahi duenak, azken herri euskaldunetatik kanpo bederen.\",\"breadcrumb\":{\"@id\":\"https:\\\/\\\/blogak.argia.eus\\\/jj-agirre\\\/2024\\\/11\\\/14\\\/borondatea-nahikoa-ez-denean\\\/#breadcrumb\"},\"inLanguage\":\"eu\",\"potentialAction\":[{\"@type\":\"ReadAction\",\"target\":[\"https:\\\/\\\/blogak.argia.eus\\\/jj-agirre\\\/2024\\\/11\\\/14\\\/borondatea-nahikoa-ez-denean\\\/\"]}]},{\"@type\":\"ImageObject\",\"inLanguage\":\"eu\",\"@id\":\"https:\\\/\\\/blogak.argia.eus\\\/jj-agirre\\\/2024\\\/11\\\/14\\\/borondatea-nahikoa-ez-denean\\\/#primaryimage\",\"url\":\"https:\\\/\\\/blogak.argia.eus\\\/jj-agirre\\\/wp-content\\\/uploads\\\/sites\\\/29\\\/2024\\\/11\\\/Sarri.jpg\",\"contentUrl\":\"https:\\\/\\\/blogak.argia.eus\\\/jj-agirre\\\/wp-content\\\/uploads\\\/sites\\\/29\\\/2024\\\/11\\\/Sarri.jpg\",\"width\":593,\"height\":449},{\"@type\":\"BreadcrumbList\",\"@id\":\"https:\\\/\\\/blogak.argia.eus\\\/jj-agirre\\\/2024\\\/11\\\/14\\\/borondatea-nahikoa-ez-denean\\\/#breadcrumb\",\"itemListElement\":[{\"@type\":\"ListItem\",\"position\":1,\"name\":\"Home\",\"item\":\"https:\\\/\\\/blogak.argia.eus\\\/jj-agirre\\\/\"},{\"@type\":\"ListItem\",\"position\":2,\"name\":\"Borondatea nahikoa ez denean\"}]},{\"@type\":\"WebSite\",\"@id\":\"https:\\\/\\\/blogak.argia.eus\\\/jj-agirre\\\/#website\",\"url\":\"https:\\\/\\\/blogak.argia.eus\\\/jj-agirre\\\/\",\"name\":\"Arian-arian\",\"description\":\"Euskaraz eta hartaz-eta\",\"potentialAction\":[{\"@type\":\"SearchAction\",\"target\":{\"@type\":\"EntryPoint\",\"urlTemplate\":\"https:\\\/\\\/blogak.argia.eus\\\/jj-agirre\\\/?s={search_term_string}\"},\"query-input\":{\"@type\":\"PropertyValueSpecification\",\"valueRequired\":true,\"valueName\":\"search_term_string\"}}],\"inLanguage\":\"eu\"},{\"@type\":\"Person\",\"@id\":\"https:\\\/\\\/blogak.argia.eus\\\/jj-agirre\\\/#\\\/schema\\\/person\\\/1f805f0bef991f770ab3c252b69261e1\",\"name\":\"JJ Agirre\",\"image\":{\"@type\":\"ImageObject\",\"inLanguage\":\"eu\",\"@id\":\"https:\\\/\\\/secure.gravatar.com\\\/avatar\\\/5b0f406304ac734c5c161eb3015d7c1879c5aa93f543df514bee539d54f24893?s=96&d=mm&r=g\",\"url\":\"https:\\\/\\\/secure.gravatar.com\\\/avatar\\\/5b0f406304ac734c5c161eb3015d7c1879c5aa93f543df514bee539d54f24893?s=96&d=mm&r=g\",\"contentUrl\":\"https:\\\/\\\/secure.gravatar.com\\\/avatar\\\/5b0f406304ac734c5c161eb3015d7c1879c5aa93f543df514bee539d54f24893?s=96&d=mm&r=g\",\"caption\":\"JJ Agirre\"},\"url\":\"https:\\\/\\\/blogak.argia.eus\\\/jj-agirre\\\/author\\\/jj-agirre\\\/\"}]}<\/script>\n<!-- \/ Yoast SEO plugin. -->","yoast_head_json":{"title":"Borondatea nahikoa ez denean - Arian-arian","description":"Euskal Herrian, gehienetan, euskaraz aritu ahal izateko borondatea ez baita aski. Borondatea bai, eta grina, eta konbentzimendua, eta adorea behar baititu, euskaraz bizi nahi duenak, azken herri euskaldunetatik kanpo bederen.","robots":{"index":"index","follow":"follow","max-snippet":"max-snippet:-1","max-image-preview":"max-image-preview:large","max-video-preview":"max-video-preview:-1"},"canonical":"https:\/\/blogak.argia.eus\/jj-agirre\/2024\/11\/14\/borondatea-nahikoa-ez-denean\/","og_locale":"en_US","og_type":"article","og_title":"Borondatea nahikoa ez denean - Arian-arian","og_description":"Euskal Herrian, gehienetan, euskaraz aritu ahal izateko borondatea ez baita aski. Borondatea bai, eta grina, eta konbentzimendua, eta adorea behar baititu, euskaraz bizi nahi duenak, azken herri euskaldunetatik kanpo bederen.","og_url":"https:\/\/blogak.argia.eus\/jj-agirre\/2024\/11\/14\/borondatea-nahikoa-ez-denean\/","og_site_name":"Arian-arian","article_published_time":"2024-11-14T20:24:18+00:00","article_modified_time":"2024-11-15T07:43:25+00:00","og_image":[{"width":593,"height":449,"url":"https:\/\/blogak.argia.eus\/jj-agirre\/wp-content\/uploads\/sites\/29\/2024\/11\/Sarri.jpg","type":"image\/jpeg"}],"author":"JJ Agirre","twitter_card":"summary_large_image","twitter_misc":{"Written by":"JJ Agirre","Est. reading time":"3 minutua"},"schema":{"@context":"https:\/\/schema.org","@graph":[{"@type":"Article","@id":"https:\/\/blogak.argia.eus\/jj-agirre\/2024\/11\/14\/borondatea-nahikoa-ez-denean\/#article","isPartOf":{"@id":"https:\/\/blogak.argia.eus\/jj-agirre\/2024\/11\/14\/borondatea-nahikoa-ez-denean\/"},"author":{"name":"JJ Agirre","@id":"https:\/\/blogak.argia.eus\/jj-agirre\/#\/schema\/person\/1f805f0bef991f770ab3c252b69261e1"},"headline":"Borondatea nahikoa ez denean","datePublished":"2024-11-14T20:24:18+00:00","dateModified":"2024-11-15T07:43:25+00:00","mainEntityOfPage":{"@id":"https:\/\/blogak.argia.eus\/jj-agirre\/2024\/11\/14\/borondatea-nahikoa-ez-denean\/"},"wordCount":474,"commentCount":0,"image":{"@id":"https:\/\/blogak.argia.eus\/jj-agirre\/2024\/11\/14\/borondatea-nahikoa-ez-denean\/#primaryimage"},"thumbnailUrl":"https:\/\/blogak.argia.eus\/jj-agirre\/wp-content\/uploads\/sites\/29\/2024\/11\/Sarri-300x227.jpg","keywords":["Borondatea","erresistentzia","harrotasuna","zapalkuntza"],"articleSection":["Hizkuntza eskubideak"],"inLanguage":"eu","potentialAction":[{"@type":"CommentAction","name":"Comment","target":["https:\/\/blogak.argia.eus\/jj-agirre\/2024\/11\/14\/borondatea-nahikoa-ez-denean\/#respond"]}]},{"@type":"WebPage","@id":"https:\/\/blogak.argia.eus\/jj-agirre\/2024\/11\/14\/borondatea-nahikoa-ez-denean\/","url":"https:\/\/blogak.argia.eus\/jj-agirre\/2024\/11\/14\/borondatea-nahikoa-ez-denean\/","name":"Borondatea nahikoa ez denean - Arian-arian","isPartOf":{"@id":"https:\/\/blogak.argia.eus\/jj-agirre\/#website"},"primaryImageOfPage":{"@id":"https:\/\/blogak.argia.eus\/jj-agirre\/2024\/11\/14\/borondatea-nahikoa-ez-denean\/#primaryimage"},"image":{"@id":"https:\/\/blogak.argia.eus\/jj-agirre\/2024\/11\/14\/borondatea-nahikoa-ez-denean\/#primaryimage"},"thumbnailUrl":"https:\/\/blogak.argia.eus\/jj-agirre\/wp-content\/uploads\/sites\/29\/2024\/11\/Sarri-300x227.jpg","datePublished":"2024-11-14T20:24:18+00:00","dateModified":"2024-11-15T07:43:25+00:00","author":{"@id":"https:\/\/blogak.argia.eus\/jj-agirre\/#\/schema\/person\/1f805f0bef991f770ab3c252b69261e1"},"description":"Euskal Herrian, gehienetan, euskaraz aritu ahal izateko borondatea ez baita aski. Borondatea bai, eta grina, eta konbentzimendua, eta adorea behar baititu, euskaraz bizi nahi duenak, azken herri euskaldunetatik kanpo bederen.","breadcrumb":{"@id":"https:\/\/blogak.argia.eus\/jj-agirre\/2024\/11\/14\/borondatea-nahikoa-ez-denean\/#breadcrumb"},"inLanguage":"eu","potentialAction":[{"@type":"ReadAction","target":["https:\/\/blogak.argia.eus\/jj-agirre\/2024\/11\/14\/borondatea-nahikoa-ez-denean\/"]}]},{"@type":"ImageObject","inLanguage":"eu","@id":"https:\/\/blogak.argia.eus\/jj-agirre\/2024\/11\/14\/borondatea-nahikoa-ez-denean\/#primaryimage","url":"https:\/\/blogak.argia.eus\/jj-agirre\/wp-content\/uploads\/sites\/29\/2024\/11\/Sarri.jpg","contentUrl":"https:\/\/blogak.argia.eus\/jj-agirre\/wp-content\/uploads\/sites\/29\/2024\/11\/Sarri.jpg","width":593,"height":449},{"@type":"BreadcrumbList","@id":"https:\/\/blogak.argia.eus\/jj-agirre\/2024\/11\/14\/borondatea-nahikoa-ez-denean\/#breadcrumb","itemListElement":[{"@type":"ListItem","position":1,"name":"Home","item":"https:\/\/blogak.argia.eus\/jj-agirre\/"},{"@type":"ListItem","position":2,"name":"Borondatea nahikoa ez denean"}]},{"@type":"WebSite","@id":"https:\/\/blogak.argia.eus\/jj-agirre\/#website","url":"https:\/\/blogak.argia.eus\/jj-agirre\/","name":"Arian-arian","description":"Euskaraz eta hartaz-eta","potentialAction":[{"@type":"SearchAction","target":{"@type":"EntryPoint","urlTemplate":"https:\/\/blogak.argia.eus\/jj-agirre\/?s={search_term_string}"},"query-input":{"@type":"PropertyValueSpecification","valueRequired":true,"valueName":"search_term_string"}}],"inLanguage":"eu"},{"@type":"Person","@id":"https:\/\/blogak.argia.eus\/jj-agirre\/#\/schema\/person\/1f805f0bef991f770ab3c252b69261e1","name":"JJ Agirre","image":{"@type":"ImageObject","inLanguage":"eu","@id":"https:\/\/secure.gravatar.com\/avatar\/5b0f406304ac734c5c161eb3015d7c1879c5aa93f543df514bee539d54f24893?s=96&d=mm&r=g","url":"https:\/\/secure.gravatar.com\/avatar\/5b0f406304ac734c5c161eb3015d7c1879c5aa93f543df514bee539d54f24893?s=96&d=mm&r=g","contentUrl":"https:\/\/secure.gravatar.com\/avatar\/5b0f406304ac734c5c161eb3015d7c1879c5aa93f543df514bee539d54f24893?s=96&d=mm&r=g","caption":"JJ Agirre"},"url":"https:\/\/blogak.argia.eus\/jj-agirre\/author\/jj-agirre\/"}]}},"_links":{"self":[{"href":"https:\/\/blogak.argia.eus\/jj-agirre\/wp-json\/wp\/v2\/posts\/271","targetHints":{"allow":["GET"]}}],"collection":[{"href":"https:\/\/blogak.argia.eus\/jj-agirre\/wp-json\/wp\/v2\/posts"}],"about":[{"href":"https:\/\/blogak.argia.eus\/jj-agirre\/wp-json\/wp\/v2\/types\/post"}],"author":[{"embeddable":true,"href":"https:\/\/blogak.argia.eus\/jj-agirre\/wp-json\/wp\/v2\/users\/26"}],"replies":[{"embeddable":true,"href":"https:\/\/blogak.argia.eus\/jj-agirre\/wp-json\/wp\/v2\/comments?post=271"}],"version-history":[{"count":6,"href":"https:\/\/blogak.argia.eus\/jj-agirre\/wp-json\/wp\/v2\/posts\/271\/revisions"}],"predecessor-version":[{"id":278,"href":"https:\/\/blogak.argia.eus\/jj-agirre\/wp-json\/wp\/v2\/posts\/271\/revisions\/278"}],"wp:attachment":[{"href":"https:\/\/blogak.argia.eus\/jj-agirre\/wp-json\/wp\/v2\/media?parent=271"}],"wp:term":[{"taxonomy":"category","embeddable":true,"href":"https:\/\/blogak.argia.eus\/jj-agirre\/wp-json\/wp\/v2\/categories?post=271"},{"taxonomy":"post_tag","embeddable":true,"href":"https:\/\/blogak.argia.eus\/jj-agirre\/wp-json\/wp\/v2\/tags?post=271"}],"curies":[{"name":"wp","href":"https:\/\/api.w.org\/{rel}","templated":true}]}}