{"id":87,"date":"2019-06-09T21:23:39","date_gmt":"2019-06-09T19:23:39","guid":{"rendered":"http:\/\/www.argia.eus\/blogak\/jj-agirre\/?p=87"},"modified":"2019-06-09T21:23:39","modified_gmt":"2019-06-09T19:23:39","slug":"pixka-bat-es-muchotarra-da-psoeajren-hizkuntza-politika","status":"publish","type":"post","link":"https:\/\/blogak.argia.eus\/jj-agirre\/2019\/06\/09\/pixka-bat-es-muchotarra-da-psoeajren-hizkuntza-politika\/","title":{"rendered":"Pixka bat es muchotarra da PSOEAJren hizkuntza politika"},"content":{"rendered":"<p><img loading=\"lazy\" decoding=\"async\" class=\"size-medium wp-image-88\" src=\"https:\/\/blogak.argia.eus\/jj-agirre\/wp-content\/uploads\/sites\/29\/2019\/06\/celaa-300x154.jpg\" alt=\"\" width=\"300\" height=\"154\" \/><\/p>\n<p><strong>PSOErekin adostuak dira EAJren hizkuntza politikaren zenbait atal. PSOEk arrasto-zauri sakona utzi du zalantza barik.<\/strong><\/p>\n<p>Urteak dira Jaurlaritzak Euskal Herria izendatzen ez duela, adibidez, eta bere ordez \u201ceuskararen lurraldeak\u201d aipatzen dituela, edo \u201cEuskadi, Nafarroa eta Iparralde\u201d (sic).<\/p>\n<p>Jaurlaritzaren Lakuako egoitzan, pasabideetako hormetan geratzen den euskararen \u201caldeko\u201d afitxa bakarrak Patxi Lopezen garaikoak dira. Bertan euskararen erabilerak mugarik ez duela aldarrikatzen da, eta Tolosan, Lisboan bezala erabili dezakegula iradokitzen. Erabilera borondate kontu hutsa dela\u2026 Gehiago erabiltzen ez bada gure errua dela, bestela esanda.<\/p>\n<p><a href=\"https:\/\/www.elmundo.es\/pais-vasco\/2015\/07\/21\/55ae17a3ca474163558b4573.html\" target=\"_blank\" rel=\"noopener noreferrer\">PSOEk ekin zion EGA azterketari erasotzeari<\/a>, urteak direla, zailegia zela esanez. Ekin eta ekin, lortu du EAJ makurraraztea (euskalgintzaren erantzun(?) epela lagun, oraingoan ere).<\/p>\n<p><strong><a href=\"https:\/\/www.argia.eus\/albistea\/pixka-bat-es-mucho-hori-ote-haberen-c1-maila\" target=\"_blank\" rel=\"noopener noreferrer\">Hezkuntza Sailaren babesik eza salatu duten EGA-aztertzaileek<\/a><\/strong>, eta luzatu dute galdera:<br \/>\n\u201cZer hizkuntz gaitasun dute Europako herrialdeetako irakasleek, kazetariek, idazkariek, sendagileek?\u2026 Nolako hizkuntz ereduak nahi ditugu gure haur, gazte eta herritarrentzat?<\/p>\n<p>ISEIk, Irakas Sistema Ebaluatzeko eta Ikertzeko Erakundeak 2005ean DBHko ikasleek euskaraz zuten irakurketaren ulermen maila (gaitasun pasiboa) ikertu zuen, ondorioa hauxe:<\/p>\n<p>DBH 4 mailako ikasleen %47,3k baino ez zuten lortzen B2 maila. Harrezkero egindako azterketek ez dute emaitza hoberik izan. Soilik irakurketa neurtuta!<\/p>\n<p>Zein litzateke emaitza azterketa horiek idazmena eta ahozkotasuna neurtu izan balituzte?\u201d<\/p>\n<p>Salaketa ez da erren geratu oraingoan:<\/p>\n<p>\u201cHABEk C1 mailaren ardura bere gain hartzeak ez du azterketarien euskara maila hobetzea ekarriko. Eta emaitzak hobetzen badira, eta hobetuko dira, erabaki politikoa baita, ez da izango azterketarien maila nabarmen hobetu delako, baizik eta HABEk nabarmen jaitsiko duelako eskakizun maila\u201d.<\/p>\n<p><a href=\"https:\/\/www.berria.eus\/paperekoa\/5001947\/031\/002\/2019-06-02\/hezkuntza-sailak-euskarekiko-ezintasuna-ezkutatu-nahi-du-ega-desagerraraztearekin.htm\" target=\"_blank\" rel=\"noopener noreferrer\">Are zorrotzago mintzatu da Imanol Goienaga ondotik<\/a>:<\/p>\n<p>\u201cHezkuntza Sailean euskararekiko\u00a0<strong>emaitzak gero eta okerragoak dira<\/strong>. Gaiari, bai orduetan eta bai sakontasunean\u2026 garrantzia kentzen ibili baitira urterik urte. Ikasleei eman\u00a0<strong>eskolak gero eta eskasagoak<\/strong>\u00a0dira, orokorrean, eta beti\u00a0<strong>irakasleen borondate onaren pentzudan<\/strong>\u00a0eratuak; eskoletan euskaraz modu naturalean jardutea gero eta ezohikoagoa bilkatu da, eta erabat\u00a0<strong>erdaraz aritzea gero eta onartuagoa<\/strong>\u00a0edonon.<\/p>\n<p><strong>Eskoletan erdararen menpe jarraitzen du euskarak<\/strong>\u2026 Material eta liburuei dagokienez ere, euskaraz asmatutako materialik ez dago ia, itzulpen ez beti egokietan oinarritzen da gehiena . Irakasle askoren euskara maila zabartzen joan da urterik urte\u2026<\/p>\n<p>Oposizioetan ere, azterketak euskaraz egitea borondatezkoa da\u2026 Eskatzen den zertifikazioa C1 mailakoa da eta ez C2\u2026 Euskara mailaren endekatze-egoera honen aurrean euskarari behar duen garrantzia eman eta neurri egokiak erabaki ordez, Hezkuntza Sailak begiak estali eta maila jaitsi nahi du berriro ere.\u00a0<strong>Horixe da eta ez beste ezer EGA desagertzearen arrazoia<\/strong>\u201d<\/p>\n<p><strong>PSOEren koarteletan<\/strong>, Cel\u00e1a, Gasco, Chivite, Esporr\u00edn, edota Riveraren etxeetan pozarren behar dute. Beste gol bat Espa\u00f1a Hunaren alde.\u00a0<a href=\"https:\/\/zuzeu.eus\/saila\/euskal-herria\/\" target=\"_blank\" rel=\"noopener noreferrer\">Beste<\/a>\u00a0arrakala bat \u201ceuskararen lurraldeetan\u201d.<\/p>\n<p>EAJrenetan batek daki. Denetik egongo da.<\/p>\n<p>Eta beste eragile abertzaleak non ote? \u201cGizarte poliedrikoa\u201d eraikitzen?<\/p>\n","protected":false},"excerpt":{"rendered":"<p>PSOErekin adostuak dira EAJren hizkuntza politikaren zenbait atal. PSOEk arrasto-zauri sakona utzi du zalantza barik. Urteak dira Jaurlaritzak Euskal Herria izendatzen ez duela, adibidez, eta bere ordez \u201ceuskararen lurraldeak\u201d aipatzen dituela, edo \u201cEuskadi, Nafarroa eta Iparralde\u201d (sic). Jaurlaritzaren Lakuako egoitzan, pasabideetako hormetan geratzen den euskararen \u201caldeko\u201d afitxa bakarrak Patxi Lopezen garaikoak dira. Bertan euskararen erabilerak [&hellip;]<\/p>\n","protected":false},"author":26,"featured_media":0,"comment_status":"open","ping_status":"open","sticky":false,"template":"","format":"standard","meta":{"footnotes":""},"categories":[1],"tags":[],"class_list":["post-87","post","type-post","status-publish","format-standard","hentry","category-sailkatu-gabea"],"yoast_head":"<!-- This site is optimized with the Yoast SEO plugin v27.3 - https:\/\/yoast.com\/product\/yoast-seo-wordpress\/ -->\n<title>Pixka bat es muchotarra da PSOEAJren hizkuntza politika - Arian-arian<\/title>\n<meta name=\"robots\" content=\"index, follow, max-snippet:-1, max-image-preview:large, max-video-preview:-1\" \/>\n<link rel=\"canonical\" href=\"https:\/\/blogak.argia.eus\/jj-agirre\/2019\/06\/09\/pixka-bat-es-muchotarra-da-psoeajren-hizkuntza-politika\/\" \/>\n<meta property=\"og:locale\" content=\"en_US\" \/>\n<meta property=\"og:type\" content=\"article\" \/>\n<meta property=\"og:title\" content=\"Pixka bat es muchotarra da PSOEAJren hizkuntza politika - Arian-arian\" \/>\n<meta property=\"og:description\" content=\"PSOErekin adostuak dira EAJren hizkuntza politikaren zenbait atal. PSOEk arrasto-zauri sakona utzi du zalantza barik. Urteak dira Jaurlaritzak Euskal Herria izendatzen ez duela, adibidez, eta bere ordez \u201ceuskararen lurraldeak\u201d aipatzen dituela, edo \u201cEuskadi, Nafarroa eta Iparralde\u201d (sic). Jaurlaritzaren Lakuako egoitzan, pasabideetako hormetan geratzen den euskararen \u201caldeko\u201d afitxa bakarrak Patxi Lopezen garaikoak dira. Bertan euskararen erabilerak [&hellip;]\" \/>\n<meta property=\"og:url\" content=\"https:\/\/blogak.argia.eus\/jj-agirre\/2019\/06\/09\/pixka-bat-es-muchotarra-da-psoeajren-hizkuntza-politika\/\" \/>\n<meta property=\"og:site_name\" content=\"Arian-arian\" \/>\n<meta property=\"article:published_time\" content=\"2019-06-09T19:23:39+00:00\" \/>\n<meta property=\"og:image\" content=\"https:\/\/blogak.argia.eus\/jj-agirre\/wp-content\/uploads\/sites\/29\/2019\/06\/celaa-300x154.jpg\" \/>\n<meta name=\"author\" content=\"JJ Agirre\" \/>\n<meta name=\"twitter:card\" content=\"summary_large_image\" \/>\n<meta name=\"twitter:label1\" content=\"Written by\" \/>\n\t<meta name=\"twitter:data1\" content=\"JJ Agirre\" \/>\n\t<meta name=\"twitter:label2\" content=\"Est. reading time\" \/>\n\t<meta name=\"twitter:data2\" content=\"2 minutua\" \/>\n<script type=\"application\/ld+json\" class=\"yoast-schema-graph\">{\"@context\":\"https:\\\/\\\/schema.org\",\"@graph\":[{\"@type\":\"Article\",\"@id\":\"https:\\\/\\\/blogak.argia.eus\\\/jj-agirre\\\/2019\\\/06\\\/09\\\/pixka-bat-es-muchotarra-da-psoeajren-hizkuntza-politika\\\/#article\",\"isPartOf\":{\"@id\":\"https:\\\/\\\/blogak.argia.eus\\\/jj-agirre\\\/2019\\\/06\\\/09\\\/pixka-bat-es-muchotarra-da-psoeajren-hizkuntza-politika\\\/\"},\"author\":{\"name\":\"JJ Agirre\",\"@id\":\"https:\\\/\\\/blogak.argia.eus\\\/jj-agirre\\\/#\\\/schema\\\/person\\\/1f805f0bef991f770ab3c252b69261e1\"},\"headline\":\"Pixka bat es muchotarra da PSOEAJren hizkuntza politika\",\"datePublished\":\"2019-06-09T19:23:39+00:00\",\"mainEntityOfPage\":{\"@id\":\"https:\\\/\\\/blogak.argia.eus\\\/jj-agirre\\\/2019\\\/06\\\/09\\\/pixka-bat-es-muchotarra-da-psoeajren-hizkuntza-politika\\\/\"},\"wordCount\":428,\"commentCount\":1,\"image\":{\"@id\":\"https:\\\/\\\/blogak.argia.eus\\\/jj-agirre\\\/2019\\\/06\\\/09\\\/pixka-bat-es-muchotarra-da-psoeajren-hizkuntza-politika\\\/#primaryimage\"},\"thumbnailUrl\":\"https:\\\/\\\/blogak.argia.eus\\\/jj-agirre\\\/wp-content\\\/uploads\\\/sites\\\/29\\\/2019\\\/06\\\/celaa-300x154.jpg\",\"inLanguage\":\"eu\",\"potentialAction\":[{\"@type\":\"CommentAction\",\"name\":\"Comment\",\"target\":[\"https:\\\/\\\/blogak.argia.eus\\\/jj-agirre\\\/2019\\\/06\\\/09\\\/pixka-bat-es-muchotarra-da-psoeajren-hizkuntza-politika\\\/#respond\"]}]},{\"@type\":\"WebPage\",\"@id\":\"https:\\\/\\\/blogak.argia.eus\\\/jj-agirre\\\/2019\\\/06\\\/09\\\/pixka-bat-es-muchotarra-da-psoeajren-hizkuntza-politika\\\/\",\"url\":\"https:\\\/\\\/blogak.argia.eus\\\/jj-agirre\\\/2019\\\/06\\\/09\\\/pixka-bat-es-muchotarra-da-psoeajren-hizkuntza-politika\\\/\",\"name\":\"Pixka bat es muchotarra da PSOEAJren hizkuntza politika - Arian-arian\",\"isPartOf\":{\"@id\":\"https:\\\/\\\/blogak.argia.eus\\\/jj-agirre\\\/#website\"},\"primaryImageOfPage\":{\"@id\":\"https:\\\/\\\/blogak.argia.eus\\\/jj-agirre\\\/2019\\\/06\\\/09\\\/pixka-bat-es-muchotarra-da-psoeajren-hizkuntza-politika\\\/#primaryimage\"},\"image\":{\"@id\":\"https:\\\/\\\/blogak.argia.eus\\\/jj-agirre\\\/2019\\\/06\\\/09\\\/pixka-bat-es-muchotarra-da-psoeajren-hizkuntza-politika\\\/#primaryimage\"},\"thumbnailUrl\":\"https:\\\/\\\/blogak.argia.eus\\\/jj-agirre\\\/wp-content\\\/uploads\\\/sites\\\/29\\\/2019\\\/06\\\/celaa-300x154.jpg\",\"datePublished\":\"2019-06-09T19:23:39+00:00\",\"author\":{\"@id\":\"https:\\\/\\\/blogak.argia.eus\\\/jj-agirre\\\/#\\\/schema\\\/person\\\/1f805f0bef991f770ab3c252b69261e1\"},\"breadcrumb\":{\"@id\":\"https:\\\/\\\/blogak.argia.eus\\\/jj-agirre\\\/2019\\\/06\\\/09\\\/pixka-bat-es-muchotarra-da-psoeajren-hizkuntza-politika\\\/#breadcrumb\"},\"inLanguage\":\"eu\",\"potentialAction\":[{\"@type\":\"ReadAction\",\"target\":[\"https:\\\/\\\/blogak.argia.eus\\\/jj-agirre\\\/2019\\\/06\\\/09\\\/pixka-bat-es-muchotarra-da-psoeajren-hizkuntza-politika\\\/\"]}]},{\"@type\":\"ImageObject\",\"inLanguage\":\"eu\",\"@id\":\"https:\\\/\\\/blogak.argia.eus\\\/jj-agirre\\\/2019\\\/06\\\/09\\\/pixka-bat-es-muchotarra-da-psoeajren-hizkuntza-politika\\\/#primaryimage\",\"url\":\"https:\\\/\\\/blogak.argia.eus\\\/jj-agirre\\\/wp-content\\\/uploads\\\/sites\\\/29\\\/2019\\\/06\\\/celaa-300x154.jpg\",\"contentUrl\":\"https:\\\/\\\/blogak.argia.eus\\\/jj-agirre\\\/wp-content\\\/uploads\\\/sites\\\/29\\\/2019\\\/06\\\/celaa-300x154.jpg\"},{\"@type\":\"BreadcrumbList\",\"@id\":\"https:\\\/\\\/blogak.argia.eus\\\/jj-agirre\\\/2019\\\/06\\\/09\\\/pixka-bat-es-muchotarra-da-psoeajren-hizkuntza-politika\\\/#breadcrumb\",\"itemListElement\":[{\"@type\":\"ListItem\",\"position\":1,\"name\":\"Home\",\"item\":\"https:\\\/\\\/blogak.argia.eus\\\/jj-agirre\\\/\"},{\"@type\":\"ListItem\",\"position\":2,\"name\":\"Pixka bat es muchotarra da PSOEAJren hizkuntza politika\"}]},{\"@type\":\"WebSite\",\"@id\":\"https:\\\/\\\/blogak.argia.eus\\\/jj-agirre\\\/#website\",\"url\":\"https:\\\/\\\/blogak.argia.eus\\\/jj-agirre\\\/\",\"name\":\"Arian-arian\",\"description\":\"Euskaraz eta hartaz-eta\",\"potentialAction\":[{\"@type\":\"SearchAction\",\"target\":{\"@type\":\"EntryPoint\",\"urlTemplate\":\"https:\\\/\\\/blogak.argia.eus\\\/jj-agirre\\\/?s={search_term_string}\"},\"query-input\":{\"@type\":\"PropertyValueSpecification\",\"valueRequired\":true,\"valueName\":\"search_term_string\"}}],\"inLanguage\":\"eu\"},{\"@type\":\"Person\",\"@id\":\"https:\\\/\\\/blogak.argia.eus\\\/jj-agirre\\\/#\\\/schema\\\/person\\\/1f805f0bef991f770ab3c252b69261e1\",\"name\":\"JJ Agirre\",\"image\":{\"@type\":\"ImageObject\",\"inLanguage\":\"eu\",\"@id\":\"https:\\\/\\\/secure.gravatar.com\\\/avatar\\\/5b0f406304ac734c5c161eb3015d7c1879c5aa93f543df514bee539d54f24893?s=96&d=mm&r=g\",\"url\":\"https:\\\/\\\/secure.gravatar.com\\\/avatar\\\/5b0f406304ac734c5c161eb3015d7c1879c5aa93f543df514bee539d54f24893?s=96&d=mm&r=g\",\"contentUrl\":\"https:\\\/\\\/secure.gravatar.com\\\/avatar\\\/5b0f406304ac734c5c161eb3015d7c1879c5aa93f543df514bee539d54f24893?s=96&d=mm&r=g\",\"caption\":\"JJ Agirre\"},\"url\":\"https:\\\/\\\/blogak.argia.eus\\\/jj-agirre\\\/author\\\/jj-agirre\\\/\"}]}<\/script>\n<!-- \/ Yoast SEO plugin. -->","yoast_head_json":{"title":"Pixka bat es muchotarra da PSOEAJren hizkuntza politika - Arian-arian","robots":{"index":"index","follow":"follow","max-snippet":"max-snippet:-1","max-image-preview":"max-image-preview:large","max-video-preview":"max-video-preview:-1"},"canonical":"https:\/\/blogak.argia.eus\/jj-agirre\/2019\/06\/09\/pixka-bat-es-muchotarra-da-psoeajren-hizkuntza-politika\/","og_locale":"en_US","og_type":"article","og_title":"Pixka bat es muchotarra da PSOEAJren hizkuntza politika - Arian-arian","og_description":"PSOErekin adostuak dira EAJren hizkuntza politikaren zenbait atal. PSOEk arrasto-zauri sakona utzi du zalantza barik. Urteak dira Jaurlaritzak Euskal Herria izendatzen ez duela, adibidez, eta bere ordez \u201ceuskararen lurraldeak\u201d aipatzen dituela, edo \u201cEuskadi, Nafarroa eta Iparralde\u201d (sic). Jaurlaritzaren Lakuako egoitzan, pasabideetako hormetan geratzen den euskararen \u201caldeko\u201d afitxa bakarrak Patxi Lopezen garaikoak dira. Bertan euskararen erabilerak [&hellip;]","og_url":"https:\/\/blogak.argia.eus\/jj-agirre\/2019\/06\/09\/pixka-bat-es-muchotarra-da-psoeajren-hizkuntza-politika\/","og_site_name":"Arian-arian","article_published_time":"2019-06-09T19:23:39+00:00","og_image":[{"url":"https:\/\/blogak.argia.eus\/jj-agirre\/wp-content\/uploads\/sites\/29\/2019\/06\/celaa-300x154.jpg","type":"","width":"","height":""}],"author":"JJ Agirre","twitter_card":"summary_large_image","twitter_misc":{"Written by":"JJ Agirre","Est. reading time":"2 minutua"},"schema":{"@context":"https:\/\/schema.org","@graph":[{"@type":"Article","@id":"https:\/\/blogak.argia.eus\/jj-agirre\/2019\/06\/09\/pixka-bat-es-muchotarra-da-psoeajren-hizkuntza-politika\/#article","isPartOf":{"@id":"https:\/\/blogak.argia.eus\/jj-agirre\/2019\/06\/09\/pixka-bat-es-muchotarra-da-psoeajren-hizkuntza-politika\/"},"author":{"name":"JJ Agirre","@id":"https:\/\/blogak.argia.eus\/jj-agirre\/#\/schema\/person\/1f805f0bef991f770ab3c252b69261e1"},"headline":"Pixka bat es muchotarra da PSOEAJren hizkuntza politika","datePublished":"2019-06-09T19:23:39+00:00","mainEntityOfPage":{"@id":"https:\/\/blogak.argia.eus\/jj-agirre\/2019\/06\/09\/pixka-bat-es-muchotarra-da-psoeajren-hizkuntza-politika\/"},"wordCount":428,"commentCount":1,"image":{"@id":"https:\/\/blogak.argia.eus\/jj-agirre\/2019\/06\/09\/pixka-bat-es-muchotarra-da-psoeajren-hizkuntza-politika\/#primaryimage"},"thumbnailUrl":"https:\/\/blogak.argia.eus\/jj-agirre\/wp-content\/uploads\/sites\/29\/2019\/06\/celaa-300x154.jpg","inLanguage":"eu","potentialAction":[{"@type":"CommentAction","name":"Comment","target":["https:\/\/blogak.argia.eus\/jj-agirre\/2019\/06\/09\/pixka-bat-es-muchotarra-da-psoeajren-hizkuntza-politika\/#respond"]}]},{"@type":"WebPage","@id":"https:\/\/blogak.argia.eus\/jj-agirre\/2019\/06\/09\/pixka-bat-es-muchotarra-da-psoeajren-hizkuntza-politika\/","url":"https:\/\/blogak.argia.eus\/jj-agirre\/2019\/06\/09\/pixka-bat-es-muchotarra-da-psoeajren-hizkuntza-politika\/","name":"Pixka bat es muchotarra da PSOEAJren hizkuntza politika - Arian-arian","isPartOf":{"@id":"https:\/\/blogak.argia.eus\/jj-agirre\/#website"},"primaryImageOfPage":{"@id":"https:\/\/blogak.argia.eus\/jj-agirre\/2019\/06\/09\/pixka-bat-es-muchotarra-da-psoeajren-hizkuntza-politika\/#primaryimage"},"image":{"@id":"https:\/\/blogak.argia.eus\/jj-agirre\/2019\/06\/09\/pixka-bat-es-muchotarra-da-psoeajren-hizkuntza-politika\/#primaryimage"},"thumbnailUrl":"https:\/\/blogak.argia.eus\/jj-agirre\/wp-content\/uploads\/sites\/29\/2019\/06\/celaa-300x154.jpg","datePublished":"2019-06-09T19:23:39+00:00","author":{"@id":"https:\/\/blogak.argia.eus\/jj-agirre\/#\/schema\/person\/1f805f0bef991f770ab3c252b69261e1"},"breadcrumb":{"@id":"https:\/\/blogak.argia.eus\/jj-agirre\/2019\/06\/09\/pixka-bat-es-muchotarra-da-psoeajren-hizkuntza-politika\/#breadcrumb"},"inLanguage":"eu","potentialAction":[{"@type":"ReadAction","target":["https:\/\/blogak.argia.eus\/jj-agirre\/2019\/06\/09\/pixka-bat-es-muchotarra-da-psoeajren-hizkuntza-politika\/"]}]},{"@type":"ImageObject","inLanguage":"eu","@id":"https:\/\/blogak.argia.eus\/jj-agirre\/2019\/06\/09\/pixka-bat-es-muchotarra-da-psoeajren-hizkuntza-politika\/#primaryimage","url":"https:\/\/blogak.argia.eus\/jj-agirre\/wp-content\/uploads\/sites\/29\/2019\/06\/celaa-300x154.jpg","contentUrl":"https:\/\/blogak.argia.eus\/jj-agirre\/wp-content\/uploads\/sites\/29\/2019\/06\/celaa-300x154.jpg"},{"@type":"BreadcrumbList","@id":"https:\/\/blogak.argia.eus\/jj-agirre\/2019\/06\/09\/pixka-bat-es-muchotarra-da-psoeajren-hizkuntza-politika\/#breadcrumb","itemListElement":[{"@type":"ListItem","position":1,"name":"Home","item":"https:\/\/blogak.argia.eus\/jj-agirre\/"},{"@type":"ListItem","position":2,"name":"Pixka bat es muchotarra da PSOEAJren hizkuntza politika"}]},{"@type":"WebSite","@id":"https:\/\/blogak.argia.eus\/jj-agirre\/#website","url":"https:\/\/blogak.argia.eus\/jj-agirre\/","name":"Arian-arian","description":"Euskaraz eta hartaz-eta","potentialAction":[{"@type":"SearchAction","target":{"@type":"EntryPoint","urlTemplate":"https:\/\/blogak.argia.eus\/jj-agirre\/?s={search_term_string}"},"query-input":{"@type":"PropertyValueSpecification","valueRequired":true,"valueName":"search_term_string"}}],"inLanguage":"eu"},{"@type":"Person","@id":"https:\/\/blogak.argia.eus\/jj-agirre\/#\/schema\/person\/1f805f0bef991f770ab3c252b69261e1","name":"JJ Agirre","image":{"@type":"ImageObject","inLanguage":"eu","@id":"https:\/\/secure.gravatar.com\/avatar\/5b0f406304ac734c5c161eb3015d7c1879c5aa93f543df514bee539d54f24893?s=96&d=mm&r=g","url":"https:\/\/secure.gravatar.com\/avatar\/5b0f406304ac734c5c161eb3015d7c1879c5aa93f543df514bee539d54f24893?s=96&d=mm&r=g","contentUrl":"https:\/\/secure.gravatar.com\/avatar\/5b0f406304ac734c5c161eb3015d7c1879c5aa93f543df514bee539d54f24893?s=96&d=mm&r=g","caption":"JJ Agirre"},"url":"https:\/\/blogak.argia.eus\/jj-agirre\/author\/jj-agirre\/"}]}},"_links":{"self":[{"href":"https:\/\/blogak.argia.eus\/jj-agirre\/wp-json\/wp\/v2\/posts\/87","targetHints":{"allow":["GET"]}}],"collection":[{"href":"https:\/\/blogak.argia.eus\/jj-agirre\/wp-json\/wp\/v2\/posts"}],"about":[{"href":"https:\/\/blogak.argia.eus\/jj-agirre\/wp-json\/wp\/v2\/types\/post"}],"author":[{"embeddable":true,"href":"https:\/\/blogak.argia.eus\/jj-agirre\/wp-json\/wp\/v2\/users\/26"}],"replies":[{"embeddable":true,"href":"https:\/\/blogak.argia.eus\/jj-agirre\/wp-json\/wp\/v2\/comments?post=87"}],"version-history":[{"count":0,"href":"https:\/\/blogak.argia.eus\/jj-agirre\/wp-json\/wp\/v2\/posts\/87\/revisions"}],"wp:attachment":[{"href":"https:\/\/blogak.argia.eus\/jj-agirre\/wp-json\/wp\/v2\/media?parent=87"}],"wp:term":[{"taxonomy":"category","embeddable":true,"href":"https:\/\/blogak.argia.eus\/jj-agirre\/wp-json\/wp\/v2\/categories?post=87"},{"taxonomy":"post_tag","embeddable":true,"href":"https:\/\/blogak.argia.eus\/jj-agirre\/wp-json\/wp\/v2\/tags?post=87"}],"curies":[{"name":"wp","href":"https:\/\/api.w.org\/{rel}","templated":true}]}}