{"id":105,"date":"2016-09-20T07:35:57","date_gmt":"2016-09-20T06:35:57","guid":{"rendered":"http:\/\/www.argia.eus\/blogak\/kooperarock\/?p=105"},"modified":"2016-09-20T07:35:57","modified_gmt":"2016-09-20T06:35:57","slug":"kooperatibagintza-hurbiletik-ezagutzen","status":"publish","type":"post","link":"https:\/\/blogak.argia.eus\/kooperarock\/2016\/09\/20\/kooperatibagintza-hurbiletik-ezagutzen\/","title":{"rendered":"Kooperatibagintza hurbiletik ezagutzen"},"content":{"rendered":"<h5 class=\"p1\"><span class=\"s1\"><span style=\"color: #c90808\">Egilea:<\/span> Unai Garcia,\u00a0bitartekaritza-taldea<\/span><\/h5>\n<p class=\"p1\"><span class=\"s1\">Bitartekaritza-taldea KunArte-n elkartu zen goizeko 9etan. 2016ko irailaren 7a zen, asteazkena, eta Eskoriatzan zain genituen, HUHEZI-n, Mondragon Unibertsitateko Humanitate eta Hezkuntza Zientzien fakultatean.\u00a0<a style=\"color: #c70404\" href=\"http:\/\/www.mondragon.edu\/eu\/huhezi\/ikerketa\/ikerketa-taldeak\/lanki\"><span class=\"s2\">Lanki<\/span><\/a>-ko hainbat kiderekin geratu ginen kooperatibismoa hurbilagotik ezagutzeko, guztiok ezagutzen dugun gauza baita, baina inork ez du erabat argi. Haiek izan dira orain arte Kooperarock proiektu hau aurrera atera dutenak, gizarte-ekonomiaren alorreko ezaguera kooperatiboak helaraziz. Aitzol Loiolak eta Maider Iriartek eman ziguten harrera eta berehala lortu zuten inguru hurbil eta atsegin bat ezartzea. Aitzol aita izan da bigarrengoz duela gutxi eta bere aitatasun-bajan dago, baina irribarre batekin hartu gintuen.<\/span><\/p>\n<p class=\"p1\"><span class=\"s1\">Bene-benetan eskertu genuen kafe bat hartu ondoren, fakultateko azken solairuko ikasgela bateko mahai baten inguruan bildu ginen. Maiderrek Lanki-ri, bere lanari eta bere ikerketa kooperatiboei buruzko aurkezpen labur eta interesgarria egin zigun.<\/span><\/p>\n<p class=\"p1\"><img loading=\"lazy\" decoding=\"async\" class=\"wp-image-81 aligncenter\" src=\"https:\/\/kooperarockcom.files.wordpress.com\/2016\/09\/foto-1-pg-de-la-reuniocc81n.jpg?w=680\" alt=\"foto-1-pg-de-la-reunion\" width=\"569\" height=\"320\" \/><\/p>\n<h5 class=\"p1\" style=\"text-align: center\"><span class=\"s1\"><b>Talde txikia baina oso estua<\/b><\/span><\/h5>\n<p class=\"p1\"><span class=\"s1\">Azkar asko, Aitzoli utzi zion txanda eta Aitzolek Leintz bailararen ibilbide historiko eta sozial batean barna lagundu gintuen. Momentu honetan entzun zuen taldeak lehenengoz bailarako kooperatibismoaren aita den Don Jos\u00e9 Mar\u00eda Arizmediarrietaren izena. Elizgizona Arrasatera bidali zuten Gerra Zibila amaituta eta berak ezarri zituen korronte honen oinarri teorikoak zonaldeko herritarren artean. Gizon honen pentsamoldearen aurkezpen bat aurki dezakegu\u00a0<span style=\"color: #cf0404\"><a style=\"color: #cf0404\" href=\"https:\/\/www.youtube.com\/watch?v=LTotAqAEXPA\"><span class=\"s2\">hemen<\/span><\/a><\/span>.<\/span><\/p>\n<p class=\"p1\"><span class=\"s1\">Zalantza orokorrak galdera zehatzago bilakatzen hasi ziren. Ongi, ados, baina nola gauzatzen da kooperatibismoaren gauza hori? Gauza bat baita teoriak azaltzea eta beste bat gauzak zehazten hastea. Gorro\u00f1ogoitia eta Ormaecheari buruz hitz egin ziguten, oraindik ere bizirik dauden eta 1955. urteko garai horietan izan ziren bi kideak.<\/span><\/p>\n<p class=\"p1\"><span class=\"s1\">Garai hartan, bailararen motor ekonomikoa Uni\u00f3n Cerrajera zen. Garai hartako testuingurua ezagutu eta ulertu beharra dago ohartzeko orduko lan-baldintzak gaur egungoak baina okerragoak zirela. Askoz ere okerragoak gainera. Gorro\u00f1ogoitiak eta Ormaecheak, dagoeneko hil diren Usatorre, Larra\u00f1aga eta Ortubayrekin batera, Uni\u00f3n Cerrajera utzi zuten eta Ulgor sortu ziren, beranduago Fagor izena hartuko zuena. Izen hori oso ezaguna zaigu, noski. Aurreko guztiari buruz, aldiz, ez genekien ezer ere ez.<\/span><\/p>\n<p class=\"p1\"><span class=\"s1\">Bilera aurrera joan ahala geroz eta galdera gehiago genituen eta horrek esan nahi zuen bide onetik gindoazela. Aitzolek proposatu zigun kooperatibismoa zer den islatzen duen elementu batean pentsa genezan, eta gainera marrazten saia gintezen! Bi taldetan antolatu ginen, bakoitza bere istorio eta bitxitasunekin. Aizu, emaitza harrigarria izan zen. Zer pentsatu ez genekiela hasi ginen eta berehala hasi ziren ideiak sortzen, ohe elastiko batera edo pieza askoko puzzle batera iritsi arte, pieza bakoitza beharrezkoa baita hurrengoa eusteko eta unitate handi bat sortzeko. Ideia interesgarriak, ezta?<\/span><\/p>\n<p class=\"p1\"><img loading=\"lazy\" decoding=\"async\" class=\"wp-image-82 aligncenter\" src=\"https:\/\/kooperarockcom.files.wordpress.com\/2016\/09\/foto2-cama-elacc81stica.jpg?w=300\" alt=\"foto2-cama-elastica\" width=\"580\" height=\"327\" \/><\/p>\n<h5 class=\"p1\" style=\"text-align: center\"><span class=\"s1\"><b>Ohe elastikoak koordinazioa eskatzen du osagaien oreka lortzeko<\/b><\/span><\/h5>\n<p class=\"p1\"><span class=\"s1\">Orduan iritsi ginen auziaren hiltzera, guztiaren oinarrira, hor zegoen koska. Enpresa kooperatiboak lortzeko, PERTSONA KOOPERATIBOAK behar baitira. Tatatatxan!! Eta nondik atera pertsona horiek? Honela iritsi ginen Arizmendiarrietaren filosofiaren giltzarrira, hiru osagaiek osatua: hezkuntza, HEZKUNTZA eta HEZ-KUN-TZA. Horrexegatik hain zuzen, 1943. urtean, Eskola Profesional Politekniko bat sortu zuen zuzendari, teknikari eta langile kualifikatuak prestatzeko inguruko enpresetan eta, batez ere, kooperatibetan lan egin zezaten.<\/span><\/p>\n<p class=\"p1\"><span class=\"s1\">Ados. Momentu horretan bagenekien kooperatibismoari buruzko zer edo zer gehiago. Bagenekien helburua dela GIZARTEA ERALDATZEA, bidegabekeria gutxiago eta banaketa bidezkoagoa duen mundu baterantz jotzea. Bidea luzea da, baina oso interesgarria. Dena den, zalantzak sortu zitzaizkigun\u2026 Prestakuntzari, industriari eta banaketari buruz hitz egin genuen (ekonomatuei buruz ere eta, jakina, EROSKI taldeari buruz) eta batez ere finantzaketari buruz (Laboral Kutxa, noski). Baina ordura arte kultura, sormena, artea eta halakoen aipamenik ez zen izan. Eta galdetu genuen, jakina, galdeontziak baikara gu. Eta jakin-nahiak, betidanik.<\/span><\/p>\n<p class=\"p1\"><span class=\"s1\">Momentu horietan sortu ziren ideia interesgarrienak: kooperatibak egungo munduak planteatzen dituen erronken aurrean. Munduak XX. mende amaieratik bizi izan dituen eraldatze sakonez solasean aritu ginen, eta kooperatibismoak, bere etapa desberdinetan zehar, pasa dituen autokritika-prozesuez. Ekologiaz aritu ginen, ekoizpen-eredu berriez, emakumeen funtsezko paperaz \u2013gizonak kooperatibismoaren abentura &#8220;eroetan&#8221; sartzea ahalbidetu zuena alegia\u2013, emakumeek kooperatibetan duten paper aktiboaz, emakumeen parte-hartzeaz eta garapenaz, gizarte-erantzukizunaz, arteaz, kulturaz.<\/span><\/p>\n<p class=\"p1\"><span class=\"s1\">Saioa amaitu zuen hausnarketa izan zen kooperatibek mundu globalizatu batean duten paperaren eta horrek kooperatiben biziraupenerako dakartzan zailtasunen ingurukoa. Maiderrek komunikabideei argi eta garbi zuzendutako galdera planteatu zuen. 2013an, Fagorren krisiaren garaian, azkar asko jarri zen zalantzan eredu kooperatibista. Zergatik ez zen zalantzan jarri kapitalismoa, horrela, orokorrean, Bankia erori zenean?<\/span><\/p>\n<p class=\"p1\"><span class=\"s1\">Eta giro bikain horrekin jantokira joan ginen denok elkarrekin gatza partekatzera.<\/span><\/p>\n<p class=\"p1\"><span class=\"s1\"><b>ARRATSALDEKO SAIOA<\/b><\/span><\/p>\n<p class=\"p1\"><span class=\"s1\">Saioaren arduradunak Amaia Antero eta Maider Herze izan ziren,\u00a0<a style=\"color: #c70404\" href=\"http:\/\/www.arizmendi.eus\/es\/\">Arizmendi Ikastola<\/a>ko kideak. Zergatik da interesgarria Arizmendi Ikastola? Hilabete hauetan zehar jakingo dugu, baina <span style=\"color: #cf0404\"><a style=\"color: #cf0404\" href=\"https:\/\/www.youtube.com\/watch?v=jEyip-pl2c8\">hona hemen<\/a><\/span>\u00a0interesgarria suerta daitekeen bideo bat. Dena hasi zen Amaiak oparitu zigun ipuin baten irakurketarekin. Ipuinaren izenburua zen &#8220;<span class=\"s2\" style=\"color: #c70404\"><a style=\"color: #c70404\" href=\"http:\/\/educabonito.com\/eres-un-desastre\/\">\u00a1Eres un desastre!<\/a>&#8220;<\/span> eta azaltzen zuena zen zenbaitetan asko kostatzen zaigula aurrean dugun pertsonari begiratzea eta hain zuzen ere horretaz ohartzea, PERTSONA BAT dela, bere dimentsio guztiekin, bere nahi eta desio guztiekin, bere zailtasun eta bertute guztiekin\u2026 Horregatik, elkarrizketak aurrera egin ahala, aipatu egin zen zenbait komunitate indigenek ez dutela &#8220;bestearen&#8221; ideia erabiltzen, baizik eta beste pertsona batzuk aipatzeko &#8220;beste nia&#8221; esaten dutela. Ideia honek errotik aldatzen du konturatu gabe dugun gure solaskidearen pertzepzioa.<\/span><\/p>\n<p class=\"p1\"><span class=\"s1\">Nola hasi zen guzti hau? Sustraitik egindako eraldaketaren bila ari ziren &#8220;andere\u00f1o asaldatu&#8221; talde batekin. Haiek proposatu zituzten ALDAKETAREN ETA ERALDAKETAREN ideiak. Zenbait lankidek nahiko modu latzean pentsatu zuten &#8220;txoriez eta loreez&#8221; ari zirela, baina haiek ez zuten amore eman. Ikerketak egin zituzten, irakurri, idatzi, berridatzi zuten, proba egin zuten, huts egin zuten, berriz ere saiatu ziren, asmatu egin zuten\u2026 horren amaiezina da hezkuntza eta humanismoaren bi izar hauen grina. Izan ere, irudika badezakezu, zergatik ez saiatu?<\/span><\/p>\n<p class=\"p1\"><img loading=\"lazy\" decoding=\"async\" class=\" wp-image-83 aligncenter\" src=\"https:\/\/kooperarockcom.files.wordpress.com\/2016\/09\/mg_0438.jpg?w=680\" alt=\"_mg_0438\" width=\"582\" height=\"327\" \/><\/p>\n<h5 class=\"p1\" style=\"text-align: center\"><span class=\"s1\"><b>Konfiantzaren pedagogiaren eraldaketa hezkuntzaren alderdi guztietan gertatu behar da<\/b><\/span><\/h5>\n<p class=\"p1\"><span class=\"s1\">Amaiak esan zigunez, guztia hasi zen, nolabait, gu bildu ginen ikasgela horretan bertan. Garai hartan bera berriz ere ama izan berria zen eta Rafael Cristobal ezagutu zuen urtebeteko ikastaro batean. Bere hitzetan, horrek berehala aldatu zuen, zuen haurren hezkuntzaren ikuspuntua aldatu zuen. Ohartu egin zen topaketa horien ondoren ezer ere ez zela gauza bera izango. Orduan, Ikastolan emaitza handirik lortu ez zuen lehenengo etapa baten ostean, 2013tik aurrera zuzendaritza-taldea aldatu zen eta momentu horretan hasi ziren lanean haiek, Amaia eta Maider, zekarten ideia berrien uholde guztiarekin batera.<\/span><\/p>\n<p class=\"p1\"><span class=\"s1\">Liburu bat argitaratu zuten, eskuliburu antzeko bat, \u201cUna pedagog\u00eda de la confianza\u201d (Konfiantzaren Pedagogia, 2015.01.12. Liburuaren aurkezpen-bideoa,\u00a0<span style=\"color: #cf0404\"><a style=\"color: #cf0404\" href=\"http:\/\/www.tulankide.com\/eu\/arizmendi-ikastolak-konfiantzaren-pedagogia-liburua-aurkeztu-du\"><span class=\"s2\">hemen<\/span><\/a><\/span>\u00a0eta\u00a0<span style=\"color: #cf0404\"><a style=\"color: #cf0404\" href=\"http:\/\/goiena.eus\/debagoiena\/1452620094598\"><span class=\"s2\">hemen ere bai<\/span><\/a>)<\/span> eta bertan proposatu zuten hezkuntzarako esparru bat. Esparru hori haiek beraiek garatu zuten Arizmendi Ikastolako lehenengo ataletan. \u201cEz zaigu gustatzen egin dugunaz aritzea, baizik eta egiteke dugunaz\u201d, zioen Amaiak. Maiderrek Amaia moztu eta esan zigun: \u201cAmaiari ez zaio gustatzen nik hau kontatzea\u201d (Amaiak harriduraz begiratu zuen, esango zuenaren jakin-minaz), \u201cbaina gauza bat da guk azaltzen dizuegun teoria bikain guzti hori eta beste gauza bat da tokira iritsi eta ikustea oraindik ere egiteke dagoen lan guztia\u201d. Noski, ez genuen espero bestaldean ortzadarra aurkitzea, baina gustatzen zaigu jakitea badirela pertsona ausartak \u201c<i>malo conocido<\/i>\u201d horrekin geratzen ez direnak, eta hezkuntza sustraitik aldatzeko beharra sentitzen dutenak, bere garaian Don Jose Mar\u00eda Arizmendiarrietak esan zuen moduan, hezkuntza baita behar dugun oinarria \u201cpertsona kooperatiboak sortzeko eta, beraz, mundu kooperatiboago bat sortzeko\u201d.<\/span><\/p>\n<p class=\"p1\"><span class=\"s1\">Saioa itxi genuen bihotzean irribarrea genuela, mundu posibleak irudikatuz, non jendeak bere ohe elastikoan salto egiten duen, erritmoak errespetatuz eta geroz eta gorago iritsiz.<\/span><\/p>\n","protected":false},"excerpt":{"rendered":"<p>Egilea: Unai Garcia,\u00a0bitartekaritza-taldea Bitartekaritza-taldea KunArte-n elkartu zen goizeko 9etan. 2016ko irailaren 7a zen, asteazkena, eta Eskoriatzan zain genituen, HUHEZI-n, Mondragon Unibertsitateko Humanitate eta Hezkuntza Zientzien fakultatean.\u00a0Lanki-ko hainbat kiderekin geratu ginen kooperatibismoa hurbilagotik ezagutzeko, guztiok ezagutzen dugun gauza baita, baina inork ez du erabat argi. Haiek izan dira orain arte Kooperarock proiektu hau aurrera atera dutenak, [&hellip;]<\/p>\n","protected":false},"author":90,"featured_media":0,"comment_status":"open","ping_status":"open","sticky":false,"template":"","format":"standard","meta":{"footnotes":""},"categories":[12,14],"tags":[],"class_list":["post-105","post","type-post","status-publish","format-standard","hentry","category-kooperatibigintzaren-oinarriak","category-topaguneen-haria"],"yoast_head":"<!-- This site is optimized with the Yoast SEO plugin v27.3 - https:\/\/yoast.com\/product\/yoast-seo-wordpress\/ -->\n<title>Kooperatibagintza hurbiletik ezagutzen - Kooperarock<\/title>\n<meta name=\"robots\" content=\"index, follow, max-snippet:-1, max-image-preview:large, max-video-preview:-1\" \/>\n<link rel=\"canonical\" href=\"https:\/\/blogak.argia.eus\/kooperarock\/2016\/09\/20\/kooperatibagintza-hurbiletik-ezagutzen\/\" \/>\n<meta property=\"og:locale\" content=\"en_US\" \/>\n<meta property=\"og:type\" content=\"article\" \/>\n<meta property=\"og:title\" content=\"Kooperatibagintza hurbiletik ezagutzen - Kooperarock\" \/>\n<meta property=\"og:description\" content=\"Egilea: Unai Garcia,\u00a0bitartekaritza-taldea Bitartekaritza-taldea KunArte-n elkartu zen goizeko 9etan. 2016ko irailaren 7a zen, asteazkena, eta Eskoriatzan zain genituen, HUHEZI-n, Mondragon Unibertsitateko Humanitate eta Hezkuntza Zientzien fakultatean.\u00a0Lanki-ko hainbat kiderekin geratu ginen kooperatibismoa hurbilagotik ezagutzeko, guztiok ezagutzen dugun gauza baita, baina inork ez du erabat argi. Haiek izan dira orain arte Kooperarock proiektu hau aurrera atera dutenak, [&hellip;]\" \/>\n<meta property=\"og:url\" content=\"https:\/\/blogak.argia.eus\/kooperarock\/2016\/09\/20\/kooperatibagintza-hurbiletik-ezagutzen\/\" \/>\n<meta property=\"og:site_name\" content=\"Kooperarock\" \/>\n<meta property=\"article:published_time\" content=\"2016-09-20T06:35:57+00:00\" \/>\n<meta property=\"og:image\" content=\"https:\/\/kooperarockcom.files.wordpress.com\/2016\/09\/foto-1-pg-de-la-reuniocc81n.jpg?w=680\" \/>\n<meta name=\"author\" content=\"Kooperarock\" \/>\n<meta name=\"twitter:card\" content=\"summary_large_image\" \/>\n<meta name=\"twitter:label1\" content=\"Written by\" \/>\n\t<meta name=\"twitter:data1\" content=\"Kooperarock\" \/>\n\t<meta name=\"twitter:label2\" content=\"Est. reading time\" \/>\n\t<meta name=\"twitter:data2\" content=\"6 minutua\" \/>\n<script type=\"application\/ld+json\" class=\"yoast-schema-graph\">{\"@context\":\"https:\\\/\\\/schema.org\",\"@graph\":[{\"@type\":\"Article\",\"@id\":\"https:\\\/\\\/blogak.argia.eus\\\/kooperarock\\\/2016\\\/09\\\/20\\\/kooperatibagintza-hurbiletik-ezagutzen\\\/#article\",\"isPartOf\":{\"@id\":\"https:\\\/\\\/blogak.argia.eus\\\/kooperarock\\\/2016\\\/09\\\/20\\\/kooperatibagintza-hurbiletik-ezagutzen\\\/\"},\"author\":{\"name\":\"Kooperarock\",\"@id\":\"https:\\\/\\\/blogak.argia.eus\\\/kooperarock\\\/#\\\/schema\\\/person\\\/d322d00bb5319dd8e382b3040126ff00\"},\"headline\":\"Kooperatibagintza hurbiletik ezagutzen\",\"datePublished\":\"2016-09-20T06:35:57+00:00\",\"mainEntityOfPage\":{\"@id\":\"https:\\\/\\\/blogak.argia.eus\\\/kooperarock\\\/2016\\\/09\\\/20\\\/kooperatibagintza-hurbiletik-ezagutzen\\\/\"},\"wordCount\":1136,\"commentCount\":0,\"image\":{\"@id\":\"https:\\\/\\\/blogak.argia.eus\\\/kooperarock\\\/2016\\\/09\\\/20\\\/kooperatibagintza-hurbiletik-ezagutzen\\\/#primaryimage\"},\"thumbnailUrl\":\"https:\\\/\\\/kooperarockcom.files.wordpress.com\\\/2016\\\/09\\\/foto-1-pg-de-la-reuniocc81n.jpg?w=680\",\"articleSection\":[\"Kooperatibigintzaren oinarriak\",\"Topaguneen haria\"],\"inLanguage\":\"eu\",\"potentialAction\":[{\"@type\":\"CommentAction\",\"name\":\"Comment\",\"target\":[\"https:\\\/\\\/blogak.argia.eus\\\/kooperarock\\\/2016\\\/09\\\/20\\\/kooperatibagintza-hurbiletik-ezagutzen\\\/#respond\"]}]},{\"@type\":\"WebPage\",\"@id\":\"https:\\\/\\\/blogak.argia.eus\\\/kooperarock\\\/2016\\\/09\\\/20\\\/kooperatibagintza-hurbiletik-ezagutzen\\\/\",\"url\":\"https:\\\/\\\/blogak.argia.eus\\\/kooperarock\\\/2016\\\/09\\\/20\\\/kooperatibagintza-hurbiletik-ezagutzen\\\/\",\"name\":\"Kooperatibagintza hurbiletik ezagutzen - Kooperarock\",\"isPartOf\":{\"@id\":\"https:\\\/\\\/blogak.argia.eus\\\/kooperarock\\\/#website\"},\"primaryImageOfPage\":{\"@id\":\"https:\\\/\\\/blogak.argia.eus\\\/kooperarock\\\/2016\\\/09\\\/20\\\/kooperatibagintza-hurbiletik-ezagutzen\\\/#primaryimage\"},\"image\":{\"@id\":\"https:\\\/\\\/blogak.argia.eus\\\/kooperarock\\\/2016\\\/09\\\/20\\\/kooperatibagintza-hurbiletik-ezagutzen\\\/#primaryimage\"},\"thumbnailUrl\":\"https:\\\/\\\/kooperarockcom.files.wordpress.com\\\/2016\\\/09\\\/foto-1-pg-de-la-reuniocc81n.jpg?w=680\",\"datePublished\":\"2016-09-20T06:35:57+00:00\",\"author\":{\"@id\":\"https:\\\/\\\/blogak.argia.eus\\\/kooperarock\\\/#\\\/schema\\\/person\\\/d322d00bb5319dd8e382b3040126ff00\"},\"breadcrumb\":{\"@id\":\"https:\\\/\\\/blogak.argia.eus\\\/kooperarock\\\/2016\\\/09\\\/20\\\/kooperatibagintza-hurbiletik-ezagutzen\\\/#breadcrumb\"},\"inLanguage\":\"eu\",\"potentialAction\":[{\"@type\":\"ReadAction\",\"target\":[\"https:\\\/\\\/blogak.argia.eus\\\/kooperarock\\\/2016\\\/09\\\/20\\\/kooperatibagintza-hurbiletik-ezagutzen\\\/\"]}]},{\"@type\":\"ImageObject\",\"inLanguage\":\"eu\",\"@id\":\"https:\\\/\\\/blogak.argia.eus\\\/kooperarock\\\/2016\\\/09\\\/20\\\/kooperatibagintza-hurbiletik-ezagutzen\\\/#primaryimage\",\"url\":\"https:\\\/\\\/kooperarockcom.files.wordpress.com\\\/2016\\\/09\\\/foto-1-pg-de-la-reuniocc81n.jpg?w=680\",\"contentUrl\":\"https:\\\/\\\/kooperarockcom.files.wordpress.com\\\/2016\\\/09\\\/foto-1-pg-de-la-reuniocc81n.jpg?w=680\"},{\"@type\":\"BreadcrumbList\",\"@id\":\"https:\\\/\\\/blogak.argia.eus\\\/kooperarock\\\/2016\\\/09\\\/20\\\/kooperatibagintza-hurbiletik-ezagutzen\\\/#breadcrumb\",\"itemListElement\":[{\"@type\":\"ListItem\",\"position\":1,\"name\":\"Home\",\"item\":\"https:\\\/\\\/blogak.argia.eus\\\/kooperarock\\\/\"},{\"@type\":\"ListItem\",\"position\":2,\"name\":\"Kooperatibagintza hurbiletik ezagutzen\"}]},{\"@type\":\"WebSite\",\"@id\":\"https:\\\/\\\/blogak.argia.eus\\\/kooperarock\\\/#website\",\"url\":\"https:\\\/\\\/blogak.argia.eus\\\/kooperarock\\\/\",\"name\":\"Kooperarock\",\"description\":\"Kooperazioaren artea\",\"potentialAction\":[{\"@type\":\"SearchAction\",\"target\":{\"@type\":\"EntryPoint\",\"urlTemplate\":\"https:\\\/\\\/blogak.argia.eus\\\/kooperarock\\\/?s={search_term_string}\"},\"query-input\":{\"@type\":\"PropertyValueSpecification\",\"valueRequired\":true,\"valueName\":\"search_term_string\"}}],\"inLanguage\":\"eu\"},{\"@type\":\"Person\",\"@id\":\"https:\\\/\\\/blogak.argia.eus\\\/kooperarock\\\/#\\\/schema\\\/person\\\/d322d00bb5319dd8e382b3040126ff00\",\"name\":\"Kooperarock\",\"image\":{\"@type\":\"ImageObject\",\"inLanguage\":\"eu\",\"@id\":\"https:\\\/\\\/secure.gravatar.com\\\/avatar\\\/93efee6cd538b47e7ea7893cf125f8674119d4dc5c8f62fc7b5cf4b4cbe60433?s=96&d=mm&r=g\",\"url\":\"https:\\\/\\\/secure.gravatar.com\\\/avatar\\\/93efee6cd538b47e7ea7893cf125f8674119d4dc5c8f62fc7b5cf4b4cbe60433?s=96&d=mm&r=g\",\"contentUrl\":\"https:\\\/\\\/secure.gravatar.com\\\/avatar\\\/93efee6cd538b47e7ea7893cf125f8674119d4dc5c8f62fc7b5cf4b4cbe60433?s=96&d=mm&r=g\",\"caption\":\"Kooperarock\"},\"url\":\"https:\\\/\\\/blogak.argia.eus\\\/kooperarock\\\/author\\\/kooperarock\\\/\"}]}<\/script>\n<!-- \/ Yoast SEO plugin. -->","yoast_head_json":{"title":"Kooperatibagintza hurbiletik ezagutzen - Kooperarock","robots":{"index":"index","follow":"follow","max-snippet":"max-snippet:-1","max-image-preview":"max-image-preview:large","max-video-preview":"max-video-preview:-1"},"canonical":"https:\/\/blogak.argia.eus\/kooperarock\/2016\/09\/20\/kooperatibagintza-hurbiletik-ezagutzen\/","og_locale":"en_US","og_type":"article","og_title":"Kooperatibagintza hurbiletik ezagutzen - Kooperarock","og_description":"Egilea: Unai Garcia,\u00a0bitartekaritza-taldea Bitartekaritza-taldea KunArte-n elkartu zen goizeko 9etan. 2016ko irailaren 7a zen, asteazkena, eta Eskoriatzan zain genituen, HUHEZI-n, Mondragon Unibertsitateko Humanitate eta Hezkuntza Zientzien fakultatean.\u00a0Lanki-ko hainbat kiderekin geratu ginen kooperatibismoa hurbilagotik ezagutzeko, guztiok ezagutzen dugun gauza baita, baina inork ez du erabat argi. Haiek izan dira orain arte Kooperarock proiektu hau aurrera atera dutenak, [&hellip;]","og_url":"https:\/\/blogak.argia.eus\/kooperarock\/2016\/09\/20\/kooperatibagintza-hurbiletik-ezagutzen\/","og_site_name":"Kooperarock","article_published_time":"2016-09-20T06:35:57+00:00","og_image":[{"url":"https:\/\/kooperarockcom.files.wordpress.com\/2016\/09\/foto-1-pg-de-la-reuniocc81n.jpg?w=680","type":"","width":"","height":""}],"author":"Kooperarock","twitter_card":"summary_large_image","twitter_misc":{"Written by":"Kooperarock","Est. reading time":"6 minutua"},"schema":{"@context":"https:\/\/schema.org","@graph":[{"@type":"Article","@id":"https:\/\/blogak.argia.eus\/kooperarock\/2016\/09\/20\/kooperatibagintza-hurbiletik-ezagutzen\/#article","isPartOf":{"@id":"https:\/\/blogak.argia.eus\/kooperarock\/2016\/09\/20\/kooperatibagintza-hurbiletik-ezagutzen\/"},"author":{"name":"Kooperarock","@id":"https:\/\/blogak.argia.eus\/kooperarock\/#\/schema\/person\/d322d00bb5319dd8e382b3040126ff00"},"headline":"Kooperatibagintza hurbiletik ezagutzen","datePublished":"2016-09-20T06:35:57+00:00","mainEntityOfPage":{"@id":"https:\/\/blogak.argia.eus\/kooperarock\/2016\/09\/20\/kooperatibagintza-hurbiletik-ezagutzen\/"},"wordCount":1136,"commentCount":0,"image":{"@id":"https:\/\/blogak.argia.eus\/kooperarock\/2016\/09\/20\/kooperatibagintza-hurbiletik-ezagutzen\/#primaryimage"},"thumbnailUrl":"https:\/\/kooperarockcom.files.wordpress.com\/2016\/09\/foto-1-pg-de-la-reuniocc81n.jpg?w=680","articleSection":["Kooperatibigintzaren oinarriak","Topaguneen haria"],"inLanguage":"eu","potentialAction":[{"@type":"CommentAction","name":"Comment","target":["https:\/\/blogak.argia.eus\/kooperarock\/2016\/09\/20\/kooperatibagintza-hurbiletik-ezagutzen\/#respond"]}]},{"@type":"WebPage","@id":"https:\/\/blogak.argia.eus\/kooperarock\/2016\/09\/20\/kooperatibagintza-hurbiletik-ezagutzen\/","url":"https:\/\/blogak.argia.eus\/kooperarock\/2016\/09\/20\/kooperatibagintza-hurbiletik-ezagutzen\/","name":"Kooperatibagintza hurbiletik ezagutzen - Kooperarock","isPartOf":{"@id":"https:\/\/blogak.argia.eus\/kooperarock\/#website"},"primaryImageOfPage":{"@id":"https:\/\/blogak.argia.eus\/kooperarock\/2016\/09\/20\/kooperatibagintza-hurbiletik-ezagutzen\/#primaryimage"},"image":{"@id":"https:\/\/blogak.argia.eus\/kooperarock\/2016\/09\/20\/kooperatibagintza-hurbiletik-ezagutzen\/#primaryimage"},"thumbnailUrl":"https:\/\/kooperarockcom.files.wordpress.com\/2016\/09\/foto-1-pg-de-la-reuniocc81n.jpg?w=680","datePublished":"2016-09-20T06:35:57+00:00","author":{"@id":"https:\/\/blogak.argia.eus\/kooperarock\/#\/schema\/person\/d322d00bb5319dd8e382b3040126ff00"},"breadcrumb":{"@id":"https:\/\/blogak.argia.eus\/kooperarock\/2016\/09\/20\/kooperatibagintza-hurbiletik-ezagutzen\/#breadcrumb"},"inLanguage":"eu","potentialAction":[{"@type":"ReadAction","target":["https:\/\/blogak.argia.eus\/kooperarock\/2016\/09\/20\/kooperatibagintza-hurbiletik-ezagutzen\/"]}]},{"@type":"ImageObject","inLanguage":"eu","@id":"https:\/\/blogak.argia.eus\/kooperarock\/2016\/09\/20\/kooperatibagintza-hurbiletik-ezagutzen\/#primaryimage","url":"https:\/\/kooperarockcom.files.wordpress.com\/2016\/09\/foto-1-pg-de-la-reuniocc81n.jpg?w=680","contentUrl":"https:\/\/kooperarockcom.files.wordpress.com\/2016\/09\/foto-1-pg-de-la-reuniocc81n.jpg?w=680"},{"@type":"BreadcrumbList","@id":"https:\/\/blogak.argia.eus\/kooperarock\/2016\/09\/20\/kooperatibagintza-hurbiletik-ezagutzen\/#breadcrumb","itemListElement":[{"@type":"ListItem","position":1,"name":"Home","item":"https:\/\/blogak.argia.eus\/kooperarock\/"},{"@type":"ListItem","position":2,"name":"Kooperatibagintza hurbiletik ezagutzen"}]},{"@type":"WebSite","@id":"https:\/\/blogak.argia.eus\/kooperarock\/#website","url":"https:\/\/blogak.argia.eus\/kooperarock\/","name":"Kooperarock","description":"Kooperazioaren artea","potentialAction":[{"@type":"SearchAction","target":{"@type":"EntryPoint","urlTemplate":"https:\/\/blogak.argia.eus\/kooperarock\/?s={search_term_string}"},"query-input":{"@type":"PropertyValueSpecification","valueRequired":true,"valueName":"search_term_string"}}],"inLanguage":"eu"},{"@type":"Person","@id":"https:\/\/blogak.argia.eus\/kooperarock\/#\/schema\/person\/d322d00bb5319dd8e382b3040126ff00","name":"Kooperarock","image":{"@type":"ImageObject","inLanguage":"eu","@id":"https:\/\/secure.gravatar.com\/avatar\/93efee6cd538b47e7ea7893cf125f8674119d4dc5c8f62fc7b5cf4b4cbe60433?s=96&d=mm&r=g","url":"https:\/\/secure.gravatar.com\/avatar\/93efee6cd538b47e7ea7893cf125f8674119d4dc5c8f62fc7b5cf4b4cbe60433?s=96&d=mm&r=g","contentUrl":"https:\/\/secure.gravatar.com\/avatar\/93efee6cd538b47e7ea7893cf125f8674119d4dc5c8f62fc7b5cf4b4cbe60433?s=96&d=mm&r=g","caption":"Kooperarock"},"url":"https:\/\/blogak.argia.eus\/kooperarock\/author\/kooperarock\/"}]}},"_links":{"self":[{"href":"https:\/\/blogak.argia.eus\/kooperarock\/wp-json\/wp\/v2\/posts\/105","targetHints":{"allow":["GET"]}}],"collection":[{"href":"https:\/\/blogak.argia.eus\/kooperarock\/wp-json\/wp\/v2\/posts"}],"about":[{"href":"https:\/\/blogak.argia.eus\/kooperarock\/wp-json\/wp\/v2\/types\/post"}],"author":[{"embeddable":true,"href":"https:\/\/blogak.argia.eus\/kooperarock\/wp-json\/wp\/v2\/users\/90"}],"replies":[{"embeddable":true,"href":"https:\/\/blogak.argia.eus\/kooperarock\/wp-json\/wp\/v2\/comments?post=105"}],"version-history":[{"count":0,"href":"https:\/\/blogak.argia.eus\/kooperarock\/wp-json\/wp\/v2\/posts\/105\/revisions"}],"wp:attachment":[{"href":"https:\/\/blogak.argia.eus\/kooperarock\/wp-json\/wp\/v2\/media?parent=105"}],"wp:term":[{"taxonomy":"category","embeddable":true,"href":"https:\/\/blogak.argia.eus\/kooperarock\/wp-json\/wp\/v2\/categories?post=105"},{"taxonomy":"post_tag","embeddable":true,"href":"https:\/\/blogak.argia.eus\/kooperarock\/wp-json\/wp\/v2\/tags?post=105"}],"curies":[{"name":"wp","href":"https:\/\/api.w.org\/{rel}","templated":true}]}}