{"id":118,"date":"2016-09-27T07:30:54","date_gmt":"2016-09-27T06:30:54","guid":{"rendered":"http:\/\/www.argia.eus\/blogak\/kooperarock\/?p=118"},"modified":"2016-09-27T07:30:54","modified_gmt":"2016-09-27T06:30:54","slug":"nor-da-nor","status":"publish","type":"post","link":"https:\/\/blogak.argia.eus\/kooperarock\/2016\/09\/27\/nor-da-nor\/","title":{"rendered":"Nor da nor?"},"content":{"rendered":"<h4><span style=\"color: #b80404\">Egilea<\/span>: Unai Garc\u00eda, Bitartekaritza-taldea<\/h4>\n<p class=\"p1\"><span class=\"s1\">2016ko Iraialaren 9a. Eguerdian elkartu gara KunArten. Egun gardena, garbia, freskoa egiten du. Ematen du norbait gutaz errukitu eta labearen atea itxi izana. Aurreko egunean ezagutu genuen elkar, baina badirudi funtzionatuko duela. Berehala igarri eta hartu diogu usaina elkarri, gustatu gara. Ez dago arazorik. Askatu beharreko mataza koloretsu hori gara. Ez gu bakarrik. Ataza ausart honen partaide bakoitza den zuntzetik tira eginda aurkituko ditugu aukera amaigabeak.<\/span><\/p>\n<p class=\"p1\"><img loading=\"lazy\" decoding=\"async\" class=\"wp-image-133 aligncenter\" src=\"https:\/\/kooperarockcom.files.wordpress.com\/2016\/09\/mg_0448.jpg?w=300\" alt=\"_mg_0448\" width=\"568\" height=\"320\" \/><\/p>\n<p class=\"p1\"><span class=\"s1\">Leunki hartu gaitu alfonbra bigunak. Pilar, Rosi, Zuri\u00f1e, Meri, Itziar Nano eta ni neu. Eseri gara, etzan gara, luzatu eta zuzendu gara eta elkarri begiratzen jarraitzen diogu, jakinmina begietan. Banaka-banaka gure burua ezagutzera ematen goaz, keinu, begirada eta errebelazio konplizeak. Zer garen eta zer izan nahi dugun.<\/span><\/p>\n<p class=\"p1\"><span class=\"s1\">Kontakizunean hitzak errepikatzen doaz: egonezina, aditzera emateko beharra, partekatu, gizartea, formakuntza\u2026 Bide ezberdinak, xede antzerakoak. \u201cBegiak dir-dir egiten didate hau gauztia hasi zenetik\u201d. Horrela deskribatu zuen esperientzia norbaitek. Eta, hala da, begiak dir-dir eta bihotzak dar-dar egiten digu. Ikusten duguna gustatzen zaigulako. Elkarrekin sortzeko gogoa dugulako.<\/span><\/p>\n\n\t\t<style type=\"text\/css\">\n\t\t\t#gallery-1 {\n\t\t\t\tmargin: auto;\n\t\t\t}\n\t\t\t#gallery-1 .gallery-item {\n\t\t\t\tfloat: left;\n\t\t\t\tmargin-top: 10px;\n\t\t\t\ttext-align: center;\n\t\t\t\twidth: 33%;\n\t\t\t}\n\t\t\t#gallery-1 img {\n\t\t\t\tborder: 2px solid #cfcfcf;\n\t\t\t}\n\t\t\t#gallery-1 .gallery-caption {\n\t\t\t\tmargin-left: 0;\n\t\t\t}\n\t\t\t\/* see gallery_shortcode() in wp-includes\/media.php *\/\n\t\t<\/style>\n\t\t<div id='gallery-1' class='gallery galleryid-118 gallery-columns-3 gallery-size-thumbnail'><dl class='gallery-item'>\n\t\t\t<dt class='gallery-icon portrait'>\n\t\t\t\t<a href='https:\/\/blogak.argia.eus\/kooperarock\/wp-content\/uploads\/sites\/88\/2016\/09\/MG_0474-scaled.jpg' title=\"\" data-rl_title=\"\" class=\"rl-gallery-link\" data-rl_caption=\"\" data-rel=\"lightbox-gallery-1\"><img loading=\"lazy\" decoding=\"async\" width=\"150\" height=\"150\" src=\"https:\/\/blogak.argia.eus\/kooperarock\/wp-content\/uploads\/sites\/88\/2016\/09\/MG_0474-150x150.jpg\" class=\"attachment-thumbnail size-thumbnail\" alt=\"\" aria-describedby=\"gallery-1-117\" \/><\/a>\n\t\t\t<\/dt>\n\t\t\t\t<dd class='wp-caption-text gallery-caption' id='gallery-1-117'>\n\t\t\t\tJavier Napal &#8220;Nano&#8221;, Bitartekaritza-taldea\n\t\t\t\t<\/dd><\/dl><dl class='gallery-item'>\n\t\t\t<dt class='gallery-icon portrait'>\n\t\t\t\t<a href='https:\/\/blogak.argia.eus\/kooperarock\/wp-content\/uploads\/sites\/88\/2016\/09\/MG_0472-scaled.jpg' title=\"\" data-rl_title=\"\" class=\"rl-gallery-link\" data-rl_caption=\"\" data-rel=\"lightbox-gallery-1\"><img loading=\"lazy\" decoding=\"async\" width=\"150\" height=\"150\" src=\"https:\/\/blogak.argia.eus\/kooperarock\/wp-content\/uploads\/sites\/88\/2016\/09\/MG_0472-150x150.jpg\" class=\"attachment-thumbnail size-thumbnail\" alt=\"\" aria-describedby=\"gallery-1-116\" \/><\/a>\n\t\t\t<\/dt>\n\t\t\t\t<dd class='wp-caption-text gallery-caption' id='gallery-1-116'>\n\t\t\t\tItziar Urretabizkaia, Bitartekaritza-taldea\n\t\t\t\t<\/dd><\/dl><dl class='gallery-item'>\n\t\t\t<dt class='gallery-icon landscape'>\n\t\t\t\t<a href='https:\/\/blogak.argia.eus\/kooperarock\/wp-content\/uploads\/sites\/88\/2016\/09\/MG_0468-scaled.jpg' title=\"\" data-rl_title=\"\" class=\"rl-gallery-link\" data-rl_caption=\"\" data-rel=\"lightbox-gallery-1\"><img loading=\"lazy\" decoding=\"async\" width=\"150\" height=\"150\" src=\"https:\/\/blogak.argia.eus\/kooperarock\/wp-content\/uploads\/sites\/88\/2016\/09\/MG_0468-150x150.jpg\" class=\"attachment-thumbnail size-thumbnail\" alt=\"\" aria-describedby=\"gallery-1-115\" \/><\/a>\n\t\t\t<\/dt>\n\t\t\t\t<dd class='wp-caption-text gallery-caption' id='gallery-1-115'>\n\t\t\t\tRosa A.Garc\u00eda, Teatro Para\u00edso, Zuzendaritza Artistikoa eta Zuri\u00f1e Fern\u00e1ndez, Bitartekaritza-taldea, eskerretik eskuinera\n\t\t\t\t<\/dd><\/dl><br style=\"clear: both\" \/><dl class='gallery-item'>\n\t\t\t<dt class='gallery-icon landscape'>\n\t\t\t\t<a href='https:\/\/blogak.argia.eus\/kooperarock\/wp-content\/uploads\/sites\/88\/2016\/09\/MG_0451-scaled.jpg' title=\"\" data-rl_title=\"\" class=\"rl-gallery-link\" data-rl_caption=\"\" data-rel=\"lightbox-gallery-1\"><img loading=\"lazy\" decoding=\"async\" width=\"150\" height=\"150\" src=\"https:\/\/blogak.argia.eus\/kooperarock\/wp-content\/uploads\/sites\/88\/2016\/09\/MG_0451-150x150.jpg\" class=\"attachment-thumbnail size-thumbnail\" alt=\"\" aria-describedby=\"gallery-1-114\" \/><\/a>\n\t\t\t<\/dt>\n\t\t\t\t<dd class='wp-caption-text gallery-caption' id='gallery-1-114'>\n\t\t\t\tMar\u00eda Fern\u00e1ndez de Viana &#8220;Mery&#8221;, Bitartekaritza-Taldea, Rosa A. Garc\u00eda, Teatro Para\u00edso Antzerkia, Zuzendaritza Artistikoa\n\t\t\t\t<\/dd><\/dl><dl class='gallery-item'>\n\t\t\t<dt class='gallery-icon landscape'>\n\t\t\t\t<a href='https:\/\/blogak.argia.eus\/kooperarock\/wp-content\/uploads\/sites\/88\/2016\/09\/MG_0442-scaled.jpg' title=\"\" data-rl_title=\"\" class=\"rl-gallery-link\" data-rl_caption=\"\" data-rel=\"lightbox-gallery-1\"><img loading=\"lazy\" decoding=\"async\" width=\"150\" height=\"150\" src=\"https:\/\/blogak.argia.eus\/kooperarock\/wp-content\/uploads\/sites\/88\/2016\/09\/MG_0442-150x150.jpg\" class=\"attachment-thumbnail size-thumbnail\" alt=\"\" aria-describedby=\"gallery-1-112\" \/><\/a>\n\t\t\t<\/dt>\n\t\t\t\t<dd class='wp-caption-text gallery-caption' id='gallery-1-112'>\n\t\t\t\tKamareren atzean Unai Garc\u00eda, Bitartekaritza-taldea\n\t\t\t\t<\/dd><\/dl>\n\t\t\t<br style='clear: both' \/>\n\t\t<\/div>\n\n","protected":false},"excerpt":{"rendered":"<p>Egilea: Unai Garc\u00eda, Bitartekaritza-taldea 2016ko Iraialaren 9a. Eguerdian elkartu gara KunArten. Egun gardena, garbia, freskoa egiten du. Ematen du norbait gutaz errukitu eta labearen atea itxi izana. Aurreko egunean ezagutu genuen elkar, baina badirudi funtzionatuko duela. Berehala igarri eta hartu diogu usaina elkarri, gustatu gara. Ez dago arazorik. Askatu beharreko mataza koloretsu hori gara. Ez [&hellip;]<\/p>\n","protected":false},"author":90,"featured_media":0,"comment_status":"open","ping_status":"open","sticky":false,"template":"","format":"standard","meta":{"footnotes":""},"categories":[4,5],"tags":[],"class_list":["post-118","post","type-post","status-publish","format-standard","hentry","category-aurkezpena","category-bitartekaritzaren-haria"],"yoast_head":"<!-- This site is optimized with the Yoast SEO plugin v27.3 - https:\/\/yoast.com\/product\/yoast-seo-wordpress\/ -->\n<title>Nor da nor? - Kooperarock<\/title>\n<meta name=\"robots\" content=\"index, follow, max-snippet:-1, max-image-preview:large, max-video-preview:-1\" \/>\n<link rel=\"canonical\" href=\"https:\/\/blogak.argia.eus\/kooperarock\/2016\/09\/27\/nor-da-nor\/\" \/>\n<meta property=\"og:locale\" content=\"en_US\" \/>\n<meta property=\"og:type\" content=\"article\" \/>\n<meta property=\"og:title\" content=\"Nor da nor? - Kooperarock\" \/>\n<meta property=\"og:description\" content=\"Egilea: Unai Garc\u00eda, Bitartekaritza-taldea 2016ko Iraialaren 9a. Eguerdian elkartu gara KunArten. Egun gardena, garbia, freskoa egiten du. Ematen du norbait gutaz errukitu eta labearen atea itxi izana. Aurreko egunean ezagutu genuen elkar, baina badirudi funtzionatuko duela. Berehala igarri eta hartu diogu usaina elkarri, gustatu gara. Ez dago arazorik. Askatu beharreko mataza koloretsu hori gara. Ez [&hellip;]\" \/>\n<meta property=\"og:url\" content=\"https:\/\/blogak.argia.eus\/kooperarock\/2016\/09\/27\/nor-da-nor\/\" \/>\n<meta property=\"og:site_name\" content=\"Kooperarock\" \/>\n<meta property=\"article:published_time\" content=\"2016-09-27T06:30:54+00:00\" \/>\n<meta property=\"og:image\" content=\"https:\/\/blogak.argia.eus\/kooperarock\/wp-content\/uploads\/sites\/88\/2016\/09\/MG_0474-150x150.jpg\" \/>\n<meta name=\"author\" content=\"Kooperarock\" \/>\n<meta name=\"twitter:card\" content=\"summary_large_image\" \/>\n<meta name=\"twitter:label1\" content=\"Written by\" \/>\n\t<meta name=\"twitter:data1\" content=\"Kooperarock\" \/>\n\t<meta name=\"twitter:label2\" content=\"Est. reading time\" \/>\n\t<meta name=\"twitter:data2\" content=\"1 minutua\" \/>\n<script type=\"application\/ld+json\" class=\"yoast-schema-graph\">{\"@context\":\"https:\\\/\\\/schema.org\",\"@graph\":[{\"@type\":\"Article\",\"@id\":\"https:\\\/\\\/blogak.argia.eus\\\/kooperarock\\\/2016\\\/09\\\/27\\\/nor-da-nor\\\/#article\",\"isPartOf\":{\"@id\":\"https:\\\/\\\/blogak.argia.eus\\\/kooperarock\\\/2016\\\/09\\\/27\\\/nor-da-nor\\\/\"},\"author\":{\"name\":\"Kooperarock\",\"@id\":\"https:\\\/\\\/blogak.argia.eus\\\/kooperarock\\\/#\\\/schema\\\/person\\\/d322d00bb5319dd8e382b3040126ff00\"},\"headline\":\"Nor da nor?\",\"datePublished\":\"2016-09-27T06:30:54+00:00\",\"mainEntityOfPage\":{\"@id\":\"https:\\\/\\\/blogak.argia.eus\\\/kooperarock\\\/2016\\\/09\\\/27\\\/nor-da-nor\\\/\"},\"wordCount\":172,\"commentCount\":0,\"image\":{\"@id\":\"https:\\\/\\\/blogak.argia.eus\\\/kooperarock\\\/2016\\\/09\\\/27\\\/nor-da-nor\\\/#primaryimage\"},\"thumbnailUrl\":\"https:\\\/\\\/kooperarockcom.files.wordpress.com\\\/2016\\\/09\\\/mg_0448.jpg?w=300\",\"articleSection\":[\"Aurkezpena\",\"Bitartekaritzaren haria\"],\"inLanguage\":\"eu\",\"potentialAction\":[{\"@type\":\"CommentAction\",\"name\":\"Comment\",\"target\":[\"https:\\\/\\\/blogak.argia.eus\\\/kooperarock\\\/2016\\\/09\\\/27\\\/nor-da-nor\\\/#respond\"]}]},{\"@type\":\"WebPage\",\"@id\":\"https:\\\/\\\/blogak.argia.eus\\\/kooperarock\\\/2016\\\/09\\\/27\\\/nor-da-nor\\\/\",\"url\":\"https:\\\/\\\/blogak.argia.eus\\\/kooperarock\\\/2016\\\/09\\\/27\\\/nor-da-nor\\\/\",\"name\":\"Nor da nor? - Kooperarock\",\"isPartOf\":{\"@id\":\"https:\\\/\\\/blogak.argia.eus\\\/kooperarock\\\/#website\"},\"primaryImageOfPage\":{\"@id\":\"https:\\\/\\\/blogak.argia.eus\\\/kooperarock\\\/2016\\\/09\\\/27\\\/nor-da-nor\\\/#primaryimage\"},\"image\":{\"@id\":\"https:\\\/\\\/blogak.argia.eus\\\/kooperarock\\\/2016\\\/09\\\/27\\\/nor-da-nor\\\/#primaryimage\"},\"thumbnailUrl\":\"https:\\\/\\\/kooperarockcom.files.wordpress.com\\\/2016\\\/09\\\/mg_0448.jpg?w=300\",\"datePublished\":\"2016-09-27T06:30:54+00:00\",\"author\":{\"@id\":\"https:\\\/\\\/blogak.argia.eus\\\/kooperarock\\\/#\\\/schema\\\/person\\\/d322d00bb5319dd8e382b3040126ff00\"},\"breadcrumb\":{\"@id\":\"https:\\\/\\\/blogak.argia.eus\\\/kooperarock\\\/2016\\\/09\\\/27\\\/nor-da-nor\\\/#breadcrumb\"},\"inLanguage\":\"eu\",\"potentialAction\":[{\"@type\":\"ReadAction\",\"target\":[\"https:\\\/\\\/blogak.argia.eus\\\/kooperarock\\\/2016\\\/09\\\/27\\\/nor-da-nor\\\/\"]}]},{\"@type\":\"ImageObject\",\"inLanguage\":\"eu\",\"@id\":\"https:\\\/\\\/blogak.argia.eus\\\/kooperarock\\\/2016\\\/09\\\/27\\\/nor-da-nor\\\/#primaryimage\",\"url\":\"https:\\\/\\\/kooperarockcom.files.wordpress.com\\\/2016\\\/09\\\/mg_0448.jpg?w=300\",\"contentUrl\":\"https:\\\/\\\/kooperarockcom.files.wordpress.com\\\/2016\\\/09\\\/mg_0448.jpg?w=300\"},{\"@type\":\"BreadcrumbList\",\"@id\":\"https:\\\/\\\/blogak.argia.eus\\\/kooperarock\\\/2016\\\/09\\\/27\\\/nor-da-nor\\\/#breadcrumb\",\"itemListElement\":[{\"@type\":\"ListItem\",\"position\":1,\"name\":\"Home\",\"item\":\"https:\\\/\\\/blogak.argia.eus\\\/kooperarock\\\/\"},{\"@type\":\"ListItem\",\"position\":2,\"name\":\"Nor da nor?\"}]},{\"@type\":\"WebSite\",\"@id\":\"https:\\\/\\\/blogak.argia.eus\\\/kooperarock\\\/#website\",\"url\":\"https:\\\/\\\/blogak.argia.eus\\\/kooperarock\\\/\",\"name\":\"Kooperarock\",\"description\":\"Kooperazioaren artea\",\"potentialAction\":[{\"@type\":\"SearchAction\",\"target\":{\"@type\":\"EntryPoint\",\"urlTemplate\":\"https:\\\/\\\/blogak.argia.eus\\\/kooperarock\\\/?s={search_term_string}\"},\"query-input\":{\"@type\":\"PropertyValueSpecification\",\"valueRequired\":true,\"valueName\":\"search_term_string\"}}],\"inLanguage\":\"eu\"},{\"@type\":\"Person\",\"@id\":\"https:\\\/\\\/blogak.argia.eus\\\/kooperarock\\\/#\\\/schema\\\/person\\\/d322d00bb5319dd8e382b3040126ff00\",\"name\":\"Kooperarock\",\"image\":{\"@type\":\"ImageObject\",\"inLanguage\":\"eu\",\"@id\":\"https:\\\/\\\/secure.gravatar.com\\\/avatar\\\/93efee6cd538b47e7ea7893cf125f8674119d4dc5c8f62fc7b5cf4b4cbe60433?s=96&d=mm&r=g\",\"url\":\"https:\\\/\\\/secure.gravatar.com\\\/avatar\\\/93efee6cd538b47e7ea7893cf125f8674119d4dc5c8f62fc7b5cf4b4cbe60433?s=96&d=mm&r=g\",\"contentUrl\":\"https:\\\/\\\/secure.gravatar.com\\\/avatar\\\/93efee6cd538b47e7ea7893cf125f8674119d4dc5c8f62fc7b5cf4b4cbe60433?s=96&d=mm&r=g\",\"caption\":\"Kooperarock\"},\"url\":\"https:\\\/\\\/blogak.argia.eus\\\/kooperarock\\\/author\\\/kooperarock\\\/\"}]}<\/script>\n<!-- \/ Yoast SEO plugin. -->","yoast_head_json":{"title":"Nor da nor? - Kooperarock","robots":{"index":"index","follow":"follow","max-snippet":"max-snippet:-1","max-image-preview":"max-image-preview:large","max-video-preview":"max-video-preview:-1"},"canonical":"https:\/\/blogak.argia.eus\/kooperarock\/2016\/09\/27\/nor-da-nor\/","og_locale":"en_US","og_type":"article","og_title":"Nor da nor? - Kooperarock","og_description":"Egilea: Unai Garc\u00eda, Bitartekaritza-taldea 2016ko Iraialaren 9a. Eguerdian elkartu gara KunArten. Egun gardena, garbia, freskoa egiten du. Ematen du norbait gutaz errukitu eta labearen atea itxi izana. Aurreko egunean ezagutu genuen elkar, baina badirudi funtzionatuko duela. Berehala igarri eta hartu diogu usaina elkarri, gustatu gara. Ez dago arazorik. Askatu beharreko mataza koloretsu hori gara. Ez [&hellip;]","og_url":"https:\/\/blogak.argia.eus\/kooperarock\/2016\/09\/27\/nor-da-nor\/","og_site_name":"Kooperarock","article_published_time":"2016-09-27T06:30:54+00:00","og_image":[{"url":"https:\/\/blogak.argia.eus\/kooperarock\/wp-content\/uploads\/sites\/88\/2016\/09\/MG_0474-150x150.jpg","type":"","width":"","height":""}],"author":"Kooperarock","twitter_card":"summary_large_image","twitter_misc":{"Written by":"Kooperarock","Est. reading time":"1 minutua"},"schema":{"@context":"https:\/\/schema.org","@graph":[{"@type":"Article","@id":"https:\/\/blogak.argia.eus\/kooperarock\/2016\/09\/27\/nor-da-nor\/#article","isPartOf":{"@id":"https:\/\/blogak.argia.eus\/kooperarock\/2016\/09\/27\/nor-da-nor\/"},"author":{"name":"Kooperarock","@id":"https:\/\/blogak.argia.eus\/kooperarock\/#\/schema\/person\/d322d00bb5319dd8e382b3040126ff00"},"headline":"Nor da nor?","datePublished":"2016-09-27T06:30:54+00:00","mainEntityOfPage":{"@id":"https:\/\/blogak.argia.eus\/kooperarock\/2016\/09\/27\/nor-da-nor\/"},"wordCount":172,"commentCount":0,"image":{"@id":"https:\/\/blogak.argia.eus\/kooperarock\/2016\/09\/27\/nor-da-nor\/#primaryimage"},"thumbnailUrl":"https:\/\/kooperarockcom.files.wordpress.com\/2016\/09\/mg_0448.jpg?w=300","articleSection":["Aurkezpena","Bitartekaritzaren haria"],"inLanguage":"eu","potentialAction":[{"@type":"CommentAction","name":"Comment","target":["https:\/\/blogak.argia.eus\/kooperarock\/2016\/09\/27\/nor-da-nor\/#respond"]}]},{"@type":"WebPage","@id":"https:\/\/blogak.argia.eus\/kooperarock\/2016\/09\/27\/nor-da-nor\/","url":"https:\/\/blogak.argia.eus\/kooperarock\/2016\/09\/27\/nor-da-nor\/","name":"Nor da nor? - Kooperarock","isPartOf":{"@id":"https:\/\/blogak.argia.eus\/kooperarock\/#website"},"primaryImageOfPage":{"@id":"https:\/\/blogak.argia.eus\/kooperarock\/2016\/09\/27\/nor-da-nor\/#primaryimage"},"image":{"@id":"https:\/\/blogak.argia.eus\/kooperarock\/2016\/09\/27\/nor-da-nor\/#primaryimage"},"thumbnailUrl":"https:\/\/kooperarockcom.files.wordpress.com\/2016\/09\/mg_0448.jpg?w=300","datePublished":"2016-09-27T06:30:54+00:00","author":{"@id":"https:\/\/blogak.argia.eus\/kooperarock\/#\/schema\/person\/d322d00bb5319dd8e382b3040126ff00"},"breadcrumb":{"@id":"https:\/\/blogak.argia.eus\/kooperarock\/2016\/09\/27\/nor-da-nor\/#breadcrumb"},"inLanguage":"eu","potentialAction":[{"@type":"ReadAction","target":["https:\/\/blogak.argia.eus\/kooperarock\/2016\/09\/27\/nor-da-nor\/"]}]},{"@type":"ImageObject","inLanguage":"eu","@id":"https:\/\/blogak.argia.eus\/kooperarock\/2016\/09\/27\/nor-da-nor\/#primaryimage","url":"https:\/\/kooperarockcom.files.wordpress.com\/2016\/09\/mg_0448.jpg?w=300","contentUrl":"https:\/\/kooperarockcom.files.wordpress.com\/2016\/09\/mg_0448.jpg?w=300"},{"@type":"BreadcrumbList","@id":"https:\/\/blogak.argia.eus\/kooperarock\/2016\/09\/27\/nor-da-nor\/#breadcrumb","itemListElement":[{"@type":"ListItem","position":1,"name":"Home","item":"https:\/\/blogak.argia.eus\/kooperarock\/"},{"@type":"ListItem","position":2,"name":"Nor da nor?"}]},{"@type":"WebSite","@id":"https:\/\/blogak.argia.eus\/kooperarock\/#website","url":"https:\/\/blogak.argia.eus\/kooperarock\/","name":"Kooperarock","description":"Kooperazioaren artea","potentialAction":[{"@type":"SearchAction","target":{"@type":"EntryPoint","urlTemplate":"https:\/\/blogak.argia.eus\/kooperarock\/?s={search_term_string}"},"query-input":{"@type":"PropertyValueSpecification","valueRequired":true,"valueName":"search_term_string"}}],"inLanguage":"eu"},{"@type":"Person","@id":"https:\/\/blogak.argia.eus\/kooperarock\/#\/schema\/person\/d322d00bb5319dd8e382b3040126ff00","name":"Kooperarock","image":{"@type":"ImageObject","inLanguage":"eu","@id":"https:\/\/secure.gravatar.com\/avatar\/93efee6cd538b47e7ea7893cf125f8674119d4dc5c8f62fc7b5cf4b4cbe60433?s=96&d=mm&r=g","url":"https:\/\/secure.gravatar.com\/avatar\/93efee6cd538b47e7ea7893cf125f8674119d4dc5c8f62fc7b5cf4b4cbe60433?s=96&d=mm&r=g","contentUrl":"https:\/\/secure.gravatar.com\/avatar\/93efee6cd538b47e7ea7893cf125f8674119d4dc5c8f62fc7b5cf4b4cbe60433?s=96&d=mm&r=g","caption":"Kooperarock"},"url":"https:\/\/blogak.argia.eus\/kooperarock\/author\/kooperarock\/"}]}},"_links":{"self":[{"href":"https:\/\/blogak.argia.eus\/kooperarock\/wp-json\/wp\/v2\/posts\/118","targetHints":{"allow":["GET"]}}],"collection":[{"href":"https:\/\/blogak.argia.eus\/kooperarock\/wp-json\/wp\/v2\/posts"}],"about":[{"href":"https:\/\/blogak.argia.eus\/kooperarock\/wp-json\/wp\/v2\/types\/post"}],"author":[{"embeddable":true,"href":"https:\/\/blogak.argia.eus\/kooperarock\/wp-json\/wp\/v2\/users\/90"}],"replies":[{"embeddable":true,"href":"https:\/\/blogak.argia.eus\/kooperarock\/wp-json\/wp\/v2\/comments?post=118"}],"version-history":[{"count":0,"href":"https:\/\/blogak.argia.eus\/kooperarock\/wp-json\/wp\/v2\/posts\/118\/revisions"}],"wp:attachment":[{"href":"https:\/\/blogak.argia.eus\/kooperarock\/wp-json\/wp\/v2\/media?parent=118"}],"wp:term":[{"taxonomy":"category","embeddable":true,"href":"https:\/\/blogak.argia.eus\/kooperarock\/wp-json\/wp\/v2\/categories?post=118"},{"taxonomy":"post_tag","embeddable":true,"href":"https:\/\/blogak.argia.eus\/kooperarock\/wp-json\/wp\/v2\/tags?post=118"}],"curies":[{"name":"wp","href":"https:\/\/api.w.org\/{rel}","templated":true}]}}