{"id":573,"date":"2015-06-13T13:29:16","date_gmt":"2015-06-13T11:29:16","guid":{"rendered":"http:\/\/www.argia.eus\/blogak\/malen-aldalur\/?p=573"},"modified":"2015-06-13T13:29:16","modified_gmt":"2015-06-13T11:29:16","slug":"formakuntza-politikoa-ezinbestekoa-herri-mugimenduetan","status":"publish","type":"post","link":"https:\/\/blogak.argia.eus\/malen-aldalur\/2015\/06\/13\/formakuntza-politikoa-ezinbestekoa-herri-mugimenduetan\/","title":{"rendered":"Formakuntza politikoa, ezinbestekoa herri mugimenduetan"},"content":{"rendered":"<div class=\"_5wd4 _1nc7 direction_ltr _5yt9 _2cnu\" data-reactid=\".3p.$mid=11434188140463=2976a3d7f8c761f3c26\">\n<div class=\"_5wd9\" data-reactid=\".3p.$mid=11434188140463=2976a3d7f8c761f3c26.2:0\">\n<div class=\"_5wde\" data-reactid=\".3p.$mid=11434188140463=2976a3d7f8c761f3c26.2:0.0\">\n<div class=\"_5w1r _5wdf _3okg\" data-reactid=\".3p.$mid=11434188140463=2976a3d7f8c761f3c26.2:0.0.0\">\n<div class=\"_d97\" data-reactid=\".3p.$mid=11434188140463=2976a3d7f8c761f3c26.2:0.0.0.0\">\n<div id=\"attachment_574\" style=\"width: 610px\" class=\"wp-caption aligncenter\"><a href=\"https:\/\/blogak.argia.eus\/malen-aldalur\/wp-content\/uploads\/sites\/73\/2015\/06\/CHSUnqBW8AAv-3L.jpg\" data-rel=\"lightbox-image-0\" data-rl_title=\"\" data-rl_caption=\"\" title=\"\"><img loading=\"lazy\" decoding=\"async\" aria-describedby=\"caption-attachment-574\" class=\"wp-image-574 size-full\" src=\"https:\/\/blogak.argia.eus\/malen-aldalur\/wp-content\/uploads\/sites\/73\/2015\/06\/CHSUnqBW8AAv-3L.jpg\" alt=\"CHSUnqBW8AAv-3L\" width=\"600\" height=\"450\" srcset=\"https:\/\/blogak.argia.eus\/malen-aldalur\/wp-content\/uploads\/sites\/73\/2015\/06\/CHSUnqBW8AAv-3L.jpg 600w, https:\/\/blogak.argia.eus\/malen-aldalur\/wp-content\/uploads\/sites\/73\/2015\/06\/CHSUnqBW8AAv-3L-300x225.jpg 300w\" sizes=\"auto, (max-width: 600px) 100vw, 600px\" \/><\/a><p id=\"caption-attachment-574\" class=\"wp-caption-text\">Joxemi Zumalabek antolatutako jardunaldiak, Donostian.<\/p><\/div>\n<p>\u201cJakintza a(u)nitz: Herri borrokak, ezagutza emantzipatzaileak eta formazio politikoa\u201d izeneko jardunaldiak bigarren ekinaldia egin zuen ostiralean Donostian, <a href=\"http:\/\/www.argia.eus\/blogak\/malen-aldalur\/2015\/06\/11\/herri-mugimenduen-menua-osatu-nahian\/?utm_content=bufferef6a4&amp;utm_medium=social&amp;utm_source=twitter.com&amp;utm_campaign=buffer\">osegunean<\/a> baino oraindik jende gehiagorekin.<\/p>\n<p><!--more--><\/p>\n<p>Ibaetako Campusean batu ziren\u00a0 goizeko saioari ekiteko. \u201cFormazioa politiko eta feminista arlokoa\u201d, hitzaldiak eman zion hasiera egunari. Paula del Cidek Formazio Politiko Feminista izan zuen hizpide eta Guatemalako <em>La Cuerda<\/em> eskolaren berri eman zuen. \u201cGuatemalan gutxi dira feminista bezala autoidentifikatzen diren organizazioak\u201d, esan du Cidek; behar horri aurre egiteko jaio zen<em> La Cuerda<\/em>. Hainbat ekintza egiten dituzte hezkuntza popular feminista lantzeko, eta hainbat adibide ekarri ditu Cidek Donostiara; esaterako, arazoen zuhaitza edo klitorisaren atalak ikasteko klitoris bordatua.<\/p>\n<p>Guatemalatik Brasilera salto egin zuen hurrengo hizlariak. Florestan Fernandez Eskola Nazionalari buruz hitz egin zuen Beatriz Casado MST elkartasun taldeko eta Hegoa Istitutoko kideak. Borrokak eta formazioak eskutik emanda joan behar dute beti Casadoren ustez. Hori da Florestan Fernandez Eskola Nazionalaren zeregin nagusia: \u201cMugimenduek formatzen dute eskola eta ez alderantziz\u201d. 990 pertsona inguru pasa dira eskolatik formazio politikoa jasotzeko eta hiru hilabeteko eta 45 eguneko egonaldiak egin daitezke bertan.<\/p>\n<p>Eztabaidaren txanda iritxi zen orduan. Entzundakoak eta ikasitakok gainerakoekin elkartrukatzeko asmoz jende andana animatu zen hitza hartu eta eurak parte hartzen duten herri mugimenduetako formazio politikoaz hitz egitera, edo hitzaldietan ateratako puntu garrantzitsuenak azpimarratzera. Penaz moztu behar izan zuten eztabaida antolatzaileek. Ibaetako lanak bukatuta, bazkaldu eta Koldo Mitxelena Liburutegian eman zioten hasiera arratsaldeari.<\/p>\n<p>4.30 inguruan batu ziren \u201cGorputz_grafiak Erakusketa: gure genealogia feministak\u201d bisita gidatua egiteko. Miren Aranguren eta Edurne Epelde liburuaren egileek lagunduta bidaiatu zuten bertaratuek denboran atzera.<\/p>\n<p>Koldo Mitxelenatik Alde Zaharreko Liburutegi Nagusira zuzendu ziren. Bertan, Andaluziako nekazal borroken ahozko artxiboa ezagutzeko. Juan Diaz del Moral ikasketa taldeak aurkeztu zuen, eta SAT, <em>Sindicato Andaluz de Trabajoderes<\/em>, sindikatuaren bilakaera ezagutzeko parada izan zuten.<\/p>\n<p>Ondoren, mahai ingurua egin zuten. Honakoak hartu zuten parte: Claudia Korol (Pa\u00f1uelos en Rebelia, Argendina), Raphael Hoetmer (Programa Democracia y Transfomaci\u00f3n Global, Peru), Olatz Da\u00f1obeitia (Joxemi Zumalabe Fundazioa, Euskal Herria) eta Bernardo Man\u00e7ano (Universidad Estadual Paulista, Brasil).<\/p>\n<p>Bertan, Korolek Argentinako herri heziketa azaldu zuen, <em>Pa\u00f1uelos en Rebeldia<\/em> ekimenaren bidez. Ekimen horren zeregina Argentinan eta Hego Amerikan praktika politiko pedagogiko ezberdinak abiaraztea da. Ildo berean hitz egin zuen Hoetmerrek, Peruko herri heziketari buruz. Joxemi Zumalabe Fundazioko Olatz Da\u00f1obeitiak ere hartu zuen hitza: <em>Bor Bor (K)<\/em> proiektuaren zertzeladak eta Fundazioaren nondik norakoak azaldu zituen. Bernardo Man\u00e7anok bukatu zuen mahaingurua, formatzaileen formakuntzaren ideiatik abiatuta unibertsitate eredu ezberdinen beharra azpimarratuz.<\/p>\n<p>Galdera-erantzunekin bukatu zen bi egunetako jardunaldia: ahoz zapore onarekin eta gehiagoren gosez. Oraindik, ideia, eztabaida eta zeresan asko geratu dira izozkailuan.<\/p>\n<\/div>\n<\/div>\n<\/div>\n<\/div>\n<\/div>\n","protected":false},"excerpt":{"rendered":"<p>\u201cJakintza a(u)nitz: Herri borrokak, ezagutza emantzipatzaileak eta formazio politikoa\u201d izeneko jardunaldiak bigarren ekinaldia egin zuen ostiralean Donostian, osegunean baino oraindik jende gehiagorekin.<\/p>\n","protected":false},"author":75,"featured_media":0,"comment_status":"open","ping_status":"open","sticky":false,"template":"","format":"standard","meta":{"footnotes":""},"categories":[7],"tags":[53,71,83],"class_list":["post-573","post","type-post","status-publish","format-standard","hentry","category-uncategorized","tag-formazio-politikoa","tag-herri-mugimenduak","tag-joxemi-zumalabe"],"yoast_head":"<!-- This site is optimized with the Yoast SEO plugin v27.3 - https:\/\/yoast.com\/product\/yoast-seo-wordpress\/ -->\n<title>Formakuntza politikoa, ezinbestekoa herri mugimenduetan - Gaztekeriak<\/title>\n<meta name=\"robots\" content=\"index, follow, max-snippet:-1, max-image-preview:large, max-video-preview:-1\" \/>\n<link rel=\"canonical\" href=\"https:\/\/blogak.argia.eus\/malen-aldalur\/2015\/06\/13\/formakuntza-politikoa-ezinbestekoa-herri-mugimenduetan\/\" \/>\n<meta property=\"og:locale\" content=\"en_US\" \/>\n<meta property=\"og:type\" content=\"article\" \/>\n<meta property=\"og:title\" content=\"Formakuntza politikoa, ezinbestekoa herri mugimenduetan - Gaztekeriak\" \/>\n<meta property=\"og:description\" content=\"\u201cJakintza a(u)nitz: Herri borrokak, ezagutza emantzipatzaileak eta formazio politikoa\u201d izeneko jardunaldiak bigarren ekinaldia egin zuen ostiralean Donostian, osegunean baino oraindik jende gehiagorekin.\" \/>\n<meta property=\"og:url\" content=\"https:\/\/blogak.argia.eus\/malen-aldalur\/2015\/06\/13\/formakuntza-politikoa-ezinbestekoa-herri-mugimenduetan\/\" \/>\n<meta property=\"og:site_name\" content=\"Gaztekeriak\" \/>\n<meta property=\"article:published_time\" content=\"2015-06-13T11:29:16+00:00\" \/>\n<meta property=\"og:image\" content=\"https:\/\/blogak.argia.eus\/malen-aldalur\/wp-content\/uploads\/sites\/73\/2015\/06\/CHSUnqBW8AAv-3L.jpg\" \/>\n<meta name=\"author\" content=\"Malen Aldalur\" \/>\n<meta name=\"twitter:card\" content=\"summary_large_image\" \/>\n<meta name=\"twitter:label1\" content=\"Written by\" \/>\n\t<meta name=\"twitter:data1\" content=\"Malen Aldalur\" \/>\n\t<meta name=\"twitter:label2\" content=\"Est. reading time\" \/>\n\t<meta name=\"twitter:data2\" content=\"2 minutua\" \/>\n<script type=\"application\/ld+json\" class=\"yoast-schema-graph\">{\"@context\":\"https:\\\/\\\/schema.org\",\"@graph\":[{\"@type\":\"Article\",\"@id\":\"https:\\\/\\\/blogak.argia.eus\\\/malen-aldalur\\\/2015\\\/06\\\/13\\\/formakuntza-politikoa-ezinbestekoa-herri-mugimenduetan\\\/#article\",\"isPartOf\":{\"@id\":\"https:\\\/\\\/blogak.argia.eus\\\/malen-aldalur\\\/2015\\\/06\\\/13\\\/formakuntza-politikoa-ezinbestekoa-herri-mugimenduetan\\\/\"},\"author\":{\"name\":\"Malen Aldalur\",\"@id\":\"https:\\\/\\\/blogak.argia.eus\\\/malen-aldalur\\\/#\\\/schema\\\/person\\\/75c6fffd0e2a000533a0cc930c0e999f\"},\"headline\":\"Formakuntza politikoa, ezinbestekoa herri mugimenduetan\",\"datePublished\":\"2015-06-13T11:29:16+00:00\",\"mainEntityOfPage\":{\"@id\":\"https:\\\/\\\/blogak.argia.eus\\\/malen-aldalur\\\/2015\\\/06\\\/13\\\/formakuntza-politikoa-ezinbestekoa-herri-mugimenduetan\\\/\"},\"wordCount\":432,\"commentCount\":2,\"image\":{\"@id\":\"https:\\\/\\\/blogak.argia.eus\\\/malen-aldalur\\\/2015\\\/06\\\/13\\\/formakuntza-politikoa-ezinbestekoa-herri-mugimenduetan\\\/#primaryimage\"},\"thumbnailUrl\":\"https:\\\/\\\/blogak.argia.eus\\\/malen-aldalur\\\/wp-content\\\/uploads\\\/sites\\\/73\\\/2015\\\/06\\\/CHSUnqBW8AAv-3L.jpg\",\"keywords\":[\"formazio politikoa\",\"herri mugimenduak\",\"Joxemi Zumalabe\"],\"articleSection\":[\"Sailkatugabeak\"],\"inLanguage\":\"eu\",\"potentialAction\":[{\"@type\":\"CommentAction\",\"name\":\"Comment\",\"target\":[\"https:\\\/\\\/blogak.argia.eus\\\/malen-aldalur\\\/2015\\\/06\\\/13\\\/formakuntza-politikoa-ezinbestekoa-herri-mugimenduetan\\\/#respond\"]}]},{\"@type\":\"WebPage\",\"@id\":\"https:\\\/\\\/blogak.argia.eus\\\/malen-aldalur\\\/2015\\\/06\\\/13\\\/formakuntza-politikoa-ezinbestekoa-herri-mugimenduetan\\\/\",\"url\":\"https:\\\/\\\/blogak.argia.eus\\\/malen-aldalur\\\/2015\\\/06\\\/13\\\/formakuntza-politikoa-ezinbestekoa-herri-mugimenduetan\\\/\",\"name\":\"Formakuntza politikoa, ezinbestekoa herri mugimenduetan - Gaztekeriak\",\"isPartOf\":{\"@id\":\"https:\\\/\\\/blogak.argia.eus\\\/malen-aldalur\\\/#website\"},\"primaryImageOfPage\":{\"@id\":\"https:\\\/\\\/blogak.argia.eus\\\/malen-aldalur\\\/2015\\\/06\\\/13\\\/formakuntza-politikoa-ezinbestekoa-herri-mugimenduetan\\\/#primaryimage\"},\"image\":{\"@id\":\"https:\\\/\\\/blogak.argia.eus\\\/malen-aldalur\\\/2015\\\/06\\\/13\\\/formakuntza-politikoa-ezinbestekoa-herri-mugimenduetan\\\/#primaryimage\"},\"thumbnailUrl\":\"https:\\\/\\\/blogak.argia.eus\\\/malen-aldalur\\\/wp-content\\\/uploads\\\/sites\\\/73\\\/2015\\\/06\\\/CHSUnqBW8AAv-3L.jpg\",\"datePublished\":\"2015-06-13T11:29:16+00:00\",\"author\":{\"@id\":\"https:\\\/\\\/blogak.argia.eus\\\/malen-aldalur\\\/#\\\/schema\\\/person\\\/75c6fffd0e2a000533a0cc930c0e999f\"},\"breadcrumb\":{\"@id\":\"https:\\\/\\\/blogak.argia.eus\\\/malen-aldalur\\\/2015\\\/06\\\/13\\\/formakuntza-politikoa-ezinbestekoa-herri-mugimenduetan\\\/#breadcrumb\"},\"inLanguage\":\"eu\",\"potentialAction\":[{\"@type\":\"ReadAction\",\"target\":[\"https:\\\/\\\/blogak.argia.eus\\\/malen-aldalur\\\/2015\\\/06\\\/13\\\/formakuntza-politikoa-ezinbestekoa-herri-mugimenduetan\\\/\"]}]},{\"@type\":\"ImageObject\",\"inLanguage\":\"eu\",\"@id\":\"https:\\\/\\\/blogak.argia.eus\\\/malen-aldalur\\\/2015\\\/06\\\/13\\\/formakuntza-politikoa-ezinbestekoa-herri-mugimenduetan\\\/#primaryimage\",\"url\":\"https:\\\/\\\/blogak.argia.eus\\\/malen-aldalur\\\/wp-content\\\/uploads\\\/sites\\\/73\\\/2015\\\/06\\\/CHSUnqBW8AAv-3L.jpg\",\"contentUrl\":\"https:\\\/\\\/blogak.argia.eus\\\/malen-aldalur\\\/wp-content\\\/uploads\\\/sites\\\/73\\\/2015\\\/06\\\/CHSUnqBW8AAv-3L.jpg\"},{\"@type\":\"BreadcrumbList\",\"@id\":\"https:\\\/\\\/blogak.argia.eus\\\/malen-aldalur\\\/2015\\\/06\\\/13\\\/formakuntza-politikoa-ezinbestekoa-herri-mugimenduetan\\\/#breadcrumb\",\"itemListElement\":[{\"@type\":\"ListItem\",\"position\":1,\"name\":\"Home\",\"item\":\"https:\\\/\\\/blogak.argia.eus\\\/malen-aldalur\\\/\"},{\"@type\":\"ListItem\",\"position\":2,\"name\":\"Formakuntza politikoa, ezinbestekoa herri mugimenduetan\"}]},{\"@type\":\"WebSite\",\"@id\":\"https:\\\/\\\/blogak.argia.eus\\\/malen-aldalur\\\/#website\",\"url\":\"https:\\\/\\\/blogak.argia.eus\\\/malen-aldalur\\\/\",\"name\":\"Gaztekeriak\",\"description\":\"Gazteon bizia: umetan hazia eta krisian hezia\",\"potentialAction\":[{\"@type\":\"SearchAction\",\"target\":{\"@type\":\"EntryPoint\",\"urlTemplate\":\"https:\\\/\\\/blogak.argia.eus\\\/malen-aldalur\\\/?s={search_term_string}\"},\"query-input\":{\"@type\":\"PropertyValueSpecification\",\"valueRequired\":true,\"valueName\":\"search_term_string\"}}],\"inLanguage\":\"eu\"},{\"@type\":\"Person\",\"@id\":\"https:\\\/\\\/blogak.argia.eus\\\/malen-aldalur\\\/#\\\/schema\\\/person\\\/75c6fffd0e2a000533a0cc930c0e999f\",\"name\":\"Malen Aldalur\",\"image\":{\"@type\":\"ImageObject\",\"inLanguage\":\"eu\",\"@id\":\"https:\\\/\\\/secure.gravatar.com\\\/avatar\\\/8440fe267910a14787fe0760894609268c110b8e81be4f4a5fe0aae6e2aba542?s=96&d=mm&r=g\",\"url\":\"https:\\\/\\\/secure.gravatar.com\\\/avatar\\\/8440fe267910a14787fe0760894609268c110b8e81be4f4a5fe0aae6e2aba542?s=96&d=mm&r=g\",\"contentUrl\":\"https:\\\/\\\/secure.gravatar.com\\\/avatar\\\/8440fe267910a14787fe0760894609268c110b8e81be4f4a5fe0aae6e2aba542?s=96&d=mm&r=g\",\"caption\":\"Malen Aldalur\"},\"url\":\"https:\\\/\\\/blogak.argia.eus\\\/malen-aldalur\\\/author\\\/malen-aldalur\\\/\"}]}<\/script>\n<!-- \/ Yoast SEO plugin. -->","yoast_head_json":{"title":"Formakuntza politikoa, ezinbestekoa herri mugimenduetan - Gaztekeriak","robots":{"index":"index","follow":"follow","max-snippet":"max-snippet:-1","max-image-preview":"max-image-preview:large","max-video-preview":"max-video-preview:-1"},"canonical":"https:\/\/blogak.argia.eus\/malen-aldalur\/2015\/06\/13\/formakuntza-politikoa-ezinbestekoa-herri-mugimenduetan\/","og_locale":"en_US","og_type":"article","og_title":"Formakuntza politikoa, ezinbestekoa herri mugimenduetan - Gaztekeriak","og_description":"\u201cJakintza a(u)nitz: Herri borrokak, ezagutza emantzipatzaileak eta formazio politikoa\u201d izeneko jardunaldiak bigarren ekinaldia egin zuen ostiralean Donostian, osegunean baino oraindik jende gehiagorekin.","og_url":"https:\/\/blogak.argia.eus\/malen-aldalur\/2015\/06\/13\/formakuntza-politikoa-ezinbestekoa-herri-mugimenduetan\/","og_site_name":"Gaztekeriak","article_published_time":"2015-06-13T11:29:16+00:00","og_image":[{"url":"https:\/\/blogak.argia.eus\/malen-aldalur\/wp-content\/uploads\/sites\/73\/2015\/06\/CHSUnqBW8AAv-3L.jpg","type":"","width":"","height":""}],"author":"Malen Aldalur","twitter_card":"summary_large_image","twitter_misc":{"Written by":"Malen Aldalur","Est. reading time":"2 minutua"},"schema":{"@context":"https:\/\/schema.org","@graph":[{"@type":"Article","@id":"https:\/\/blogak.argia.eus\/malen-aldalur\/2015\/06\/13\/formakuntza-politikoa-ezinbestekoa-herri-mugimenduetan\/#article","isPartOf":{"@id":"https:\/\/blogak.argia.eus\/malen-aldalur\/2015\/06\/13\/formakuntza-politikoa-ezinbestekoa-herri-mugimenduetan\/"},"author":{"name":"Malen Aldalur","@id":"https:\/\/blogak.argia.eus\/malen-aldalur\/#\/schema\/person\/75c6fffd0e2a000533a0cc930c0e999f"},"headline":"Formakuntza politikoa, ezinbestekoa herri mugimenduetan","datePublished":"2015-06-13T11:29:16+00:00","mainEntityOfPage":{"@id":"https:\/\/blogak.argia.eus\/malen-aldalur\/2015\/06\/13\/formakuntza-politikoa-ezinbestekoa-herri-mugimenduetan\/"},"wordCount":432,"commentCount":2,"image":{"@id":"https:\/\/blogak.argia.eus\/malen-aldalur\/2015\/06\/13\/formakuntza-politikoa-ezinbestekoa-herri-mugimenduetan\/#primaryimage"},"thumbnailUrl":"https:\/\/blogak.argia.eus\/malen-aldalur\/wp-content\/uploads\/sites\/73\/2015\/06\/CHSUnqBW8AAv-3L.jpg","keywords":["formazio politikoa","herri mugimenduak","Joxemi Zumalabe"],"articleSection":["Sailkatugabeak"],"inLanguage":"eu","potentialAction":[{"@type":"CommentAction","name":"Comment","target":["https:\/\/blogak.argia.eus\/malen-aldalur\/2015\/06\/13\/formakuntza-politikoa-ezinbestekoa-herri-mugimenduetan\/#respond"]}]},{"@type":"WebPage","@id":"https:\/\/blogak.argia.eus\/malen-aldalur\/2015\/06\/13\/formakuntza-politikoa-ezinbestekoa-herri-mugimenduetan\/","url":"https:\/\/blogak.argia.eus\/malen-aldalur\/2015\/06\/13\/formakuntza-politikoa-ezinbestekoa-herri-mugimenduetan\/","name":"Formakuntza politikoa, ezinbestekoa herri mugimenduetan - Gaztekeriak","isPartOf":{"@id":"https:\/\/blogak.argia.eus\/malen-aldalur\/#website"},"primaryImageOfPage":{"@id":"https:\/\/blogak.argia.eus\/malen-aldalur\/2015\/06\/13\/formakuntza-politikoa-ezinbestekoa-herri-mugimenduetan\/#primaryimage"},"image":{"@id":"https:\/\/blogak.argia.eus\/malen-aldalur\/2015\/06\/13\/formakuntza-politikoa-ezinbestekoa-herri-mugimenduetan\/#primaryimage"},"thumbnailUrl":"https:\/\/blogak.argia.eus\/malen-aldalur\/wp-content\/uploads\/sites\/73\/2015\/06\/CHSUnqBW8AAv-3L.jpg","datePublished":"2015-06-13T11:29:16+00:00","author":{"@id":"https:\/\/blogak.argia.eus\/malen-aldalur\/#\/schema\/person\/75c6fffd0e2a000533a0cc930c0e999f"},"breadcrumb":{"@id":"https:\/\/blogak.argia.eus\/malen-aldalur\/2015\/06\/13\/formakuntza-politikoa-ezinbestekoa-herri-mugimenduetan\/#breadcrumb"},"inLanguage":"eu","potentialAction":[{"@type":"ReadAction","target":["https:\/\/blogak.argia.eus\/malen-aldalur\/2015\/06\/13\/formakuntza-politikoa-ezinbestekoa-herri-mugimenduetan\/"]}]},{"@type":"ImageObject","inLanguage":"eu","@id":"https:\/\/blogak.argia.eus\/malen-aldalur\/2015\/06\/13\/formakuntza-politikoa-ezinbestekoa-herri-mugimenduetan\/#primaryimage","url":"https:\/\/blogak.argia.eus\/malen-aldalur\/wp-content\/uploads\/sites\/73\/2015\/06\/CHSUnqBW8AAv-3L.jpg","contentUrl":"https:\/\/blogak.argia.eus\/malen-aldalur\/wp-content\/uploads\/sites\/73\/2015\/06\/CHSUnqBW8AAv-3L.jpg"},{"@type":"BreadcrumbList","@id":"https:\/\/blogak.argia.eus\/malen-aldalur\/2015\/06\/13\/formakuntza-politikoa-ezinbestekoa-herri-mugimenduetan\/#breadcrumb","itemListElement":[{"@type":"ListItem","position":1,"name":"Home","item":"https:\/\/blogak.argia.eus\/malen-aldalur\/"},{"@type":"ListItem","position":2,"name":"Formakuntza politikoa, ezinbestekoa herri mugimenduetan"}]},{"@type":"WebSite","@id":"https:\/\/blogak.argia.eus\/malen-aldalur\/#website","url":"https:\/\/blogak.argia.eus\/malen-aldalur\/","name":"Gaztekeriak","description":"Gazteon bizia: umetan hazia eta krisian hezia","potentialAction":[{"@type":"SearchAction","target":{"@type":"EntryPoint","urlTemplate":"https:\/\/blogak.argia.eus\/malen-aldalur\/?s={search_term_string}"},"query-input":{"@type":"PropertyValueSpecification","valueRequired":true,"valueName":"search_term_string"}}],"inLanguage":"eu"},{"@type":"Person","@id":"https:\/\/blogak.argia.eus\/malen-aldalur\/#\/schema\/person\/75c6fffd0e2a000533a0cc930c0e999f","name":"Malen Aldalur","image":{"@type":"ImageObject","inLanguage":"eu","@id":"https:\/\/secure.gravatar.com\/avatar\/8440fe267910a14787fe0760894609268c110b8e81be4f4a5fe0aae6e2aba542?s=96&d=mm&r=g","url":"https:\/\/secure.gravatar.com\/avatar\/8440fe267910a14787fe0760894609268c110b8e81be4f4a5fe0aae6e2aba542?s=96&d=mm&r=g","contentUrl":"https:\/\/secure.gravatar.com\/avatar\/8440fe267910a14787fe0760894609268c110b8e81be4f4a5fe0aae6e2aba542?s=96&d=mm&r=g","caption":"Malen Aldalur"},"url":"https:\/\/blogak.argia.eus\/malen-aldalur\/author\/malen-aldalur\/"}]}},"_links":{"self":[{"href":"https:\/\/blogak.argia.eus\/malen-aldalur\/wp-json\/wp\/v2\/posts\/573","targetHints":{"allow":["GET"]}}],"collection":[{"href":"https:\/\/blogak.argia.eus\/malen-aldalur\/wp-json\/wp\/v2\/posts"}],"about":[{"href":"https:\/\/blogak.argia.eus\/malen-aldalur\/wp-json\/wp\/v2\/types\/post"}],"author":[{"embeddable":true,"href":"https:\/\/blogak.argia.eus\/malen-aldalur\/wp-json\/wp\/v2\/users\/75"}],"replies":[{"embeddable":true,"href":"https:\/\/blogak.argia.eus\/malen-aldalur\/wp-json\/wp\/v2\/comments?post=573"}],"version-history":[{"count":0,"href":"https:\/\/blogak.argia.eus\/malen-aldalur\/wp-json\/wp\/v2\/posts\/573\/revisions"}],"wp:attachment":[{"href":"https:\/\/blogak.argia.eus\/malen-aldalur\/wp-json\/wp\/v2\/media?parent=573"}],"wp:term":[{"taxonomy":"category","embeddable":true,"href":"https:\/\/blogak.argia.eus\/malen-aldalur\/wp-json\/wp\/v2\/categories?post=573"},{"taxonomy":"post_tag","embeddable":true,"href":"https:\/\/blogak.argia.eus\/malen-aldalur\/wp-json\/wp\/v2\/tags?post=573"}],"curies":[{"name":"wp","href":"https:\/\/api.w.org\/{rel}","templated":true}]}}