{"id":110,"date":"2013-08-12T19:36:53","date_gmt":"2013-08-12T18:36:53","guid":{"rendered":"http:\/\/www.argia.eus\/blogak\/montserrat-auzmendi\/?p=110"},"modified":"2013-08-12T19:36:53","modified_gmt":"2013-08-12T18:36:53","slug":"violetta-distiratsua","status":"publish","type":"post","link":"https:\/\/blogak.argia.eus\/montserrat-auzmendi\/2013\/08\/12\/violetta-distiratsua\/","title":{"rendered":"Violetta distiratsua"},"content":{"rendered":"<p>Fitxa: Verdi-ren \u201cLa Traviata\u201d. Euskadiko Orkestra Sinfonikoa. Zuzendaria: Pietro Rizzo. Easo Abesbatza. Zuzendaria: Xalba Rallo. Eszena-zuzendaria: Susana G\u00f3mez. Bakarlariak: Desir\u00e9e Rancatore, Jos\u00e9 Bros eta \u00c1ngel \u00d3dena. Lekua: Kursaal Auditorioa. Data: Abuztuaren 11a.<\/p>\n<p><!--more--><\/p>\n<p>Opera guztien artean, hemen dugu ezagunenetako bat. Momentu batean edo bestean, guztiok entzun dugu \u201cLibiamo ne\u2019 lieti calici\u201d duo famatua, eta agian kantatu ere bai. Beraz, obra hau programatzea arrakasta segurua da. Musika melodiatsua du operak, eta kontatzen den istorioa, Alexandre Dumas-en \u201cKamelien dama\u201d nobelan oinarritua, benetan hunkigarria da. Baina hain ezaguna den obra eskaintzeak baditu arrisku batzuk. Bertsio on-ona eta, ahal bada, orijinala eman behar da; zerbait kolokan egonez gero, gehiegi nabaritzen da, eta inpresio pobrea eman daiteke.<\/p>\n<p>&nbsp;<\/p>\n<p>Musika Hamabostaldiak eskainitako koprodukzioa duina izan da, interpretazioaren eta eszenografiaren aldetik, baina duintasunetik haratago ez da joan. Edo, gutxienez, ez gaitu hunkitu, ez da zirraragarria izan, espero genuen bezala. Bazekarren nobedade bat Traviata honek. Bertsio honetan, XX. mendeko 40ko hamarkadan kokatuta dago akzioa. Baina, egia esan, berrikuntza horrek ez zion gauza handirik aportatu obrari.<\/p>\n<p>&nbsp;<\/p>\n<p>Euskadiko Orkestra Sinfonikoa eta Easo Abesbatza txukun aritu ziren. Jos\u00e9 Bros tenoreak, beti bezala, bere tinbre argitsu eta metaliko samarra luzitu zuen. Ez da oso abeslari adierazkorra, baina \u201csalbatu\u201d zuen rola. Gehiago gustatu zitzaigun \u00c1ngel \u00d3dena, Giorgio Germont-en paperean. Nahiko hotza eta estatikoa, hori bai, baina oso segurua ahotsaren emisioan. Nork animatu zuen saioa? Ba, Desir\u00e9e Rancatore sopranoak, Violetta Valery protagonistaren rolean. Ongi mugitzen da eszenatokian, teknika bokal akatsgabea du eta, inportanteena kasu honetan, emozioa piztu zuen entzuleen artean. \u00d1abardura asko nabaritu genituen haren interpretazioan, oso matizatua.<\/p>\n","protected":false},"excerpt":{"rendered":"<p>Fitxa: Verdi-ren \u201cLa Traviata\u201d. Euskadiko Orkestra Sinfonikoa. Zuzendaria: Pietro Rizzo. Easo Abesbatza. Zuzendaria: Xalba Rallo. Eszena-zuzendaria: Susana G\u00f3mez. Bakarlariak: Desir\u00e9e Rancatore, Jos\u00e9 Bros eta \u00c1ngel \u00d3dena. Lekua: Kursaal Auditorioa. Data: Abuztuaren 11a.<\/p>\n","protected":false},"author":13,"featured_media":0,"comment_status":"open","ping_status":"open","sticky":false,"template":"","format":"standard","meta":{"footnotes":""},"categories":[2],"tags":[309,500],"class_list":["post-110","post","type-post","status-publish","format-standard","hentry","category-musika-kritika","tag-la-traviata","tag-verdi"],"yoast_head":"<!-- This site is optimized with the Yoast SEO plugin v27.3 - https:\/\/yoast.com\/product\/yoast-seo-wordpress\/ -->\n<title>Violetta distiratsua - Nessun dorma<\/title>\n<meta name=\"robots\" content=\"index, follow, max-snippet:-1, max-image-preview:large, max-video-preview:-1\" \/>\n<link rel=\"canonical\" href=\"https:\/\/blogak.argia.eus\/montserrat-auzmendi\/2013\/08\/12\/violetta-distiratsua\/\" \/>\n<meta property=\"og:locale\" content=\"en_US\" \/>\n<meta property=\"og:type\" content=\"article\" \/>\n<meta property=\"og:title\" content=\"Violetta distiratsua - Nessun dorma\" \/>\n<meta property=\"og:description\" content=\"Fitxa: Verdi-ren \u201cLa Traviata\u201d. Euskadiko Orkestra Sinfonikoa. Zuzendaria: Pietro Rizzo. Easo Abesbatza. Zuzendaria: Xalba Rallo. Eszena-zuzendaria: Susana G\u00f3mez. Bakarlariak: Desir\u00e9e Rancatore, Jos\u00e9 Bros eta \u00c1ngel \u00d3dena. Lekua: Kursaal Auditorioa. Data: Abuztuaren 11a.\" \/>\n<meta property=\"og:url\" content=\"https:\/\/blogak.argia.eus\/montserrat-auzmendi\/2013\/08\/12\/violetta-distiratsua\/\" \/>\n<meta property=\"og:site_name\" content=\"Nessun dorma\" \/>\n<meta property=\"article:published_time\" content=\"2013-08-12T18:36:53+00:00\" \/>\n<meta name=\"author\" content=\"Montserrat Auzmendi\" \/>\n<meta name=\"twitter:card\" content=\"summary_large_image\" \/>\n<meta name=\"twitter:label1\" content=\"Written by\" \/>\n\t<meta name=\"twitter:data1\" content=\"Montserrat Auzmendi\" \/>\n\t<meta name=\"twitter:label2\" content=\"Est. reading time\" \/>\n\t<meta name=\"twitter:data2\" content=\"1 minutua\" \/>\n<script type=\"application\/ld+json\" class=\"yoast-schema-graph\">{\"@context\":\"https:\\\/\\\/schema.org\",\"@graph\":[{\"@type\":\"Article\",\"@id\":\"https:\\\/\\\/blogak.argia.eus\\\/montserrat-auzmendi\\\/2013\\\/08\\\/12\\\/violetta-distiratsua\\\/#article\",\"isPartOf\":{\"@id\":\"https:\\\/\\\/blogak.argia.eus\\\/montserrat-auzmendi\\\/2013\\\/08\\\/12\\\/violetta-distiratsua\\\/\"},\"author\":{\"name\":\"Montserrat Auzmendi\",\"@id\":\"https:\\\/\\\/blogak.argia.eus\\\/montserrat-auzmendi\\\/#\\\/schema\\\/person\\\/cf1b934bd411258b08320938e22c81c6\"},\"headline\":\"Violetta distiratsua\",\"datePublished\":\"2013-08-12T18:36:53+00:00\",\"mainEntityOfPage\":{\"@id\":\"https:\\\/\\\/blogak.argia.eus\\\/montserrat-auzmendi\\\/2013\\\/08\\\/12\\\/violetta-distiratsua\\\/\"},\"wordCount\":259,\"commentCount\":0,\"keywords\":[\"La Traviata\",\"Verdi\"],\"articleSection\":[\"musika kritika\"],\"inLanguage\":\"eu\",\"potentialAction\":[{\"@type\":\"CommentAction\",\"name\":\"Comment\",\"target\":[\"https:\\\/\\\/blogak.argia.eus\\\/montserrat-auzmendi\\\/2013\\\/08\\\/12\\\/violetta-distiratsua\\\/#respond\"]}]},{\"@type\":\"WebPage\",\"@id\":\"https:\\\/\\\/blogak.argia.eus\\\/montserrat-auzmendi\\\/2013\\\/08\\\/12\\\/violetta-distiratsua\\\/\",\"url\":\"https:\\\/\\\/blogak.argia.eus\\\/montserrat-auzmendi\\\/2013\\\/08\\\/12\\\/violetta-distiratsua\\\/\",\"name\":\"Violetta distiratsua - Nessun dorma\",\"isPartOf\":{\"@id\":\"https:\\\/\\\/blogak.argia.eus\\\/montserrat-auzmendi\\\/#website\"},\"datePublished\":\"2013-08-12T18:36:53+00:00\",\"author\":{\"@id\":\"https:\\\/\\\/blogak.argia.eus\\\/montserrat-auzmendi\\\/#\\\/schema\\\/person\\\/cf1b934bd411258b08320938e22c81c6\"},\"breadcrumb\":{\"@id\":\"https:\\\/\\\/blogak.argia.eus\\\/montserrat-auzmendi\\\/2013\\\/08\\\/12\\\/violetta-distiratsua\\\/#breadcrumb\"},\"inLanguage\":\"eu\",\"potentialAction\":[{\"@type\":\"ReadAction\",\"target\":[\"https:\\\/\\\/blogak.argia.eus\\\/montserrat-auzmendi\\\/2013\\\/08\\\/12\\\/violetta-distiratsua\\\/\"]}]},{\"@type\":\"BreadcrumbList\",\"@id\":\"https:\\\/\\\/blogak.argia.eus\\\/montserrat-auzmendi\\\/2013\\\/08\\\/12\\\/violetta-distiratsua\\\/#breadcrumb\",\"itemListElement\":[{\"@type\":\"ListItem\",\"position\":1,\"name\":\"Home\",\"item\":\"https:\\\/\\\/blogak.argia.eus\\\/montserrat-auzmendi\\\/\"},{\"@type\":\"ListItem\",\"position\":2,\"name\":\"Violetta distiratsua\"}]},{\"@type\":\"WebSite\",\"@id\":\"https:\\\/\\\/blogak.argia.eus\\\/montserrat-auzmendi\\\/#website\",\"url\":\"https:\\\/\\\/blogak.argia.eus\\\/montserrat-auzmendi\\\/\",\"name\":\"Nessun dorma\",\"description\":\"Inork ez dezala lo egin\",\"potentialAction\":[{\"@type\":\"SearchAction\",\"target\":{\"@type\":\"EntryPoint\",\"urlTemplate\":\"https:\\\/\\\/blogak.argia.eus\\\/montserrat-auzmendi\\\/?s={search_term_string}\"},\"query-input\":{\"@type\":\"PropertyValueSpecification\",\"valueRequired\":true,\"valueName\":\"search_term_string\"}}],\"inLanguage\":\"eu\"},{\"@type\":\"Person\",\"@id\":\"https:\\\/\\\/blogak.argia.eus\\\/montserrat-auzmendi\\\/#\\\/schema\\\/person\\\/cf1b934bd411258b08320938e22c81c6\",\"name\":\"Montserrat Auzmendi\",\"image\":{\"@type\":\"ImageObject\",\"inLanguage\":\"eu\",\"@id\":\"https:\\\/\\\/secure.gravatar.com\\\/avatar\\\/ee16250a4bcb81c95b9735eee2375334c3c12cb53da2ec43e0c1a8164567839b?s=96&d=mm&r=g\",\"url\":\"https:\\\/\\\/secure.gravatar.com\\\/avatar\\\/ee16250a4bcb81c95b9735eee2375334c3c12cb53da2ec43e0c1a8164567839b?s=96&d=mm&r=g\",\"contentUrl\":\"https:\\\/\\\/secure.gravatar.com\\\/avatar\\\/ee16250a4bcb81c95b9735eee2375334c3c12cb53da2ec43e0c1a8164567839b?s=96&d=mm&r=g\",\"caption\":\"Montserrat Auzmendi\"},\"url\":\"https:\\\/\\\/blogak.argia.eus\\\/montserrat-auzmendi\\\/author\\\/mauzmendi\\\/\"}]}<\/script>\n<!-- \/ Yoast SEO plugin. -->","yoast_head_json":{"title":"Violetta distiratsua - Nessun dorma","robots":{"index":"index","follow":"follow","max-snippet":"max-snippet:-1","max-image-preview":"max-image-preview:large","max-video-preview":"max-video-preview:-1"},"canonical":"https:\/\/blogak.argia.eus\/montserrat-auzmendi\/2013\/08\/12\/violetta-distiratsua\/","og_locale":"en_US","og_type":"article","og_title":"Violetta distiratsua - Nessun dorma","og_description":"Fitxa: Verdi-ren \u201cLa Traviata\u201d. Euskadiko Orkestra Sinfonikoa. Zuzendaria: Pietro Rizzo. Easo Abesbatza. Zuzendaria: Xalba Rallo. Eszena-zuzendaria: Susana G\u00f3mez. Bakarlariak: Desir\u00e9e Rancatore, Jos\u00e9 Bros eta \u00c1ngel \u00d3dena. Lekua: Kursaal Auditorioa. Data: Abuztuaren 11a.","og_url":"https:\/\/blogak.argia.eus\/montserrat-auzmendi\/2013\/08\/12\/violetta-distiratsua\/","og_site_name":"Nessun dorma","article_published_time":"2013-08-12T18:36:53+00:00","author":"Montserrat Auzmendi","twitter_card":"summary_large_image","twitter_misc":{"Written by":"Montserrat Auzmendi","Est. reading time":"1 minutua"},"schema":{"@context":"https:\/\/schema.org","@graph":[{"@type":"Article","@id":"https:\/\/blogak.argia.eus\/montserrat-auzmendi\/2013\/08\/12\/violetta-distiratsua\/#article","isPartOf":{"@id":"https:\/\/blogak.argia.eus\/montserrat-auzmendi\/2013\/08\/12\/violetta-distiratsua\/"},"author":{"name":"Montserrat Auzmendi","@id":"https:\/\/blogak.argia.eus\/montserrat-auzmendi\/#\/schema\/person\/cf1b934bd411258b08320938e22c81c6"},"headline":"Violetta distiratsua","datePublished":"2013-08-12T18:36:53+00:00","mainEntityOfPage":{"@id":"https:\/\/blogak.argia.eus\/montserrat-auzmendi\/2013\/08\/12\/violetta-distiratsua\/"},"wordCount":259,"commentCount":0,"keywords":["La Traviata","Verdi"],"articleSection":["musika kritika"],"inLanguage":"eu","potentialAction":[{"@type":"CommentAction","name":"Comment","target":["https:\/\/blogak.argia.eus\/montserrat-auzmendi\/2013\/08\/12\/violetta-distiratsua\/#respond"]}]},{"@type":"WebPage","@id":"https:\/\/blogak.argia.eus\/montserrat-auzmendi\/2013\/08\/12\/violetta-distiratsua\/","url":"https:\/\/blogak.argia.eus\/montserrat-auzmendi\/2013\/08\/12\/violetta-distiratsua\/","name":"Violetta distiratsua - Nessun dorma","isPartOf":{"@id":"https:\/\/blogak.argia.eus\/montserrat-auzmendi\/#website"},"datePublished":"2013-08-12T18:36:53+00:00","author":{"@id":"https:\/\/blogak.argia.eus\/montserrat-auzmendi\/#\/schema\/person\/cf1b934bd411258b08320938e22c81c6"},"breadcrumb":{"@id":"https:\/\/blogak.argia.eus\/montserrat-auzmendi\/2013\/08\/12\/violetta-distiratsua\/#breadcrumb"},"inLanguage":"eu","potentialAction":[{"@type":"ReadAction","target":["https:\/\/blogak.argia.eus\/montserrat-auzmendi\/2013\/08\/12\/violetta-distiratsua\/"]}]},{"@type":"BreadcrumbList","@id":"https:\/\/blogak.argia.eus\/montserrat-auzmendi\/2013\/08\/12\/violetta-distiratsua\/#breadcrumb","itemListElement":[{"@type":"ListItem","position":1,"name":"Home","item":"https:\/\/blogak.argia.eus\/montserrat-auzmendi\/"},{"@type":"ListItem","position":2,"name":"Violetta distiratsua"}]},{"@type":"WebSite","@id":"https:\/\/blogak.argia.eus\/montserrat-auzmendi\/#website","url":"https:\/\/blogak.argia.eus\/montserrat-auzmendi\/","name":"Nessun dorma","description":"Inork ez dezala lo egin","potentialAction":[{"@type":"SearchAction","target":{"@type":"EntryPoint","urlTemplate":"https:\/\/blogak.argia.eus\/montserrat-auzmendi\/?s={search_term_string}"},"query-input":{"@type":"PropertyValueSpecification","valueRequired":true,"valueName":"search_term_string"}}],"inLanguage":"eu"},{"@type":"Person","@id":"https:\/\/blogak.argia.eus\/montserrat-auzmendi\/#\/schema\/person\/cf1b934bd411258b08320938e22c81c6","name":"Montserrat Auzmendi","image":{"@type":"ImageObject","inLanguage":"eu","@id":"https:\/\/secure.gravatar.com\/avatar\/ee16250a4bcb81c95b9735eee2375334c3c12cb53da2ec43e0c1a8164567839b?s=96&d=mm&r=g","url":"https:\/\/secure.gravatar.com\/avatar\/ee16250a4bcb81c95b9735eee2375334c3c12cb53da2ec43e0c1a8164567839b?s=96&d=mm&r=g","contentUrl":"https:\/\/secure.gravatar.com\/avatar\/ee16250a4bcb81c95b9735eee2375334c3c12cb53da2ec43e0c1a8164567839b?s=96&d=mm&r=g","caption":"Montserrat Auzmendi"},"url":"https:\/\/blogak.argia.eus\/montserrat-auzmendi\/author\/mauzmendi\/"}]}},"_links":{"self":[{"href":"https:\/\/blogak.argia.eus\/montserrat-auzmendi\/wp-json\/wp\/v2\/posts\/110","targetHints":{"allow":["GET"]}}],"collection":[{"href":"https:\/\/blogak.argia.eus\/montserrat-auzmendi\/wp-json\/wp\/v2\/posts"}],"about":[{"href":"https:\/\/blogak.argia.eus\/montserrat-auzmendi\/wp-json\/wp\/v2\/types\/post"}],"author":[{"embeddable":true,"href":"https:\/\/blogak.argia.eus\/montserrat-auzmendi\/wp-json\/wp\/v2\/users\/13"}],"replies":[{"embeddable":true,"href":"https:\/\/blogak.argia.eus\/montserrat-auzmendi\/wp-json\/wp\/v2\/comments?post=110"}],"version-history":[{"count":0,"href":"https:\/\/blogak.argia.eus\/montserrat-auzmendi\/wp-json\/wp\/v2\/posts\/110\/revisions"}],"wp:attachment":[{"href":"https:\/\/blogak.argia.eus\/montserrat-auzmendi\/wp-json\/wp\/v2\/media?parent=110"}],"wp:term":[{"taxonomy":"category","embeddable":true,"href":"https:\/\/blogak.argia.eus\/montserrat-auzmendi\/wp-json\/wp\/v2\/categories?post=110"},{"taxonomy":"post_tag","embeddable":true,"href":"https:\/\/blogak.argia.eus\/montserrat-auzmendi\/wp-json\/wp\/v2\/tags?post=110"}],"curies":[{"name":"wp","href":"https:\/\/api.w.org\/{rel}","templated":true}]}}