{"id":126,"date":"2013-09-03T11:44:17","date_gmt":"2013-09-03T10:44:17","guid":{"rendered":"http:\/\/www.argia.eus\/blogak\/montserrat-auzmendi\/?p=126"},"modified":"2013-09-03T11:44:17","modified_gmt":"2013-09-03T10:44:17","slug":"galizia-calidade","status":"publish","type":"post","link":"https:\/\/blogak.argia.eus\/montserrat-auzmendi\/2013\/09\/03\/galizia-calidade\/","title":{"rendered":"Galizia calidade"},"content":{"rendered":"<p>Fitxa: Galiziako Orkestra Sinfonikoa. Zuzendaria: Victor Pablo Perez. Bakarlaria: Ainhoa Arteta. Donostiako Orfeoia. Zuzendaria: J.A. Sainz Alfaro. Bakarlariak: Arantza Ezenarro (sopranoa), Michelle De Young (mezzoa). Egitaraua: Strauss, Bruckner, Madina eta Mahler-en obrak. Lekua: Kursaal Auditorioa. Datak: abuztuaren 30a eta 31a.<!--more--><\/p>\n<p>&nbsp;<\/p>\n<p>Turismoa sustatzeko Galiziako aspaldiko slogan-a primeran datorkigu\u00a0 adierazteko Galiziako Orkestra Sinfonikoak egindako inpresioa Musika Hamabostaldiko azkeneko bi saioetan. Orkestra osasuntsua dugu Galiziakoa, landua, soinu sendokoa, ona. Beharbada Estatu mailan onenetako bat izango da. Esan bezala, primerako aktuazioak egin zituzten Kursaal Auditorioan, kontuan hartuta egitarauak ere inpaktuzkoak zirela.<\/p>\n<p>&nbsp;<\/p>\n<p>Lehenengo saioan Ainhoa Arteta soprano tolosarra izan genuen erregina. Beti bezala panpoxa-panpoxa jantzita, demostratu zuen taula gainean zein ondo egokitzen zaion bere ahotsari Richard Strauss-en errepertorioa. Gozo-gozoak atera ziren egile honen \u201cLau azkeneko Lieder\u201d izeneko kantak. Konpositorearen musikaltasun fluktuatzaile eta sentsuala primeran irudikatuta geratu zen Artetaren ahoskatze eta emisio biribilei esker. Propina bezala, Strauss-en beste pieza bat oparitu zuen, \u201cMorgen\u201d izenekoa, eta gero, nola ez, \u201cAurtxo polita\u201d. Hau bai gustatu zitzaion publilkoari. Eromena.<\/p>\n<p>&nbsp;<\/p>\n<p>Bigarren zatian, sinfonia erraldoi bat. Bruckner-en 9.a, handia, dentsoa, konplikatua, baina Galiziakoek, Victor Pablo Perez-en batutapean, ondo egin zutena, ulerterraza.<\/p>\n<p>&nbsp;<\/p>\n<p>Bigarren egunean, karamelo pare bat. Bata, txiki-txikia, Madinaren \u201cAita gurea\u201d, Tom\u00e1s Arag\u00fc\u00e9s-ek orkestratua, zeruetarako bidetik eraman gintuena. Elena Barb\u00e9 sopranoak, bere ahots polit eta argitsuarekin, aktuazio delikatua egin zuen. Pena Donostiako Orfeoiak estali egin zuela haren soloa gehiegitan. Halere, atsegina, benetan. Eta bigarren karameloa, Mahler-en \u201c2. Sinfonia, do minorrean, \u2018Berpizkundea\u2019\u201d lan zoragarria. Denetatik dauka obra honek publikoaren txaloa lortzeko: intensidadea, delikadezia, ahots zati distiratsuak, une inpaktanteak, bukaera txundigarria\u2026 Eta, horrez gain, Victor Pablo Perez-en bertsioa oso garbia eta argia izan zen. Bakarlarien lana, oso ona, batez ere Michelle De Young mezzosopranoarena, ondo abestuta eta ondo interpretatuta. Arantza Ezenarro fin aritu zen, nahiz eta adierazkortasun gutxi eskaini. Donostiako Orfeoia, boteretsua. Publikoak behar zuen bukaera, beraz.\u00a0<\/p>\n<p align=\"center\"><b>\u00a0<\/b><\/p>\n<p align=\"center\"><b>\u00a0<\/b><\/p>\n<p align=\"center\"><b>\u00a0<\/b><\/p>\n","protected":false},"excerpt":{"rendered":"<p>Fitxa: Galiziako Orkestra Sinfonikoa. Zuzendaria: Victor Pablo Perez. Bakarlaria: Ainhoa Arteta. Donostiako Orfeoia. Zuzendaria: J.A. Sainz Alfaro. Bakarlariak: Arantza Ezenarro (sopranoa), Michelle De Young (mezzoa). Egitaraua: Strauss, Bruckner, Madina eta Mahler-en obrak. Lekua: Kursaal Auditorioa. Datak: abuztuaren 30a eta 31a.<\/p>\n","protected":false},"author":13,"featured_media":0,"comment_status":"open","ping_status":"open","sticky":false,"template":"","format":"standard","meta":{"footnotes":""},"categories":[2],"tags":[8,50,87,328,329,365,501],"class_list":["post-126","post","type-post","status-publish","format-standard","hentry","category-musika-kritika","tag-ainhoa-arteta","tag-arantza-ezenarro","tag-bruckner","tag-madina","tag-mahler","tag-michelle-de-young","tag-victor-pablo-perez"],"yoast_head":"<!-- This site is optimized with the Yoast SEO plugin v27.3 - https:\/\/yoast.com\/product\/yoast-seo-wordpress\/ -->\n<title>Galizia calidade - Nessun dorma<\/title>\n<meta name=\"robots\" content=\"index, follow, max-snippet:-1, max-image-preview:large, max-video-preview:-1\" \/>\n<link rel=\"canonical\" href=\"https:\/\/blogak.argia.eus\/montserrat-auzmendi\/2013\/09\/03\/galizia-calidade\/\" \/>\n<meta property=\"og:locale\" content=\"en_US\" \/>\n<meta property=\"og:type\" content=\"article\" \/>\n<meta property=\"og:title\" content=\"Galizia calidade - Nessun dorma\" \/>\n<meta property=\"og:description\" content=\"Fitxa: Galiziako Orkestra Sinfonikoa. Zuzendaria: Victor Pablo Perez. Bakarlaria: Ainhoa Arteta. Donostiako Orfeoia. Zuzendaria: J.A. Sainz Alfaro. Bakarlariak: Arantza Ezenarro (sopranoa), Michelle De Young (mezzoa). Egitaraua: Strauss, Bruckner, Madina eta Mahler-en obrak. Lekua: Kursaal Auditorioa. Datak: abuztuaren 30a eta 31a.\" \/>\n<meta property=\"og:url\" content=\"https:\/\/blogak.argia.eus\/montserrat-auzmendi\/2013\/09\/03\/galizia-calidade\/\" \/>\n<meta property=\"og:site_name\" content=\"Nessun dorma\" \/>\n<meta property=\"article:published_time\" content=\"2013-09-03T10:44:17+00:00\" \/>\n<meta name=\"author\" content=\"Montserrat Auzmendi\" \/>\n<meta name=\"twitter:card\" content=\"summary_large_image\" \/>\n<meta name=\"twitter:label1\" content=\"Written by\" \/>\n\t<meta name=\"twitter:data1\" content=\"Montserrat Auzmendi\" \/>\n\t<meta name=\"twitter:label2\" content=\"Est. reading time\" \/>\n\t<meta name=\"twitter:data2\" content=\"2 minutua\" \/>\n<script type=\"application\/ld+json\" class=\"yoast-schema-graph\">{\"@context\":\"https:\\\/\\\/schema.org\",\"@graph\":[{\"@type\":\"Article\",\"@id\":\"https:\\\/\\\/blogak.argia.eus\\\/montserrat-auzmendi\\\/2013\\\/09\\\/03\\\/galizia-calidade\\\/#article\",\"isPartOf\":{\"@id\":\"https:\\\/\\\/blogak.argia.eus\\\/montserrat-auzmendi\\\/2013\\\/09\\\/03\\\/galizia-calidade\\\/\"},\"author\":{\"name\":\"Montserrat Auzmendi\",\"@id\":\"https:\\\/\\\/blogak.argia.eus\\\/montserrat-auzmendi\\\/#\\\/schema\\\/person\\\/cf1b934bd411258b08320938e22c81c6\"},\"headline\":\"Galizia calidade\",\"datePublished\":\"2013-09-03T10:44:17+00:00\",\"mainEntityOfPage\":{\"@id\":\"https:\\\/\\\/blogak.argia.eus\\\/montserrat-auzmendi\\\/2013\\\/09\\\/03\\\/galizia-calidade\\\/\"},\"wordCount\":302,\"commentCount\":0,\"keywords\":[\"Ainhoa Arteta\",\"Arantza Ezenarro\",\"Bruckner\",\"Madina\",\"Mahler\",\"Michelle De Young\",\"Victor Pablo Perez\"],\"articleSection\":[\"musika kritika\"],\"inLanguage\":\"eu\",\"potentialAction\":[{\"@type\":\"CommentAction\",\"name\":\"Comment\",\"target\":[\"https:\\\/\\\/blogak.argia.eus\\\/montserrat-auzmendi\\\/2013\\\/09\\\/03\\\/galizia-calidade\\\/#respond\"]}]},{\"@type\":\"WebPage\",\"@id\":\"https:\\\/\\\/blogak.argia.eus\\\/montserrat-auzmendi\\\/2013\\\/09\\\/03\\\/galizia-calidade\\\/\",\"url\":\"https:\\\/\\\/blogak.argia.eus\\\/montserrat-auzmendi\\\/2013\\\/09\\\/03\\\/galizia-calidade\\\/\",\"name\":\"Galizia calidade - Nessun dorma\",\"isPartOf\":{\"@id\":\"https:\\\/\\\/blogak.argia.eus\\\/montserrat-auzmendi\\\/#website\"},\"datePublished\":\"2013-09-03T10:44:17+00:00\",\"author\":{\"@id\":\"https:\\\/\\\/blogak.argia.eus\\\/montserrat-auzmendi\\\/#\\\/schema\\\/person\\\/cf1b934bd411258b08320938e22c81c6\"},\"breadcrumb\":{\"@id\":\"https:\\\/\\\/blogak.argia.eus\\\/montserrat-auzmendi\\\/2013\\\/09\\\/03\\\/galizia-calidade\\\/#breadcrumb\"},\"inLanguage\":\"eu\",\"potentialAction\":[{\"@type\":\"ReadAction\",\"target\":[\"https:\\\/\\\/blogak.argia.eus\\\/montserrat-auzmendi\\\/2013\\\/09\\\/03\\\/galizia-calidade\\\/\"]}]},{\"@type\":\"BreadcrumbList\",\"@id\":\"https:\\\/\\\/blogak.argia.eus\\\/montserrat-auzmendi\\\/2013\\\/09\\\/03\\\/galizia-calidade\\\/#breadcrumb\",\"itemListElement\":[{\"@type\":\"ListItem\",\"position\":1,\"name\":\"Home\",\"item\":\"https:\\\/\\\/blogak.argia.eus\\\/montserrat-auzmendi\\\/\"},{\"@type\":\"ListItem\",\"position\":2,\"name\":\"Galizia calidade\"}]},{\"@type\":\"WebSite\",\"@id\":\"https:\\\/\\\/blogak.argia.eus\\\/montserrat-auzmendi\\\/#website\",\"url\":\"https:\\\/\\\/blogak.argia.eus\\\/montserrat-auzmendi\\\/\",\"name\":\"Nessun dorma\",\"description\":\"Inork ez dezala lo egin\",\"potentialAction\":[{\"@type\":\"SearchAction\",\"target\":{\"@type\":\"EntryPoint\",\"urlTemplate\":\"https:\\\/\\\/blogak.argia.eus\\\/montserrat-auzmendi\\\/?s={search_term_string}\"},\"query-input\":{\"@type\":\"PropertyValueSpecification\",\"valueRequired\":true,\"valueName\":\"search_term_string\"}}],\"inLanguage\":\"eu\"},{\"@type\":\"Person\",\"@id\":\"https:\\\/\\\/blogak.argia.eus\\\/montserrat-auzmendi\\\/#\\\/schema\\\/person\\\/cf1b934bd411258b08320938e22c81c6\",\"name\":\"Montserrat Auzmendi\",\"image\":{\"@type\":\"ImageObject\",\"inLanguage\":\"eu\",\"@id\":\"https:\\\/\\\/secure.gravatar.com\\\/avatar\\\/ee16250a4bcb81c95b9735eee2375334c3c12cb53da2ec43e0c1a8164567839b?s=96&d=mm&r=g\",\"url\":\"https:\\\/\\\/secure.gravatar.com\\\/avatar\\\/ee16250a4bcb81c95b9735eee2375334c3c12cb53da2ec43e0c1a8164567839b?s=96&d=mm&r=g\",\"contentUrl\":\"https:\\\/\\\/secure.gravatar.com\\\/avatar\\\/ee16250a4bcb81c95b9735eee2375334c3c12cb53da2ec43e0c1a8164567839b?s=96&d=mm&r=g\",\"caption\":\"Montserrat Auzmendi\"},\"url\":\"https:\\\/\\\/blogak.argia.eus\\\/montserrat-auzmendi\\\/author\\\/mauzmendi\\\/\"}]}<\/script>\n<!-- \/ Yoast SEO plugin. -->","yoast_head_json":{"title":"Galizia calidade - Nessun dorma","robots":{"index":"index","follow":"follow","max-snippet":"max-snippet:-1","max-image-preview":"max-image-preview:large","max-video-preview":"max-video-preview:-1"},"canonical":"https:\/\/blogak.argia.eus\/montserrat-auzmendi\/2013\/09\/03\/galizia-calidade\/","og_locale":"en_US","og_type":"article","og_title":"Galizia calidade - Nessun dorma","og_description":"Fitxa: Galiziako Orkestra Sinfonikoa. Zuzendaria: Victor Pablo Perez. Bakarlaria: Ainhoa Arteta. Donostiako Orfeoia. Zuzendaria: J.A. Sainz Alfaro. Bakarlariak: Arantza Ezenarro (sopranoa), Michelle De Young (mezzoa). Egitaraua: Strauss, Bruckner, Madina eta Mahler-en obrak. Lekua: Kursaal Auditorioa. Datak: abuztuaren 30a eta 31a.","og_url":"https:\/\/blogak.argia.eus\/montserrat-auzmendi\/2013\/09\/03\/galizia-calidade\/","og_site_name":"Nessun dorma","article_published_time":"2013-09-03T10:44:17+00:00","author":"Montserrat Auzmendi","twitter_card":"summary_large_image","twitter_misc":{"Written by":"Montserrat Auzmendi","Est. reading time":"2 minutua"},"schema":{"@context":"https:\/\/schema.org","@graph":[{"@type":"Article","@id":"https:\/\/blogak.argia.eus\/montserrat-auzmendi\/2013\/09\/03\/galizia-calidade\/#article","isPartOf":{"@id":"https:\/\/blogak.argia.eus\/montserrat-auzmendi\/2013\/09\/03\/galizia-calidade\/"},"author":{"name":"Montserrat Auzmendi","@id":"https:\/\/blogak.argia.eus\/montserrat-auzmendi\/#\/schema\/person\/cf1b934bd411258b08320938e22c81c6"},"headline":"Galizia calidade","datePublished":"2013-09-03T10:44:17+00:00","mainEntityOfPage":{"@id":"https:\/\/blogak.argia.eus\/montserrat-auzmendi\/2013\/09\/03\/galizia-calidade\/"},"wordCount":302,"commentCount":0,"keywords":["Ainhoa Arteta","Arantza Ezenarro","Bruckner","Madina","Mahler","Michelle De Young","Victor Pablo Perez"],"articleSection":["musika kritika"],"inLanguage":"eu","potentialAction":[{"@type":"CommentAction","name":"Comment","target":["https:\/\/blogak.argia.eus\/montserrat-auzmendi\/2013\/09\/03\/galizia-calidade\/#respond"]}]},{"@type":"WebPage","@id":"https:\/\/blogak.argia.eus\/montserrat-auzmendi\/2013\/09\/03\/galizia-calidade\/","url":"https:\/\/blogak.argia.eus\/montserrat-auzmendi\/2013\/09\/03\/galizia-calidade\/","name":"Galizia calidade - Nessun dorma","isPartOf":{"@id":"https:\/\/blogak.argia.eus\/montserrat-auzmendi\/#website"},"datePublished":"2013-09-03T10:44:17+00:00","author":{"@id":"https:\/\/blogak.argia.eus\/montserrat-auzmendi\/#\/schema\/person\/cf1b934bd411258b08320938e22c81c6"},"breadcrumb":{"@id":"https:\/\/blogak.argia.eus\/montserrat-auzmendi\/2013\/09\/03\/galizia-calidade\/#breadcrumb"},"inLanguage":"eu","potentialAction":[{"@type":"ReadAction","target":["https:\/\/blogak.argia.eus\/montserrat-auzmendi\/2013\/09\/03\/galizia-calidade\/"]}]},{"@type":"BreadcrumbList","@id":"https:\/\/blogak.argia.eus\/montserrat-auzmendi\/2013\/09\/03\/galizia-calidade\/#breadcrumb","itemListElement":[{"@type":"ListItem","position":1,"name":"Home","item":"https:\/\/blogak.argia.eus\/montserrat-auzmendi\/"},{"@type":"ListItem","position":2,"name":"Galizia calidade"}]},{"@type":"WebSite","@id":"https:\/\/blogak.argia.eus\/montserrat-auzmendi\/#website","url":"https:\/\/blogak.argia.eus\/montserrat-auzmendi\/","name":"Nessun dorma","description":"Inork ez dezala lo egin","potentialAction":[{"@type":"SearchAction","target":{"@type":"EntryPoint","urlTemplate":"https:\/\/blogak.argia.eus\/montserrat-auzmendi\/?s={search_term_string}"},"query-input":{"@type":"PropertyValueSpecification","valueRequired":true,"valueName":"search_term_string"}}],"inLanguage":"eu"},{"@type":"Person","@id":"https:\/\/blogak.argia.eus\/montserrat-auzmendi\/#\/schema\/person\/cf1b934bd411258b08320938e22c81c6","name":"Montserrat Auzmendi","image":{"@type":"ImageObject","inLanguage":"eu","@id":"https:\/\/secure.gravatar.com\/avatar\/ee16250a4bcb81c95b9735eee2375334c3c12cb53da2ec43e0c1a8164567839b?s=96&d=mm&r=g","url":"https:\/\/secure.gravatar.com\/avatar\/ee16250a4bcb81c95b9735eee2375334c3c12cb53da2ec43e0c1a8164567839b?s=96&d=mm&r=g","contentUrl":"https:\/\/secure.gravatar.com\/avatar\/ee16250a4bcb81c95b9735eee2375334c3c12cb53da2ec43e0c1a8164567839b?s=96&d=mm&r=g","caption":"Montserrat Auzmendi"},"url":"https:\/\/blogak.argia.eus\/montserrat-auzmendi\/author\/mauzmendi\/"}]}},"_links":{"self":[{"href":"https:\/\/blogak.argia.eus\/montserrat-auzmendi\/wp-json\/wp\/v2\/posts\/126","targetHints":{"allow":["GET"]}}],"collection":[{"href":"https:\/\/blogak.argia.eus\/montserrat-auzmendi\/wp-json\/wp\/v2\/posts"}],"about":[{"href":"https:\/\/blogak.argia.eus\/montserrat-auzmendi\/wp-json\/wp\/v2\/types\/post"}],"author":[{"embeddable":true,"href":"https:\/\/blogak.argia.eus\/montserrat-auzmendi\/wp-json\/wp\/v2\/users\/13"}],"replies":[{"embeddable":true,"href":"https:\/\/blogak.argia.eus\/montserrat-auzmendi\/wp-json\/wp\/v2\/comments?post=126"}],"version-history":[{"count":0,"href":"https:\/\/blogak.argia.eus\/montserrat-auzmendi\/wp-json\/wp\/v2\/posts\/126\/revisions"}],"wp:attachment":[{"href":"https:\/\/blogak.argia.eus\/montserrat-auzmendi\/wp-json\/wp\/v2\/media?parent=126"}],"wp:term":[{"taxonomy":"category","embeddable":true,"href":"https:\/\/blogak.argia.eus\/montserrat-auzmendi\/wp-json\/wp\/v2\/categories?post=126"},{"taxonomy":"post_tag","embeddable":true,"href":"https:\/\/blogak.argia.eus\/montserrat-auzmendi\/wp-json\/wp\/v2\/tags?post=126"}],"curies":[{"name":"wp","href":"https:\/\/api.w.org\/{rel}","templated":true}]}}