{"id":133,"date":"2013-11-08T13:14:53","date_gmt":"2013-11-08T12:14:53","guid":{"rendered":"http:\/\/www.argia.eus\/blogak\/montserrat-auzmendi\/?p=133"},"modified":"2013-11-08T13:14:53","modified_gmt":"2013-11-08T12:14:53","slug":"agnostiko-baten-lan-erlijiosoa","status":"publish","type":"post","link":"https:\/\/blogak.argia.eus\/montserrat-auzmendi\/2013\/11\/08\/agnostiko-baten-lan-erlijiosoa\/","title":{"rendered":"Agnostiko baten lan erlijiosoa"},"content":{"rendered":"<p>Fitxa: Euskadiko Orkestra Sinfonikoa. Zuzendaria: Josep Caball\u00e9 Domenech. Andra Mari Abesbatza. Zuzendaria: Jos\u00e9 Manuel Tife. Bakarlariak: Vanessa Goikoetxea (sopranoa), eta Jos\u00e9 Antonio L\u00f3pez (baritonoa). Egitaraua: Brahms-en \u201cRequiem germaniarra\u201d. Lekua: Gasteizko Principal Antzokia. Data: azaroaren 5a.<\/p>\n<p>\u00a0<!--more--><\/p>\n<p>Beti bitxia kontsideratu izan da, Brahms-en biografoen ustez, hain pertsona agnostiko edo ia ateoak <i>Requiem<\/i> bat egiteko ideia izatea. Eta kuriosoa da, bai, baina, alde batetik requiem berezia da, bereziki kristauak diren sinboloak bazterturik baitaude testuetan, eta, bestetik, lan ezin ederragoa da, Brahms-en obra guztiekin gertatzen den bezala, akatsgabeko arkitektura duena, sakona eta sendoa. Aldi honetan, Euskadiko Orkestra Sinfonikoak eta Andra Mari Abesbatzak eskainitako bertsioa, balekoa izan zen, berriz ere nolabait izorratua Principal Antzokiaren deabruzko akustika dela medio. Batzuetan jasanezina egiten da. Gasteizen auditorio bat behar da, urgentea da, mesedez.<\/p>\n<p>&nbsp;<\/p>\n<p>Akustika alde batera utzita, Andra Mari Abesbatza ez zen oso fin ibili, batez ere lanaren \u201cSeling sind die da Leid tragen\u201d lehenengo zatian. Sendotasunik gabe sumatu genuen taldea, ez oso enpastaturik.\u00a0 Bestelako indarra hartu zuten baritonoarekin batera egin zuten hirugarren atalean. \u201cHerr, lehre doch mich\u201d zentzu gehiagorekin interpretatu zuten. Jos\u00e9 Antonio L\u00f3pez baritonoak, bestalde, dikzio ederra erakutsi zuen, segurtasuna eta dotorezia fraseatzerakoan. Bakarlari gisa Vanessa Goikoetxea soprano bizkaitarra aritu zen. Tinbre berezia du Goikoetxearen ahotsak, agian sudurreko ukitu batekin\u2026 Ez aproposegia obra honentzat, baina, tira, polita eta ondo enpastatua abesbatzarekin. Orkestra, Caball\u00e9 Domenech-en batutapean, txukun.<\/p>\n","protected":false},"excerpt":{"rendered":"<p>Fitxa: Euskadiko Orkestra Sinfonikoa. Zuzendaria: Josep Caball\u00e9 Domenech. Andra Mari Abesbatza. Zuzendaria: Jos\u00e9 Manuel Tife. Bakarlariak: Vanessa Goikoetxea (sopranoa), eta Jos\u00e9 Antonio L\u00f3pez (baritonoa). Egitaraua: Brahms-en \u201cRequiem germaniarra\u201d. Lekua: Gasteizko Principal Antzokia. Data: azaroaren 5a. \u00a0<\/p>\n","protected":false},"author":13,"featured_media":0,"comment_status":"open","ping_status":"open","sticky":false,"template":"","format":"standard","meta":{"footnotes":""},"categories":[2],"tags":[84,271,280,430,496],"class_list":["post-133","post","type-post","status-publish","format-standard","hentry","category-musika-kritika","tag-brahms","tag-jose-antonio-lopez","tag-josep-caballe-domenech","tag-requiem-germaniarra","tag-vanessa-goikoetxea"],"yoast_head":"<!-- This site is optimized with the Yoast SEO plugin v27.3 - https:\/\/yoast.com\/product\/yoast-seo-wordpress\/ -->\n<title>Agnostiko baten lan erlijiosoa - Nessun dorma<\/title>\n<meta name=\"robots\" content=\"index, follow, max-snippet:-1, max-image-preview:large, max-video-preview:-1\" \/>\n<link rel=\"canonical\" href=\"https:\/\/blogak.argia.eus\/montserrat-auzmendi\/2013\/11\/08\/agnostiko-baten-lan-erlijiosoa\/\" \/>\n<meta property=\"og:locale\" content=\"en_US\" \/>\n<meta property=\"og:type\" content=\"article\" \/>\n<meta property=\"og:title\" content=\"Agnostiko baten lan erlijiosoa - Nessun dorma\" \/>\n<meta property=\"og:description\" content=\"Fitxa: Euskadiko Orkestra Sinfonikoa. Zuzendaria: Josep Caball\u00e9 Domenech. Andra Mari Abesbatza. Zuzendaria: Jos\u00e9 Manuel Tife. Bakarlariak: Vanessa Goikoetxea (sopranoa), eta Jos\u00e9 Antonio L\u00f3pez (baritonoa). Egitaraua: Brahms-en \u201cRequiem germaniarra\u201d. Lekua: Gasteizko Principal Antzokia. Data: azaroaren 5a. \u00a0\" \/>\n<meta property=\"og:url\" content=\"https:\/\/blogak.argia.eus\/montserrat-auzmendi\/2013\/11\/08\/agnostiko-baten-lan-erlijiosoa\/\" \/>\n<meta property=\"og:site_name\" content=\"Nessun dorma\" \/>\n<meta property=\"article:published_time\" content=\"2013-11-08T12:14:53+00:00\" \/>\n<meta name=\"author\" content=\"Montserrat Auzmendi\" \/>\n<meta name=\"twitter:card\" content=\"summary_large_image\" \/>\n<meta name=\"twitter:label1\" content=\"Written by\" \/>\n\t<meta name=\"twitter:data1\" content=\"Montserrat Auzmendi\" \/>\n\t<meta name=\"twitter:label2\" content=\"Est. reading time\" \/>\n\t<meta name=\"twitter:data2\" content=\"1 minutua\" \/>\n<script type=\"application\/ld+json\" class=\"yoast-schema-graph\">{\"@context\":\"https:\\\/\\\/schema.org\",\"@graph\":[{\"@type\":\"Article\",\"@id\":\"https:\\\/\\\/blogak.argia.eus\\\/montserrat-auzmendi\\\/2013\\\/11\\\/08\\\/agnostiko-baten-lan-erlijiosoa\\\/#article\",\"isPartOf\":{\"@id\":\"https:\\\/\\\/blogak.argia.eus\\\/montserrat-auzmendi\\\/2013\\\/11\\\/08\\\/agnostiko-baten-lan-erlijiosoa\\\/\"},\"author\":{\"name\":\"Montserrat Auzmendi\",\"@id\":\"https:\\\/\\\/blogak.argia.eus\\\/montserrat-auzmendi\\\/#\\\/schema\\\/person\\\/cf1b934bd411258b08320938e22c81c6\"},\"headline\":\"Agnostiko baten lan erlijiosoa\",\"datePublished\":\"2013-11-08T12:14:53+00:00\",\"mainEntityOfPage\":{\"@id\":\"https:\\\/\\\/blogak.argia.eus\\\/montserrat-auzmendi\\\/2013\\\/11\\\/08\\\/agnostiko-baten-lan-erlijiosoa\\\/\"},\"wordCount\":227,\"commentCount\":0,\"keywords\":[\"Brahms\",\"Jos\u00e9 Antonio L\u00f3pez\",\"Josep Caball\u00e9 Domenech\",\"Requiem germaniarra\",\"Vanessa Goikoetxea\"],\"articleSection\":[\"musika kritika\"],\"inLanguage\":\"eu\",\"potentialAction\":[{\"@type\":\"CommentAction\",\"name\":\"Comment\",\"target\":[\"https:\\\/\\\/blogak.argia.eus\\\/montserrat-auzmendi\\\/2013\\\/11\\\/08\\\/agnostiko-baten-lan-erlijiosoa\\\/#respond\"]}]},{\"@type\":\"WebPage\",\"@id\":\"https:\\\/\\\/blogak.argia.eus\\\/montserrat-auzmendi\\\/2013\\\/11\\\/08\\\/agnostiko-baten-lan-erlijiosoa\\\/\",\"url\":\"https:\\\/\\\/blogak.argia.eus\\\/montserrat-auzmendi\\\/2013\\\/11\\\/08\\\/agnostiko-baten-lan-erlijiosoa\\\/\",\"name\":\"Agnostiko baten lan erlijiosoa - Nessun dorma\",\"isPartOf\":{\"@id\":\"https:\\\/\\\/blogak.argia.eus\\\/montserrat-auzmendi\\\/#website\"},\"datePublished\":\"2013-11-08T12:14:53+00:00\",\"author\":{\"@id\":\"https:\\\/\\\/blogak.argia.eus\\\/montserrat-auzmendi\\\/#\\\/schema\\\/person\\\/cf1b934bd411258b08320938e22c81c6\"},\"breadcrumb\":{\"@id\":\"https:\\\/\\\/blogak.argia.eus\\\/montserrat-auzmendi\\\/2013\\\/11\\\/08\\\/agnostiko-baten-lan-erlijiosoa\\\/#breadcrumb\"},\"inLanguage\":\"eu\",\"potentialAction\":[{\"@type\":\"ReadAction\",\"target\":[\"https:\\\/\\\/blogak.argia.eus\\\/montserrat-auzmendi\\\/2013\\\/11\\\/08\\\/agnostiko-baten-lan-erlijiosoa\\\/\"]}]},{\"@type\":\"BreadcrumbList\",\"@id\":\"https:\\\/\\\/blogak.argia.eus\\\/montserrat-auzmendi\\\/2013\\\/11\\\/08\\\/agnostiko-baten-lan-erlijiosoa\\\/#breadcrumb\",\"itemListElement\":[{\"@type\":\"ListItem\",\"position\":1,\"name\":\"Home\",\"item\":\"https:\\\/\\\/blogak.argia.eus\\\/montserrat-auzmendi\\\/\"},{\"@type\":\"ListItem\",\"position\":2,\"name\":\"Agnostiko baten lan erlijiosoa\"}]},{\"@type\":\"WebSite\",\"@id\":\"https:\\\/\\\/blogak.argia.eus\\\/montserrat-auzmendi\\\/#website\",\"url\":\"https:\\\/\\\/blogak.argia.eus\\\/montserrat-auzmendi\\\/\",\"name\":\"Nessun dorma\",\"description\":\"Inork ez dezala lo egin\",\"potentialAction\":[{\"@type\":\"SearchAction\",\"target\":{\"@type\":\"EntryPoint\",\"urlTemplate\":\"https:\\\/\\\/blogak.argia.eus\\\/montserrat-auzmendi\\\/?s={search_term_string}\"},\"query-input\":{\"@type\":\"PropertyValueSpecification\",\"valueRequired\":true,\"valueName\":\"search_term_string\"}}],\"inLanguage\":\"eu\"},{\"@type\":\"Person\",\"@id\":\"https:\\\/\\\/blogak.argia.eus\\\/montserrat-auzmendi\\\/#\\\/schema\\\/person\\\/cf1b934bd411258b08320938e22c81c6\",\"name\":\"Montserrat Auzmendi\",\"image\":{\"@type\":\"ImageObject\",\"inLanguage\":\"eu\",\"@id\":\"https:\\\/\\\/secure.gravatar.com\\\/avatar\\\/ee16250a4bcb81c95b9735eee2375334c3c12cb53da2ec43e0c1a8164567839b?s=96&d=mm&r=g\",\"url\":\"https:\\\/\\\/secure.gravatar.com\\\/avatar\\\/ee16250a4bcb81c95b9735eee2375334c3c12cb53da2ec43e0c1a8164567839b?s=96&d=mm&r=g\",\"contentUrl\":\"https:\\\/\\\/secure.gravatar.com\\\/avatar\\\/ee16250a4bcb81c95b9735eee2375334c3c12cb53da2ec43e0c1a8164567839b?s=96&d=mm&r=g\",\"caption\":\"Montserrat Auzmendi\"},\"url\":\"https:\\\/\\\/blogak.argia.eus\\\/montserrat-auzmendi\\\/author\\\/mauzmendi\\\/\"}]}<\/script>\n<!-- \/ Yoast SEO plugin. -->","yoast_head_json":{"title":"Agnostiko baten lan erlijiosoa - Nessun dorma","robots":{"index":"index","follow":"follow","max-snippet":"max-snippet:-1","max-image-preview":"max-image-preview:large","max-video-preview":"max-video-preview:-1"},"canonical":"https:\/\/blogak.argia.eus\/montserrat-auzmendi\/2013\/11\/08\/agnostiko-baten-lan-erlijiosoa\/","og_locale":"en_US","og_type":"article","og_title":"Agnostiko baten lan erlijiosoa - Nessun dorma","og_description":"Fitxa: Euskadiko Orkestra Sinfonikoa. Zuzendaria: Josep Caball\u00e9 Domenech. Andra Mari Abesbatza. Zuzendaria: Jos\u00e9 Manuel Tife. Bakarlariak: Vanessa Goikoetxea (sopranoa), eta Jos\u00e9 Antonio L\u00f3pez (baritonoa). Egitaraua: Brahms-en \u201cRequiem germaniarra\u201d. Lekua: Gasteizko Principal Antzokia. Data: azaroaren 5a. \u00a0","og_url":"https:\/\/blogak.argia.eus\/montserrat-auzmendi\/2013\/11\/08\/agnostiko-baten-lan-erlijiosoa\/","og_site_name":"Nessun dorma","article_published_time":"2013-11-08T12:14:53+00:00","author":"Montserrat Auzmendi","twitter_card":"summary_large_image","twitter_misc":{"Written by":"Montserrat Auzmendi","Est. reading time":"1 minutua"},"schema":{"@context":"https:\/\/schema.org","@graph":[{"@type":"Article","@id":"https:\/\/blogak.argia.eus\/montserrat-auzmendi\/2013\/11\/08\/agnostiko-baten-lan-erlijiosoa\/#article","isPartOf":{"@id":"https:\/\/blogak.argia.eus\/montserrat-auzmendi\/2013\/11\/08\/agnostiko-baten-lan-erlijiosoa\/"},"author":{"name":"Montserrat Auzmendi","@id":"https:\/\/blogak.argia.eus\/montserrat-auzmendi\/#\/schema\/person\/cf1b934bd411258b08320938e22c81c6"},"headline":"Agnostiko baten lan erlijiosoa","datePublished":"2013-11-08T12:14:53+00:00","mainEntityOfPage":{"@id":"https:\/\/blogak.argia.eus\/montserrat-auzmendi\/2013\/11\/08\/agnostiko-baten-lan-erlijiosoa\/"},"wordCount":227,"commentCount":0,"keywords":["Brahms","Jos\u00e9 Antonio L\u00f3pez","Josep Caball\u00e9 Domenech","Requiem germaniarra","Vanessa Goikoetxea"],"articleSection":["musika kritika"],"inLanguage":"eu","potentialAction":[{"@type":"CommentAction","name":"Comment","target":["https:\/\/blogak.argia.eus\/montserrat-auzmendi\/2013\/11\/08\/agnostiko-baten-lan-erlijiosoa\/#respond"]}]},{"@type":"WebPage","@id":"https:\/\/blogak.argia.eus\/montserrat-auzmendi\/2013\/11\/08\/agnostiko-baten-lan-erlijiosoa\/","url":"https:\/\/blogak.argia.eus\/montserrat-auzmendi\/2013\/11\/08\/agnostiko-baten-lan-erlijiosoa\/","name":"Agnostiko baten lan erlijiosoa - Nessun dorma","isPartOf":{"@id":"https:\/\/blogak.argia.eus\/montserrat-auzmendi\/#website"},"datePublished":"2013-11-08T12:14:53+00:00","author":{"@id":"https:\/\/blogak.argia.eus\/montserrat-auzmendi\/#\/schema\/person\/cf1b934bd411258b08320938e22c81c6"},"breadcrumb":{"@id":"https:\/\/blogak.argia.eus\/montserrat-auzmendi\/2013\/11\/08\/agnostiko-baten-lan-erlijiosoa\/#breadcrumb"},"inLanguage":"eu","potentialAction":[{"@type":"ReadAction","target":["https:\/\/blogak.argia.eus\/montserrat-auzmendi\/2013\/11\/08\/agnostiko-baten-lan-erlijiosoa\/"]}]},{"@type":"BreadcrumbList","@id":"https:\/\/blogak.argia.eus\/montserrat-auzmendi\/2013\/11\/08\/agnostiko-baten-lan-erlijiosoa\/#breadcrumb","itemListElement":[{"@type":"ListItem","position":1,"name":"Home","item":"https:\/\/blogak.argia.eus\/montserrat-auzmendi\/"},{"@type":"ListItem","position":2,"name":"Agnostiko baten lan erlijiosoa"}]},{"@type":"WebSite","@id":"https:\/\/blogak.argia.eus\/montserrat-auzmendi\/#website","url":"https:\/\/blogak.argia.eus\/montserrat-auzmendi\/","name":"Nessun dorma","description":"Inork ez dezala lo egin","potentialAction":[{"@type":"SearchAction","target":{"@type":"EntryPoint","urlTemplate":"https:\/\/blogak.argia.eus\/montserrat-auzmendi\/?s={search_term_string}"},"query-input":{"@type":"PropertyValueSpecification","valueRequired":true,"valueName":"search_term_string"}}],"inLanguage":"eu"},{"@type":"Person","@id":"https:\/\/blogak.argia.eus\/montserrat-auzmendi\/#\/schema\/person\/cf1b934bd411258b08320938e22c81c6","name":"Montserrat Auzmendi","image":{"@type":"ImageObject","inLanguage":"eu","@id":"https:\/\/secure.gravatar.com\/avatar\/ee16250a4bcb81c95b9735eee2375334c3c12cb53da2ec43e0c1a8164567839b?s=96&d=mm&r=g","url":"https:\/\/secure.gravatar.com\/avatar\/ee16250a4bcb81c95b9735eee2375334c3c12cb53da2ec43e0c1a8164567839b?s=96&d=mm&r=g","contentUrl":"https:\/\/secure.gravatar.com\/avatar\/ee16250a4bcb81c95b9735eee2375334c3c12cb53da2ec43e0c1a8164567839b?s=96&d=mm&r=g","caption":"Montserrat Auzmendi"},"url":"https:\/\/blogak.argia.eus\/montserrat-auzmendi\/author\/mauzmendi\/"}]}},"_links":{"self":[{"href":"https:\/\/blogak.argia.eus\/montserrat-auzmendi\/wp-json\/wp\/v2\/posts\/133","targetHints":{"allow":["GET"]}}],"collection":[{"href":"https:\/\/blogak.argia.eus\/montserrat-auzmendi\/wp-json\/wp\/v2\/posts"}],"about":[{"href":"https:\/\/blogak.argia.eus\/montserrat-auzmendi\/wp-json\/wp\/v2\/types\/post"}],"author":[{"embeddable":true,"href":"https:\/\/blogak.argia.eus\/montserrat-auzmendi\/wp-json\/wp\/v2\/users\/13"}],"replies":[{"embeddable":true,"href":"https:\/\/blogak.argia.eus\/montserrat-auzmendi\/wp-json\/wp\/v2\/comments?post=133"}],"version-history":[{"count":0,"href":"https:\/\/blogak.argia.eus\/montserrat-auzmendi\/wp-json\/wp\/v2\/posts\/133\/revisions"}],"wp:attachment":[{"href":"https:\/\/blogak.argia.eus\/montserrat-auzmendi\/wp-json\/wp\/v2\/media?parent=133"}],"wp:term":[{"taxonomy":"category","embeddable":true,"href":"https:\/\/blogak.argia.eus\/montserrat-auzmendi\/wp-json\/wp\/v2\/categories?post=133"},{"taxonomy":"post_tag","embeddable":true,"href":"https:\/\/blogak.argia.eus\/montserrat-auzmendi\/wp-json\/wp\/v2\/tags?post=133"}],"curies":[{"name":"wp","href":"https:\/\/api.w.org\/{rel}","templated":true}]}}