{"id":238,"date":"2015-11-02T16:17:27","date_gmt":"2015-11-02T15:17:27","guid":{"rendered":"http:\/\/www.argia.eus\/blogak\/montserrat-auzmendi\/?p=238"},"modified":"2015-11-02T16:17:27","modified_gmt":"2015-11-02T15:17:27","slug":"protagonistak-itzalean","status":"publish","type":"post","link":"https:\/\/blogak.argia.eus\/montserrat-auzmendi\/2015\/11\/02\/protagonistak-itzalean\/","title":{"rendered":"Protagonistak, itzalean"},"content":{"rendered":"<p>Fitxa: OLBEk antolatutako Verdiren \u2018Don Carlo\u2019 opera. Bakarlariak: Giuseppe Gipali, M\u00aa Jos\u00e9 Siri, Juan Jes\u00fas Rodr\u00edguez, Daniela Barcellona, Orlin Anastassov, Mika Kares. Bilbao Orkestra Sinfonikoa. Zuzendaria: Massimo Zanetti. Bilboko Operaren Abesbatza. Zuzendaria: Boris Dujin. Eszena Zuzendaria: Giancarlo del Monaco. Eszenografia: Carlo Centolavigna. Lekua: Euskalduna Jauregia. Data: urriaren 24a.<!--more--><\/p>\n<p>&nbsp;<\/p>\n<p>Titulu ederra OLBEk antolatutako 64. opera denboraldiari hasiera emateko. Don Carlo, Verdiren opera ederrenetako bat dugu, oso konpletoa, non historia eta fikzioa, amodioa eta Estatuko arazoak, argia eta iluntasuna, askatasuna eta opresioa, nahastu egiten diren, ikuskizun disfrutagarria egiteko. Felipe II.aren eta Carlos bere semearen arteko istiluak Cateau Cambr\u00e9sis bake itunaren ondorioz, aitzakia izan ziren Verdik holako lan distiratsua egiteko, Schiller-en \u2018Dom Karlos, Infant von Spanien\u2019 drama oinarria izanik.<\/p>\n<p>Hasteko, azpimarratuko nuke Carlo Centolavigna-ren eszenografia, bikaina. Espresionismoaren iturrietatik hartutako ideiarekin, Centolavignak behar den giro iluna eta batzuetan itogarria lortzen du, baina inperioaren handitasunaren esentzia galdu gabe. Perfektuki irudikatzen du Verdiren lan osoari darion antiklerikalismoa. Honekin lotuta, txalogarria iruditu zitzaidan Giancarlo del Monacoren eszena zuzendaritza soil eta neurtua. Abeslari guztiek egin zituzten bere rolak inongo gehiegikeriarik gabe.<\/p>\n<p>Baina pasa gaitezen alderdi musikalera. Hemen gauzak ez ziren hain homogeneoak izan. Giuseppe Gipali tenoreak Don Carlo pertsonaia plano eta apala egin zuen. Tinbre ederreko ahotsa dauka, baina proiekzioa falta zitzaion, baita interpretatzeko taxua ere. Izan ere, ez zuen txalo gehiegirik lortu. Pena. Ia gauza bera esan dezaket M\u00aa Jos\u00e9 Siri soprano uruguaiarrari buruz, Elisabeth de Valois paperean. Ongi, baina ez zen behar den bikaintasunera iritsi. Aitortu behar dut agian beste pretsonaiekin egindako konparaketa oso kaltegarria izan zela bi protagonistentzat. Hau da, Orlin Anastassov baxu bulgariarraren aktuazioa, Felipe II.aren rolean, eta batez ere Mika Kares baxu finlandiarrarena, goi-mailakoak izan ziren alderdi bokal eta interpretatiboetatik ikusita (benetan ikaragarria izan zen Kares Inkisidore handiaren paperean). Hauen bikaintasunak nolabait lainotu egin zuen protagonisten grazia eskasa. Honez gain, Juan Jes\u00fas Rodr\u00edguez baritonoak Rodrigue biribila egin zuen, eta Daniela Barcellona mezzoa ikuskizunaren erregina bihurtu zen, Eboli printzesa zoragarria eginez, Barcellonak taula gainean duen taxuagatik eta bere ahots malguagatik.<\/p>\n<p>Miarritzeko Malandain Balleta fin eta orijinala aritu zen hirugarren ekitaldian \u2018<\/p>\n","protected":false},"excerpt":{"rendered":"<p>Fitxa: OLBEk antolatutako Verdiren \u2018Don Carlo\u2019 opera. Bakarlariak: Giuseppe Gipali, M\u00aa Jos\u00e9 Siri, Juan Jes\u00fas Rodr\u00edguez, Daniela Barcellona, Orlin Anastassov, Mika Kares. Bilbao Orkestra Sinfonikoa. Zuzendaria: Massimo Zanetti. Bilboko Operaren Abesbatza. Zuzendaria: Boris Dujin. Eszena Zuzendaria: Giancarlo del Monaco. Eszenografia: Carlo Centolavigna. Lekua: Euskalduna Jauregia. Data: urriaren 24a.<\/p>\n","protected":false},"author":13,"featured_media":0,"comment_status":"open","ping_status":"open","sticky":false,"template":"","format":"standard","meta":{"footnotes":""},"categories":[2],"tags":[123,134,199,325,353,370,398],"class_list":["post-238","post","type-post","status-publish","format-standard","hentry","category-musika-kritika","tag-daniela-barcellona","tag-don-carlo","tag-giuseppe-gipali","tag-ma-jose-siri","tag-massimo-zanetti","tag-mika-kares","tag-orlin-anastassov"],"yoast_head":"<!-- This site is optimized with the Yoast SEO plugin v27.3 - https:\/\/yoast.com\/product\/yoast-seo-wordpress\/ -->\n<title>Protagonistak, itzalean - Nessun dorma<\/title>\n<meta name=\"robots\" content=\"index, follow, max-snippet:-1, max-image-preview:large, max-video-preview:-1\" \/>\n<link rel=\"canonical\" href=\"https:\/\/blogak.argia.eus\/montserrat-auzmendi\/2015\/11\/02\/protagonistak-itzalean\/\" \/>\n<meta property=\"og:locale\" content=\"en_US\" \/>\n<meta property=\"og:type\" content=\"article\" \/>\n<meta property=\"og:title\" content=\"Protagonistak, itzalean - Nessun dorma\" \/>\n<meta property=\"og:description\" content=\"Fitxa: OLBEk antolatutako Verdiren \u2018Don Carlo\u2019 opera. Bakarlariak: Giuseppe Gipali, M\u00aa Jos\u00e9 Siri, Juan Jes\u00fas Rodr\u00edguez, Daniela Barcellona, Orlin Anastassov, Mika Kares. Bilbao Orkestra Sinfonikoa. Zuzendaria: Massimo Zanetti. Bilboko Operaren Abesbatza. Zuzendaria: Boris Dujin. Eszena Zuzendaria: Giancarlo del Monaco. Eszenografia: Carlo Centolavigna. Lekua: Euskalduna Jauregia. Data: urriaren 24a.\" \/>\n<meta property=\"og:url\" content=\"https:\/\/blogak.argia.eus\/montserrat-auzmendi\/2015\/11\/02\/protagonistak-itzalean\/\" \/>\n<meta property=\"og:site_name\" content=\"Nessun dorma\" \/>\n<meta property=\"article:published_time\" content=\"2015-11-02T15:17:27+00:00\" \/>\n<meta name=\"author\" content=\"Montserrat Auzmendi\" \/>\n<meta name=\"twitter:card\" content=\"summary_large_image\" \/>\n<meta name=\"twitter:label1\" content=\"Written by\" \/>\n\t<meta name=\"twitter:data1\" content=\"Montserrat Auzmendi\" \/>\n\t<meta name=\"twitter:label2\" content=\"Est. reading time\" \/>\n\t<meta name=\"twitter:data2\" content=\"2 minutua\" \/>\n<script type=\"application\/ld+json\" class=\"yoast-schema-graph\">{\"@context\":\"https:\\\/\\\/schema.org\",\"@graph\":[{\"@type\":\"Article\",\"@id\":\"https:\\\/\\\/blogak.argia.eus\\\/montserrat-auzmendi\\\/2015\\\/11\\\/02\\\/protagonistak-itzalean\\\/#article\",\"isPartOf\":{\"@id\":\"https:\\\/\\\/blogak.argia.eus\\\/montserrat-auzmendi\\\/2015\\\/11\\\/02\\\/protagonistak-itzalean\\\/\"},\"author\":{\"name\":\"Montserrat Auzmendi\",\"@id\":\"https:\\\/\\\/blogak.argia.eus\\\/montserrat-auzmendi\\\/#\\\/schema\\\/person\\\/cf1b934bd411258b08320938e22c81c6\"},\"headline\":\"Protagonistak, itzalean\",\"datePublished\":\"2015-11-02T15:17:27+00:00\",\"mainEntityOfPage\":{\"@id\":\"https:\\\/\\\/blogak.argia.eus\\\/montserrat-auzmendi\\\/2015\\\/11\\\/02\\\/protagonistak-itzalean\\\/\"},\"wordCount\":345,\"commentCount\":0,\"keywords\":[\"Daniela Barcellona\",\"Don Carlo\",\"Giuseppe Gipali\",\"M\u00aa Jos\u00e9 Siri\",\"Massimo Zanetti\",\"Mika Kares\",\"Orlin Anastassov\"],\"articleSection\":[\"musika kritika\"],\"inLanguage\":\"eu\",\"potentialAction\":[{\"@type\":\"CommentAction\",\"name\":\"Comment\",\"target\":[\"https:\\\/\\\/blogak.argia.eus\\\/montserrat-auzmendi\\\/2015\\\/11\\\/02\\\/protagonistak-itzalean\\\/#respond\"]}]},{\"@type\":\"WebPage\",\"@id\":\"https:\\\/\\\/blogak.argia.eus\\\/montserrat-auzmendi\\\/2015\\\/11\\\/02\\\/protagonistak-itzalean\\\/\",\"url\":\"https:\\\/\\\/blogak.argia.eus\\\/montserrat-auzmendi\\\/2015\\\/11\\\/02\\\/protagonistak-itzalean\\\/\",\"name\":\"Protagonistak, itzalean - Nessun dorma\",\"isPartOf\":{\"@id\":\"https:\\\/\\\/blogak.argia.eus\\\/montserrat-auzmendi\\\/#website\"},\"datePublished\":\"2015-11-02T15:17:27+00:00\",\"author\":{\"@id\":\"https:\\\/\\\/blogak.argia.eus\\\/montserrat-auzmendi\\\/#\\\/schema\\\/person\\\/cf1b934bd411258b08320938e22c81c6\"},\"breadcrumb\":{\"@id\":\"https:\\\/\\\/blogak.argia.eus\\\/montserrat-auzmendi\\\/2015\\\/11\\\/02\\\/protagonistak-itzalean\\\/#breadcrumb\"},\"inLanguage\":\"eu\",\"potentialAction\":[{\"@type\":\"ReadAction\",\"target\":[\"https:\\\/\\\/blogak.argia.eus\\\/montserrat-auzmendi\\\/2015\\\/11\\\/02\\\/protagonistak-itzalean\\\/\"]}]},{\"@type\":\"BreadcrumbList\",\"@id\":\"https:\\\/\\\/blogak.argia.eus\\\/montserrat-auzmendi\\\/2015\\\/11\\\/02\\\/protagonistak-itzalean\\\/#breadcrumb\",\"itemListElement\":[{\"@type\":\"ListItem\",\"position\":1,\"name\":\"Home\",\"item\":\"https:\\\/\\\/blogak.argia.eus\\\/montserrat-auzmendi\\\/\"},{\"@type\":\"ListItem\",\"position\":2,\"name\":\"Protagonistak, itzalean\"}]},{\"@type\":\"WebSite\",\"@id\":\"https:\\\/\\\/blogak.argia.eus\\\/montserrat-auzmendi\\\/#website\",\"url\":\"https:\\\/\\\/blogak.argia.eus\\\/montserrat-auzmendi\\\/\",\"name\":\"Nessun dorma\",\"description\":\"Inork ez dezala lo egin\",\"potentialAction\":[{\"@type\":\"SearchAction\",\"target\":{\"@type\":\"EntryPoint\",\"urlTemplate\":\"https:\\\/\\\/blogak.argia.eus\\\/montserrat-auzmendi\\\/?s={search_term_string}\"},\"query-input\":{\"@type\":\"PropertyValueSpecification\",\"valueRequired\":true,\"valueName\":\"search_term_string\"}}],\"inLanguage\":\"eu\"},{\"@type\":\"Person\",\"@id\":\"https:\\\/\\\/blogak.argia.eus\\\/montserrat-auzmendi\\\/#\\\/schema\\\/person\\\/cf1b934bd411258b08320938e22c81c6\",\"name\":\"Montserrat Auzmendi\",\"image\":{\"@type\":\"ImageObject\",\"inLanguage\":\"eu\",\"@id\":\"https:\\\/\\\/secure.gravatar.com\\\/avatar\\\/ee16250a4bcb81c95b9735eee2375334c3c12cb53da2ec43e0c1a8164567839b?s=96&d=mm&r=g\",\"url\":\"https:\\\/\\\/secure.gravatar.com\\\/avatar\\\/ee16250a4bcb81c95b9735eee2375334c3c12cb53da2ec43e0c1a8164567839b?s=96&d=mm&r=g\",\"contentUrl\":\"https:\\\/\\\/secure.gravatar.com\\\/avatar\\\/ee16250a4bcb81c95b9735eee2375334c3c12cb53da2ec43e0c1a8164567839b?s=96&d=mm&r=g\",\"caption\":\"Montserrat Auzmendi\"},\"url\":\"https:\\\/\\\/blogak.argia.eus\\\/montserrat-auzmendi\\\/author\\\/mauzmendi\\\/\"}]}<\/script>\n<!-- \/ Yoast SEO plugin. -->","yoast_head_json":{"title":"Protagonistak, itzalean - Nessun dorma","robots":{"index":"index","follow":"follow","max-snippet":"max-snippet:-1","max-image-preview":"max-image-preview:large","max-video-preview":"max-video-preview:-1"},"canonical":"https:\/\/blogak.argia.eus\/montserrat-auzmendi\/2015\/11\/02\/protagonistak-itzalean\/","og_locale":"en_US","og_type":"article","og_title":"Protagonistak, itzalean - Nessun dorma","og_description":"Fitxa: OLBEk antolatutako Verdiren \u2018Don Carlo\u2019 opera. Bakarlariak: Giuseppe Gipali, M\u00aa Jos\u00e9 Siri, Juan Jes\u00fas Rodr\u00edguez, Daniela Barcellona, Orlin Anastassov, Mika Kares. Bilbao Orkestra Sinfonikoa. Zuzendaria: Massimo Zanetti. Bilboko Operaren Abesbatza. Zuzendaria: Boris Dujin. Eszena Zuzendaria: Giancarlo del Monaco. Eszenografia: Carlo Centolavigna. Lekua: Euskalduna Jauregia. Data: urriaren 24a.","og_url":"https:\/\/blogak.argia.eus\/montserrat-auzmendi\/2015\/11\/02\/protagonistak-itzalean\/","og_site_name":"Nessun dorma","article_published_time":"2015-11-02T15:17:27+00:00","author":"Montserrat Auzmendi","twitter_card":"summary_large_image","twitter_misc":{"Written by":"Montserrat Auzmendi","Est. reading time":"2 minutua"},"schema":{"@context":"https:\/\/schema.org","@graph":[{"@type":"Article","@id":"https:\/\/blogak.argia.eus\/montserrat-auzmendi\/2015\/11\/02\/protagonistak-itzalean\/#article","isPartOf":{"@id":"https:\/\/blogak.argia.eus\/montserrat-auzmendi\/2015\/11\/02\/protagonistak-itzalean\/"},"author":{"name":"Montserrat Auzmendi","@id":"https:\/\/blogak.argia.eus\/montserrat-auzmendi\/#\/schema\/person\/cf1b934bd411258b08320938e22c81c6"},"headline":"Protagonistak, itzalean","datePublished":"2015-11-02T15:17:27+00:00","mainEntityOfPage":{"@id":"https:\/\/blogak.argia.eus\/montserrat-auzmendi\/2015\/11\/02\/protagonistak-itzalean\/"},"wordCount":345,"commentCount":0,"keywords":["Daniela Barcellona","Don Carlo","Giuseppe Gipali","M\u00aa Jos\u00e9 Siri","Massimo Zanetti","Mika Kares","Orlin Anastassov"],"articleSection":["musika kritika"],"inLanguage":"eu","potentialAction":[{"@type":"CommentAction","name":"Comment","target":["https:\/\/blogak.argia.eus\/montserrat-auzmendi\/2015\/11\/02\/protagonistak-itzalean\/#respond"]}]},{"@type":"WebPage","@id":"https:\/\/blogak.argia.eus\/montserrat-auzmendi\/2015\/11\/02\/protagonistak-itzalean\/","url":"https:\/\/blogak.argia.eus\/montserrat-auzmendi\/2015\/11\/02\/protagonistak-itzalean\/","name":"Protagonistak, itzalean - Nessun dorma","isPartOf":{"@id":"https:\/\/blogak.argia.eus\/montserrat-auzmendi\/#website"},"datePublished":"2015-11-02T15:17:27+00:00","author":{"@id":"https:\/\/blogak.argia.eus\/montserrat-auzmendi\/#\/schema\/person\/cf1b934bd411258b08320938e22c81c6"},"breadcrumb":{"@id":"https:\/\/blogak.argia.eus\/montserrat-auzmendi\/2015\/11\/02\/protagonistak-itzalean\/#breadcrumb"},"inLanguage":"eu","potentialAction":[{"@type":"ReadAction","target":["https:\/\/blogak.argia.eus\/montserrat-auzmendi\/2015\/11\/02\/protagonistak-itzalean\/"]}]},{"@type":"BreadcrumbList","@id":"https:\/\/blogak.argia.eus\/montserrat-auzmendi\/2015\/11\/02\/protagonistak-itzalean\/#breadcrumb","itemListElement":[{"@type":"ListItem","position":1,"name":"Home","item":"https:\/\/blogak.argia.eus\/montserrat-auzmendi\/"},{"@type":"ListItem","position":2,"name":"Protagonistak, itzalean"}]},{"@type":"WebSite","@id":"https:\/\/blogak.argia.eus\/montserrat-auzmendi\/#website","url":"https:\/\/blogak.argia.eus\/montserrat-auzmendi\/","name":"Nessun dorma","description":"Inork ez dezala lo egin","potentialAction":[{"@type":"SearchAction","target":{"@type":"EntryPoint","urlTemplate":"https:\/\/blogak.argia.eus\/montserrat-auzmendi\/?s={search_term_string}"},"query-input":{"@type":"PropertyValueSpecification","valueRequired":true,"valueName":"search_term_string"}}],"inLanguage":"eu"},{"@type":"Person","@id":"https:\/\/blogak.argia.eus\/montserrat-auzmendi\/#\/schema\/person\/cf1b934bd411258b08320938e22c81c6","name":"Montserrat Auzmendi","image":{"@type":"ImageObject","inLanguage":"eu","@id":"https:\/\/secure.gravatar.com\/avatar\/ee16250a4bcb81c95b9735eee2375334c3c12cb53da2ec43e0c1a8164567839b?s=96&d=mm&r=g","url":"https:\/\/secure.gravatar.com\/avatar\/ee16250a4bcb81c95b9735eee2375334c3c12cb53da2ec43e0c1a8164567839b?s=96&d=mm&r=g","contentUrl":"https:\/\/secure.gravatar.com\/avatar\/ee16250a4bcb81c95b9735eee2375334c3c12cb53da2ec43e0c1a8164567839b?s=96&d=mm&r=g","caption":"Montserrat Auzmendi"},"url":"https:\/\/blogak.argia.eus\/montserrat-auzmendi\/author\/mauzmendi\/"}]}},"_links":{"self":[{"href":"https:\/\/blogak.argia.eus\/montserrat-auzmendi\/wp-json\/wp\/v2\/posts\/238","targetHints":{"allow":["GET"]}}],"collection":[{"href":"https:\/\/blogak.argia.eus\/montserrat-auzmendi\/wp-json\/wp\/v2\/posts"}],"about":[{"href":"https:\/\/blogak.argia.eus\/montserrat-auzmendi\/wp-json\/wp\/v2\/types\/post"}],"author":[{"embeddable":true,"href":"https:\/\/blogak.argia.eus\/montserrat-auzmendi\/wp-json\/wp\/v2\/users\/13"}],"replies":[{"embeddable":true,"href":"https:\/\/blogak.argia.eus\/montserrat-auzmendi\/wp-json\/wp\/v2\/comments?post=238"}],"version-history":[{"count":0,"href":"https:\/\/blogak.argia.eus\/montserrat-auzmendi\/wp-json\/wp\/v2\/posts\/238\/revisions"}],"wp:attachment":[{"href":"https:\/\/blogak.argia.eus\/montserrat-auzmendi\/wp-json\/wp\/v2\/media?parent=238"}],"wp:term":[{"taxonomy":"category","embeddable":true,"href":"https:\/\/blogak.argia.eus\/montserrat-auzmendi\/wp-json\/wp\/v2\/categories?post=238"},{"taxonomy":"post_tag","embeddable":true,"href":"https:\/\/blogak.argia.eus\/montserrat-auzmendi\/wp-json\/wp\/v2\/tags?post=238"}],"curies":[{"name":"wp","href":"https:\/\/api.w.org\/{rel}","templated":true}]}}