{"id":266,"date":"2016-03-31T12:55:24","date_gmt":"2016-03-31T10:55:24","guid":{"rendered":"http:\/\/www.argia.eus\/blogak\/montserrat-auzmendi\/?p=266"},"modified":"2016-03-31T12:55:24","modified_gmt":"2016-03-31T10:55:24","slug":"umeentzako-opera","status":"publish","type":"post","link":"https:\/\/blogak.argia.eus\/montserrat-auzmendi\/2016\/03\/31\/umeentzako-opera\/","title":{"rendered":"Umeentzako opera"},"content":{"rendered":"<p>Fitxa: OLBE-k antolatutako \u2018Txanozuritxu\u2019 opera, Abao txiki zikloan. Musika eta testua: Carlos Imaz. Eszena zuzendaritza: Mitxel Santamarina. Kissar Ensemble orkestra. Zuzendaria: Rub\u00e9n Fern\u00e1ndez. Bakarlariak: Marta Ubieta, Mikeldi Atxalandabaso, Itxaro Mentxaka, Jos\u00e9 Manuel D\u00edaz.<!--more--><\/p>\n<p>Egia da opera bezalako ikuskizunen entzulegoa zahartzen ari dela. Begirada bat bota emanaldi batean eta konturatzen zara bataz besteko adina nahiko altua dela. Horrexegatik eskertu behar da OLBE-k egindako esfortzua publiko gaztea bereganatzeko. Agian operako saio arruntak, luzeak, ez dira modu aproposena ume bati zaletasuna pizteko, baina bai gazteei eskaintzea produktu berezia, beraientzako egindakoa. Abao txiki deitutako denboraldi berezia justu umeei zuzenduta dago, eta ipuin ezagunak antzezten dira opera moduko formato batean. Aldi honetan Txanogorritxoren bertsio moderno bat eskaini zuten, \u2018Txanozuritxu\u2019 izenekoa, non jatorrizko ipuina aitzakia besterik ez den eta istorio berri bat kontatzen den gaur egun pil-pilean dauden hainbat gaiekin, hala nola, bullying-a, estresa, komunikazio-eza, eta abar.<\/p>\n<p>Arriagan egindako eszenaratzea, Gorka M\u00ednguez eszenografoarena eta Idoia Merodio figurinistarena sinple eta na\u00eff izan zen, pretentsiorik gabea. Kalitate musikalari buruz, ba, Carlos Imaz-en musika ez zen beste munduko gauza, opera baino gehiago Broadway-ko musikal baten kutsua zuen, muga askorekin, hori bai. Eta abeslariek ongi bete zituzten beren paperak. Marta Ubieta sopranoak, protagonistak, ederki egin zuen Txanozuritxu inozoarena; Manuel D\u00edaz baritonoak txukun interpretatu zuen ehiztariaren rola; Itxaro Mentxaka mezzoak amama benetan dibertigarria egin zuen, obraren pertsonaia biribilena agian; eta Mikeldi Atxalandabaso tenorearekin parre asko egin zuten han zeuden umeek benetan freskoa atera zelako bere pertsonaia, otsoa.<\/p>\n<p>Beraz, lan duina helburu garbi batekin: musika gazteen artean hedatzea. Primeran.<\/p>\n<p>&nbsp;<\/p>\n","protected":false},"excerpt":{"rendered":"<p>Fitxa: OLBE-k antolatutako \u2018Txanozuritxu\u2019 opera, Abao txiki zikloan. Musika eta testua: Carlos Imaz. Eszena zuzendaritza: Mitxel Santamarina. Kissar Ensemble orkestra. Zuzendaria: Rub\u00e9n Fern\u00e1ndez. Bakarlariak: Marta Ubieta, Mikeldi Atxalandabaso, Itxaro Mentxaka, Jos\u00e9 Manuel D\u00edaz.<\/p>\n","protected":false},"author":13,"featured_media":0,"comment_status":"open","ping_status":"open","sticky":false,"template":"","format":"standard","meta":{"footnotes":""},"categories":[2],"tags":[94,237,275,303,349,372,445],"class_list":["post-266","post","type-post","status-publish","format-standard","hentry","category-musika-kritika","tag-carlos-imaz","tag-itxaro-mentxaka","tag-jose-manuel-diaz","tag-kissar-ensemble","tag-marta-ubieta","tag-mikeldi-atxalandabaso","tag-ruben-fernandez"],"yoast_head":"<!-- This site is optimized with the Yoast SEO plugin v27.3 - https:\/\/yoast.com\/product\/yoast-seo-wordpress\/ -->\n<title>Umeentzako opera - Nessun dorma<\/title>\n<meta name=\"robots\" content=\"index, follow, max-snippet:-1, max-image-preview:large, max-video-preview:-1\" \/>\n<link rel=\"canonical\" href=\"https:\/\/blogak.argia.eus\/montserrat-auzmendi\/2016\/03\/31\/umeentzako-opera\/\" \/>\n<meta property=\"og:locale\" content=\"en_US\" \/>\n<meta property=\"og:type\" content=\"article\" \/>\n<meta property=\"og:title\" content=\"Umeentzako opera - Nessun dorma\" \/>\n<meta property=\"og:description\" content=\"Fitxa: OLBE-k antolatutako \u2018Txanozuritxu\u2019 opera, Abao txiki zikloan. Musika eta testua: Carlos Imaz. Eszena zuzendaritza: Mitxel Santamarina. Kissar Ensemble orkestra. Zuzendaria: Rub\u00e9n Fern\u00e1ndez. Bakarlariak: Marta Ubieta, Mikeldi Atxalandabaso, Itxaro Mentxaka, Jos\u00e9 Manuel D\u00edaz.\" \/>\n<meta property=\"og:url\" content=\"https:\/\/blogak.argia.eus\/montserrat-auzmendi\/2016\/03\/31\/umeentzako-opera\/\" \/>\n<meta property=\"og:site_name\" content=\"Nessun dorma\" \/>\n<meta property=\"article:published_time\" content=\"2016-03-31T10:55:24+00:00\" \/>\n<meta name=\"author\" content=\"Montserrat Auzmendi\" \/>\n<meta name=\"twitter:card\" content=\"summary_large_image\" \/>\n<meta name=\"twitter:label1\" content=\"Written by\" \/>\n\t<meta name=\"twitter:data1\" content=\"Montserrat Auzmendi\" \/>\n\t<meta name=\"twitter:label2\" content=\"Est. reading time\" \/>\n\t<meta name=\"twitter:data2\" content=\"1 minutua\" \/>\n<script type=\"application\/ld+json\" class=\"yoast-schema-graph\">{\"@context\":\"https:\\\/\\\/schema.org\",\"@graph\":[{\"@type\":\"Article\",\"@id\":\"https:\\\/\\\/blogak.argia.eus\\\/montserrat-auzmendi\\\/2016\\\/03\\\/31\\\/umeentzako-opera\\\/#article\",\"isPartOf\":{\"@id\":\"https:\\\/\\\/blogak.argia.eus\\\/montserrat-auzmendi\\\/2016\\\/03\\\/31\\\/umeentzako-opera\\\/\"},\"author\":{\"name\":\"Montserrat Auzmendi\",\"@id\":\"https:\\\/\\\/blogak.argia.eus\\\/montserrat-auzmendi\\\/#\\\/schema\\\/person\\\/cf1b934bd411258b08320938e22c81c6\"},\"headline\":\"Umeentzako opera\",\"datePublished\":\"2016-03-31T10:55:24+00:00\",\"mainEntityOfPage\":{\"@id\":\"https:\\\/\\\/blogak.argia.eus\\\/montserrat-auzmendi\\\/2016\\\/03\\\/31\\\/umeentzako-opera\\\/\"},\"wordCount\":256,\"commentCount\":0,\"keywords\":[\"Carlos Imaz\",\"Itxaro Mentxaka\",\"Jos\u00e9 Manuel D\u00edaz\",\"Kissar Ensemble\",\"Marta Ubieta\",\"Mikeldi Atxalandabaso\",\"RUb\u00e9n Fern\u00e1ndez\"],\"articleSection\":[\"musika kritika\"],\"inLanguage\":\"eu\",\"potentialAction\":[{\"@type\":\"CommentAction\",\"name\":\"Comment\",\"target\":[\"https:\\\/\\\/blogak.argia.eus\\\/montserrat-auzmendi\\\/2016\\\/03\\\/31\\\/umeentzako-opera\\\/#respond\"]}]},{\"@type\":\"WebPage\",\"@id\":\"https:\\\/\\\/blogak.argia.eus\\\/montserrat-auzmendi\\\/2016\\\/03\\\/31\\\/umeentzako-opera\\\/\",\"url\":\"https:\\\/\\\/blogak.argia.eus\\\/montserrat-auzmendi\\\/2016\\\/03\\\/31\\\/umeentzako-opera\\\/\",\"name\":\"Umeentzako opera - Nessun dorma\",\"isPartOf\":{\"@id\":\"https:\\\/\\\/blogak.argia.eus\\\/montserrat-auzmendi\\\/#website\"},\"datePublished\":\"2016-03-31T10:55:24+00:00\",\"author\":{\"@id\":\"https:\\\/\\\/blogak.argia.eus\\\/montserrat-auzmendi\\\/#\\\/schema\\\/person\\\/cf1b934bd411258b08320938e22c81c6\"},\"breadcrumb\":{\"@id\":\"https:\\\/\\\/blogak.argia.eus\\\/montserrat-auzmendi\\\/2016\\\/03\\\/31\\\/umeentzako-opera\\\/#breadcrumb\"},\"inLanguage\":\"eu\",\"potentialAction\":[{\"@type\":\"ReadAction\",\"target\":[\"https:\\\/\\\/blogak.argia.eus\\\/montserrat-auzmendi\\\/2016\\\/03\\\/31\\\/umeentzako-opera\\\/\"]}]},{\"@type\":\"BreadcrumbList\",\"@id\":\"https:\\\/\\\/blogak.argia.eus\\\/montserrat-auzmendi\\\/2016\\\/03\\\/31\\\/umeentzako-opera\\\/#breadcrumb\",\"itemListElement\":[{\"@type\":\"ListItem\",\"position\":1,\"name\":\"Home\",\"item\":\"https:\\\/\\\/blogak.argia.eus\\\/montserrat-auzmendi\\\/\"},{\"@type\":\"ListItem\",\"position\":2,\"name\":\"Umeentzako opera\"}]},{\"@type\":\"WebSite\",\"@id\":\"https:\\\/\\\/blogak.argia.eus\\\/montserrat-auzmendi\\\/#website\",\"url\":\"https:\\\/\\\/blogak.argia.eus\\\/montserrat-auzmendi\\\/\",\"name\":\"Nessun dorma\",\"description\":\"Inork ez dezala lo egin\",\"potentialAction\":[{\"@type\":\"SearchAction\",\"target\":{\"@type\":\"EntryPoint\",\"urlTemplate\":\"https:\\\/\\\/blogak.argia.eus\\\/montserrat-auzmendi\\\/?s={search_term_string}\"},\"query-input\":{\"@type\":\"PropertyValueSpecification\",\"valueRequired\":true,\"valueName\":\"search_term_string\"}}],\"inLanguage\":\"eu\"},{\"@type\":\"Person\",\"@id\":\"https:\\\/\\\/blogak.argia.eus\\\/montserrat-auzmendi\\\/#\\\/schema\\\/person\\\/cf1b934bd411258b08320938e22c81c6\",\"name\":\"Montserrat Auzmendi\",\"image\":{\"@type\":\"ImageObject\",\"inLanguage\":\"eu\",\"@id\":\"https:\\\/\\\/secure.gravatar.com\\\/avatar\\\/ee16250a4bcb81c95b9735eee2375334c3c12cb53da2ec43e0c1a8164567839b?s=96&d=mm&r=g\",\"url\":\"https:\\\/\\\/secure.gravatar.com\\\/avatar\\\/ee16250a4bcb81c95b9735eee2375334c3c12cb53da2ec43e0c1a8164567839b?s=96&d=mm&r=g\",\"contentUrl\":\"https:\\\/\\\/secure.gravatar.com\\\/avatar\\\/ee16250a4bcb81c95b9735eee2375334c3c12cb53da2ec43e0c1a8164567839b?s=96&d=mm&r=g\",\"caption\":\"Montserrat Auzmendi\"},\"url\":\"https:\\\/\\\/blogak.argia.eus\\\/montserrat-auzmendi\\\/author\\\/mauzmendi\\\/\"}]}<\/script>\n<!-- \/ Yoast SEO plugin. -->","yoast_head_json":{"title":"Umeentzako opera - Nessun dorma","robots":{"index":"index","follow":"follow","max-snippet":"max-snippet:-1","max-image-preview":"max-image-preview:large","max-video-preview":"max-video-preview:-1"},"canonical":"https:\/\/blogak.argia.eus\/montserrat-auzmendi\/2016\/03\/31\/umeentzako-opera\/","og_locale":"en_US","og_type":"article","og_title":"Umeentzako opera - Nessun dorma","og_description":"Fitxa: OLBE-k antolatutako \u2018Txanozuritxu\u2019 opera, Abao txiki zikloan. Musika eta testua: Carlos Imaz. Eszena zuzendaritza: Mitxel Santamarina. Kissar Ensemble orkestra. Zuzendaria: Rub\u00e9n Fern\u00e1ndez. Bakarlariak: Marta Ubieta, Mikeldi Atxalandabaso, Itxaro Mentxaka, Jos\u00e9 Manuel D\u00edaz.","og_url":"https:\/\/blogak.argia.eus\/montserrat-auzmendi\/2016\/03\/31\/umeentzako-opera\/","og_site_name":"Nessun dorma","article_published_time":"2016-03-31T10:55:24+00:00","author":"Montserrat Auzmendi","twitter_card":"summary_large_image","twitter_misc":{"Written by":"Montserrat Auzmendi","Est. reading time":"1 minutua"},"schema":{"@context":"https:\/\/schema.org","@graph":[{"@type":"Article","@id":"https:\/\/blogak.argia.eus\/montserrat-auzmendi\/2016\/03\/31\/umeentzako-opera\/#article","isPartOf":{"@id":"https:\/\/blogak.argia.eus\/montserrat-auzmendi\/2016\/03\/31\/umeentzako-opera\/"},"author":{"name":"Montserrat Auzmendi","@id":"https:\/\/blogak.argia.eus\/montserrat-auzmendi\/#\/schema\/person\/cf1b934bd411258b08320938e22c81c6"},"headline":"Umeentzako opera","datePublished":"2016-03-31T10:55:24+00:00","mainEntityOfPage":{"@id":"https:\/\/blogak.argia.eus\/montserrat-auzmendi\/2016\/03\/31\/umeentzako-opera\/"},"wordCount":256,"commentCount":0,"keywords":["Carlos Imaz","Itxaro Mentxaka","Jos\u00e9 Manuel D\u00edaz","Kissar Ensemble","Marta Ubieta","Mikeldi Atxalandabaso","RUb\u00e9n Fern\u00e1ndez"],"articleSection":["musika kritika"],"inLanguage":"eu","potentialAction":[{"@type":"CommentAction","name":"Comment","target":["https:\/\/blogak.argia.eus\/montserrat-auzmendi\/2016\/03\/31\/umeentzako-opera\/#respond"]}]},{"@type":"WebPage","@id":"https:\/\/blogak.argia.eus\/montserrat-auzmendi\/2016\/03\/31\/umeentzako-opera\/","url":"https:\/\/blogak.argia.eus\/montserrat-auzmendi\/2016\/03\/31\/umeentzako-opera\/","name":"Umeentzako opera - Nessun dorma","isPartOf":{"@id":"https:\/\/blogak.argia.eus\/montserrat-auzmendi\/#website"},"datePublished":"2016-03-31T10:55:24+00:00","author":{"@id":"https:\/\/blogak.argia.eus\/montserrat-auzmendi\/#\/schema\/person\/cf1b934bd411258b08320938e22c81c6"},"breadcrumb":{"@id":"https:\/\/blogak.argia.eus\/montserrat-auzmendi\/2016\/03\/31\/umeentzako-opera\/#breadcrumb"},"inLanguage":"eu","potentialAction":[{"@type":"ReadAction","target":["https:\/\/blogak.argia.eus\/montserrat-auzmendi\/2016\/03\/31\/umeentzako-opera\/"]}]},{"@type":"BreadcrumbList","@id":"https:\/\/blogak.argia.eus\/montserrat-auzmendi\/2016\/03\/31\/umeentzako-opera\/#breadcrumb","itemListElement":[{"@type":"ListItem","position":1,"name":"Home","item":"https:\/\/blogak.argia.eus\/montserrat-auzmendi\/"},{"@type":"ListItem","position":2,"name":"Umeentzako opera"}]},{"@type":"WebSite","@id":"https:\/\/blogak.argia.eus\/montserrat-auzmendi\/#website","url":"https:\/\/blogak.argia.eus\/montserrat-auzmendi\/","name":"Nessun dorma","description":"Inork ez dezala lo egin","potentialAction":[{"@type":"SearchAction","target":{"@type":"EntryPoint","urlTemplate":"https:\/\/blogak.argia.eus\/montserrat-auzmendi\/?s={search_term_string}"},"query-input":{"@type":"PropertyValueSpecification","valueRequired":true,"valueName":"search_term_string"}}],"inLanguage":"eu"},{"@type":"Person","@id":"https:\/\/blogak.argia.eus\/montserrat-auzmendi\/#\/schema\/person\/cf1b934bd411258b08320938e22c81c6","name":"Montserrat Auzmendi","image":{"@type":"ImageObject","inLanguage":"eu","@id":"https:\/\/secure.gravatar.com\/avatar\/ee16250a4bcb81c95b9735eee2375334c3c12cb53da2ec43e0c1a8164567839b?s=96&d=mm&r=g","url":"https:\/\/secure.gravatar.com\/avatar\/ee16250a4bcb81c95b9735eee2375334c3c12cb53da2ec43e0c1a8164567839b?s=96&d=mm&r=g","contentUrl":"https:\/\/secure.gravatar.com\/avatar\/ee16250a4bcb81c95b9735eee2375334c3c12cb53da2ec43e0c1a8164567839b?s=96&d=mm&r=g","caption":"Montserrat Auzmendi"},"url":"https:\/\/blogak.argia.eus\/montserrat-auzmendi\/author\/mauzmendi\/"}]}},"_links":{"self":[{"href":"https:\/\/blogak.argia.eus\/montserrat-auzmendi\/wp-json\/wp\/v2\/posts\/266","targetHints":{"allow":["GET"]}}],"collection":[{"href":"https:\/\/blogak.argia.eus\/montserrat-auzmendi\/wp-json\/wp\/v2\/posts"}],"about":[{"href":"https:\/\/blogak.argia.eus\/montserrat-auzmendi\/wp-json\/wp\/v2\/types\/post"}],"author":[{"embeddable":true,"href":"https:\/\/blogak.argia.eus\/montserrat-auzmendi\/wp-json\/wp\/v2\/users\/13"}],"replies":[{"embeddable":true,"href":"https:\/\/blogak.argia.eus\/montserrat-auzmendi\/wp-json\/wp\/v2\/comments?post=266"}],"version-history":[{"count":0,"href":"https:\/\/blogak.argia.eus\/montserrat-auzmendi\/wp-json\/wp\/v2\/posts\/266\/revisions"}],"wp:attachment":[{"href":"https:\/\/blogak.argia.eus\/montserrat-auzmendi\/wp-json\/wp\/v2\/media?parent=266"}],"wp:term":[{"taxonomy":"category","embeddable":true,"href":"https:\/\/blogak.argia.eus\/montserrat-auzmendi\/wp-json\/wp\/v2\/categories?post=266"},{"taxonomy":"post_tag","embeddable":true,"href":"https:\/\/blogak.argia.eus\/montserrat-auzmendi\/wp-json\/wp\/v2\/tags?post=266"}],"curies":[{"name":"wp","href":"https:\/\/api.w.org\/{rel}","templated":true}]}}