{"id":271,"date":"2016-04-11T12:08:37","date_gmt":"2016-04-11T10:08:37","guid":{"rendered":"http:\/\/www.argia.eus\/blogak\/montserrat-auzmendi\/?p=271"},"modified":"2016-04-11T12:08:37","modified_gmt":"2016-04-11T10:08:37","slug":"musika-klasikoaren-festa","status":"publish","type":"post","link":"https:\/\/blogak.argia.eus\/montserrat-auzmendi\/2016\/04\/11\/musika-klasikoaren-festa\/","title":{"rendered":"Musika klasikoaren festa"},"content":{"rendered":"<p>Fitxa: Musika klasikoaren nazioarteko sarien gala-kontzertua. Euskadiko Orkestra Sinfonikoa. Zuzendaria: Jun M\u00e4rkl. Bakarlariak: Pablo Ferrr\u00e1ndez, Nikolai Song, Christian Lindberg, Lukasz Dlugosz, Dame Felicity Lott, MIchala Petri, Mahan Esfahani, David Violi eta Javier Perianes. Egitaraua: Dvor\u00e1k, Chaminade, Lindberg, Penderecki, Offenbach, Meilhac-Ludovic Hal\u00e9vy, Corelli, Ja\u00ebll eta Ravel-en obrak. Lekua: Kursaal Auditorioa. Data: Apirilaren 1a.<!--more--><\/p>\n<p>&nbsp;<\/p>\n<p>ICMA sariak, musika klasikoaren \u2018Grammy\u2019 sariak, nolabait esateagatik, gertakari kultural garrantzitsua dira. Ez da erraza lortzea holako ekitaldi bat guregana ekartzea, baina Euskadiko Orkestra Sinfonikoak lortu du aurtengoa Donostian izatea. Apirilaren 1ean ospatu zen sarien gala kontzertua, eta han geundenok konturatu ginen bene-benetan kalitatea saritu zela. Saritutako batzuen errezitaldia ospatu zen egun horretan Kursaal Auditorioan eta, esan bezala, saio bikaina disfrutatu genuen.<\/p>\n<p>Pablo Ferr\u00e1ndez txelo joleak urteko artista gaztearen saria irabazi zuen. Dvor\u00e0k-en \u2018Biolontxelo eta orkestrarako kontzertua\u2019, si minorrekoaren lehenengo mugimendua (Allegro) jo zuen. Bikain, adierazkorra, soinu biribila eskainiz.<\/p>\n<p>Nikolai Song-ek, aurkikuntza saria jaso zuenak, C\u00e9cile Chaminade-ren \u2018Flauta eta orkestrarako kontzertinoa, re maiorrekoa, op. 107\u2019 jo zuen. Harrigarria izan zen bere interpretazioa, kontuan harturik 13 urte besterik ez duela musikari gazteak.<\/p>\n<p>Jarraian, Christian Lindbergek, urteko artistaren sariak, zur eta lur utzi gintuen. Berak egindako lan bat jo omen zuen \u2018The tale of Kundraan\u2019 izenekoa, non soinu batzuk egin zituen. Bueno, hurrengo batean entzungo dugu bere artea.<\/p>\n<p>Lukasz Dlugosz flauta joleak, musika garaikidearen saria lortu zuenak, Penderecki-ren \u2018Flauta eta ganbera orkestrarako kontzertua\u2019-ren bigarren zatia (Allegro con brio-Vivace-Andante recitativo) interpretatu zuen, ongi, malgua.<\/p>\n<p>Lehengo zatia amaitu zen Dame Felicity Lott-en aktuazioarekin. Soprano honek ibilbide osoaren saria jaso zuen, eta Offenbach eta Henry Meilhac-Ludovic Hal\u00e9vy-ren pieza pare batekin sartu zuen publikoa poltsikoan, hain adierazkorra eta hurbila izan zen bere interpretazioa.<\/p>\n<p>Saioaren bigarren zatiarekin hasteko, musika barroko instrumentalaren saria jaso zuen bikotea izan genuen. Michala Petri flauta eztiaren joleak eta Mahan Esfahani klabezin joleak Corelli-ren \u2018Biolinerako sonata 12.\u2019 \u2018La Follia\u2019 jo zuten, flautarako egokitua. Frogatu zuten merezia izan zela saria. Eta amaierako pianoa geratu zen. David Violi piano joleak (sari bereziaren irabazlea) Marie Ja\u00ebll-en \u2018Piano eta orkestrarako 2. Kontzertua\u2019-ren lehenengo mugimendua (Allegro) jo zuen. Nahiko obra \u2018eztitsua\u2019 suertatu zen, baina Violi-ren interpretazioa akatsgabea izan zen. Javier Perianes-ek (Harmonia Mundi disketxearen ordezkaria) Ravel-en \u2018Sol maiorreko piano eta orkestrarako kontzertua\u2019 jo zuen, distiratsu eta sentsiblea. Euskadiko Orkestra Sinfonikoa, Jun M\u00e4rkl-en batutapean, puntu-puntuan.<\/p>\n<p>Saio ederra, benetan.<\/p>\n","protected":false},"excerpt":{"rendered":"<p>Fitxa: Musika klasikoaren nazioarteko sarien gala-kontzertua. Euskadiko Orkestra Sinfonikoa. Zuzendaria: Jun M\u00e4rkl. Bakarlariak: Pablo Ferrr\u00e1ndez, Nikolai Song, Christian Lindberg, Lukasz Dlugosz, Dame Felicity Lott, MIchala Petri, Mahan Esfahani, David Violi eta Javier Perianes. Egitaraua: Dvor\u00e1k, Chaminade, Lindberg, Penderecki, Offenbach, Meilhac-Ludovic Hal\u00e9vy, Corelli, Ja\u00ebll eta Ravel-en obrak. Lekua: Kursaal Auditorioa. Data: Apirilaren 1a.<\/p>\n","protected":false},"author":13,"featured_media":0,"comment_status":"open","ping_status":"open","sticky":false,"template":"","format":"standard","meta":{"footnotes":""},"categories":[2],"tags":[229,233],"class_list":["post-271","post","type-post","status-publish","format-standard","hentry","category-musika-kritika","tag-icma","tag-international-classical-music-awards"],"yoast_head":"<!-- This site is optimized with the Yoast SEO plugin v27.3 - https:\/\/yoast.com\/product\/yoast-seo-wordpress\/ -->\n<title>Musika klasikoaren festa - Nessun dorma<\/title>\n<meta name=\"robots\" content=\"index, follow, max-snippet:-1, max-image-preview:large, max-video-preview:-1\" \/>\n<link rel=\"canonical\" href=\"https:\/\/blogak.argia.eus\/montserrat-auzmendi\/2016\/04\/11\/musika-klasikoaren-festa\/\" \/>\n<meta property=\"og:locale\" content=\"en_US\" \/>\n<meta property=\"og:type\" content=\"article\" \/>\n<meta property=\"og:title\" content=\"Musika klasikoaren festa - Nessun dorma\" \/>\n<meta property=\"og:description\" content=\"Fitxa: Musika klasikoaren nazioarteko sarien gala-kontzertua. Euskadiko Orkestra Sinfonikoa. Zuzendaria: Jun M\u00e4rkl. Bakarlariak: Pablo Ferrr\u00e1ndez, Nikolai Song, Christian Lindberg, Lukasz Dlugosz, Dame Felicity Lott, MIchala Petri, Mahan Esfahani, David Violi eta Javier Perianes. Egitaraua: Dvor\u00e1k, Chaminade, Lindberg, Penderecki, Offenbach, Meilhac-Ludovic Hal\u00e9vy, Corelli, Ja\u00ebll eta Ravel-en obrak. Lekua: Kursaal Auditorioa. Data: Apirilaren 1a.\" \/>\n<meta property=\"og:url\" content=\"https:\/\/blogak.argia.eus\/montserrat-auzmendi\/2016\/04\/11\/musika-klasikoaren-festa\/\" \/>\n<meta property=\"og:site_name\" content=\"Nessun dorma\" \/>\n<meta property=\"article:published_time\" content=\"2016-04-11T10:08:37+00:00\" \/>\n<meta name=\"author\" content=\"Montserrat Auzmendi\" \/>\n<meta name=\"twitter:card\" content=\"summary_large_image\" \/>\n<meta name=\"twitter:label1\" content=\"Written by\" \/>\n\t<meta name=\"twitter:data1\" content=\"Montserrat Auzmendi\" \/>\n\t<meta name=\"twitter:label2\" content=\"Est. reading time\" \/>\n\t<meta name=\"twitter:data2\" content=\"2 minutua\" \/>\n<script type=\"application\/ld+json\" class=\"yoast-schema-graph\">{\"@context\":\"https:\\\/\\\/schema.org\",\"@graph\":[{\"@type\":\"Article\",\"@id\":\"https:\\\/\\\/blogak.argia.eus\\\/montserrat-auzmendi\\\/2016\\\/04\\\/11\\\/musika-klasikoaren-festa\\\/#article\",\"isPartOf\":{\"@id\":\"https:\\\/\\\/blogak.argia.eus\\\/montserrat-auzmendi\\\/2016\\\/04\\\/11\\\/musika-klasikoaren-festa\\\/\"},\"author\":{\"name\":\"Montserrat Auzmendi\",\"@id\":\"https:\\\/\\\/blogak.argia.eus\\\/montserrat-auzmendi\\\/#\\\/schema\\\/person\\\/cf1b934bd411258b08320938e22c81c6\"},\"headline\":\"Musika klasikoaren festa\",\"datePublished\":\"2016-04-11T10:08:37+00:00\",\"mainEntityOfPage\":{\"@id\":\"https:\\\/\\\/blogak.argia.eus\\\/montserrat-auzmendi\\\/2016\\\/04\\\/11\\\/musika-klasikoaren-festa\\\/\"},\"wordCount\":384,\"commentCount\":0,\"keywords\":[\"ICMA\",\"International Classical Music Awards\"],\"articleSection\":[\"musika kritika\"],\"inLanguage\":\"eu\",\"potentialAction\":[{\"@type\":\"CommentAction\",\"name\":\"Comment\",\"target\":[\"https:\\\/\\\/blogak.argia.eus\\\/montserrat-auzmendi\\\/2016\\\/04\\\/11\\\/musika-klasikoaren-festa\\\/#respond\"]}]},{\"@type\":\"WebPage\",\"@id\":\"https:\\\/\\\/blogak.argia.eus\\\/montserrat-auzmendi\\\/2016\\\/04\\\/11\\\/musika-klasikoaren-festa\\\/\",\"url\":\"https:\\\/\\\/blogak.argia.eus\\\/montserrat-auzmendi\\\/2016\\\/04\\\/11\\\/musika-klasikoaren-festa\\\/\",\"name\":\"Musika klasikoaren festa - Nessun dorma\",\"isPartOf\":{\"@id\":\"https:\\\/\\\/blogak.argia.eus\\\/montserrat-auzmendi\\\/#website\"},\"datePublished\":\"2016-04-11T10:08:37+00:00\",\"author\":{\"@id\":\"https:\\\/\\\/blogak.argia.eus\\\/montserrat-auzmendi\\\/#\\\/schema\\\/person\\\/cf1b934bd411258b08320938e22c81c6\"},\"breadcrumb\":{\"@id\":\"https:\\\/\\\/blogak.argia.eus\\\/montserrat-auzmendi\\\/2016\\\/04\\\/11\\\/musika-klasikoaren-festa\\\/#breadcrumb\"},\"inLanguage\":\"eu\",\"potentialAction\":[{\"@type\":\"ReadAction\",\"target\":[\"https:\\\/\\\/blogak.argia.eus\\\/montserrat-auzmendi\\\/2016\\\/04\\\/11\\\/musika-klasikoaren-festa\\\/\"]}]},{\"@type\":\"BreadcrumbList\",\"@id\":\"https:\\\/\\\/blogak.argia.eus\\\/montserrat-auzmendi\\\/2016\\\/04\\\/11\\\/musika-klasikoaren-festa\\\/#breadcrumb\",\"itemListElement\":[{\"@type\":\"ListItem\",\"position\":1,\"name\":\"Home\",\"item\":\"https:\\\/\\\/blogak.argia.eus\\\/montserrat-auzmendi\\\/\"},{\"@type\":\"ListItem\",\"position\":2,\"name\":\"Musika klasikoaren festa\"}]},{\"@type\":\"WebSite\",\"@id\":\"https:\\\/\\\/blogak.argia.eus\\\/montserrat-auzmendi\\\/#website\",\"url\":\"https:\\\/\\\/blogak.argia.eus\\\/montserrat-auzmendi\\\/\",\"name\":\"Nessun dorma\",\"description\":\"Inork ez dezala lo egin\",\"potentialAction\":[{\"@type\":\"SearchAction\",\"target\":{\"@type\":\"EntryPoint\",\"urlTemplate\":\"https:\\\/\\\/blogak.argia.eus\\\/montserrat-auzmendi\\\/?s={search_term_string}\"},\"query-input\":{\"@type\":\"PropertyValueSpecification\",\"valueRequired\":true,\"valueName\":\"search_term_string\"}}],\"inLanguage\":\"eu\"},{\"@type\":\"Person\",\"@id\":\"https:\\\/\\\/blogak.argia.eus\\\/montserrat-auzmendi\\\/#\\\/schema\\\/person\\\/cf1b934bd411258b08320938e22c81c6\",\"name\":\"Montserrat Auzmendi\",\"image\":{\"@type\":\"ImageObject\",\"inLanguage\":\"eu\",\"@id\":\"https:\\\/\\\/secure.gravatar.com\\\/avatar\\\/ee16250a4bcb81c95b9735eee2375334c3c12cb53da2ec43e0c1a8164567839b?s=96&d=mm&r=g\",\"url\":\"https:\\\/\\\/secure.gravatar.com\\\/avatar\\\/ee16250a4bcb81c95b9735eee2375334c3c12cb53da2ec43e0c1a8164567839b?s=96&d=mm&r=g\",\"contentUrl\":\"https:\\\/\\\/secure.gravatar.com\\\/avatar\\\/ee16250a4bcb81c95b9735eee2375334c3c12cb53da2ec43e0c1a8164567839b?s=96&d=mm&r=g\",\"caption\":\"Montserrat Auzmendi\"},\"url\":\"https:\\\/\\\/blogak.argia.eus\\\/montserrat-auzmendi\\\/author\\\/mauzmendi\\\/\"}]}<\/script>\n<!-- \/ Yoast SEO plugin. -->","yoast_head_json":{"title":"Musika klasikoaren festa - Nessun dorma","robots":{"index":"index","follow":"follow","max-snippet":"max-snippet:-1","max-image-preview":"max-image-preview:large","max-video-preview":"max-video-preview:-1"},"canonical":"https:\/\/blogak.argia.eus\/montserrat-auzmendi\/2016\/04\/11\/musika-klasikoaren-festa\/","og_locale":"en_US","og_type":"article","og_title":"Musika klasikoaren festa - Nessun dorma","og_description":"Fitxa: Musika klasikoaren nazioarteko sarien gala-kontzertua. Euskadiko Orkestra Sinfonikoa. Zuzendaria: Jun M\u00e4rkl. Bakarlariak: Pablo Ferrr\u00e1ndez, Nikolai Song, Christian Lindberg, Lukasz Dlugosz, Dame Felicity Lott, MIchala Petri, Mahan Esfahani, David Violi eta Javier Perianes. Egitaraua: Dvor\u00e1k, Chaminade, Lindberg, Penderecki, Offenbach, Meilhac-Ludovic Hal\u00e9vy, Corelli, Ja\u00ebll eta Ravel-en obrak. Lekua: Kursaal Auditorioa. Data: Apirilaren 1a.","og_url":"https:\/\/blogak.argia.eus\/montserrat-auzmendi\/2016\/04\/11\/musika-klasikoaren-festa\/","og_site_name":"Nessun dorma","article_published_time":"2016-04-11T10:08:37+00:00","author":"Montserrat Auzmendi","twitter_card":"summary_large_image","twitter_misc":{"Written by":"Montserrat Auzmendi","Est. reading time":"2 minutua"},"schema":{"@context":"https:\/\/schema.org","@graph":[{"@type":"Article","@id":"https:\/\/blogak.argia.eus\/montserrat-auzmendi\/2016\/04\/11\/musika-klasikoaren-festa\/#article","isPartOf":{"@id":"https:\/\/blogak.argia.eus\/montserrat-auzmendi\/2016\/04\/11\/musika-klasikoaren-festa\/"},"author":{"name":"Montserrat Auzmendi","@id":"https:\/\/blogak.argia.eus\/montserrat-auzmendi\/#\/schema\/person\/cf1b934bd411258b08320938e22c81c6"},"headline":"Musika klasikoaren festa","datePublished":"2016-04-11T10:08:37+00:00","mainEntityOfPage":{"@id":"https:\/\/blogak.argia.eus\/montserrat-auzmendi\/2016\/04\/11\/musika-klasikoaren-festa\/"},"wordCount":384,"commentCount":0,"keywords":["ICMA","International Classical Music Awards"],"articleSection":["musika kritika"],"inLanguage":"eu","potentialAction":[{"@type":"CommentAction","name":"Comment","target":["https:\/\/blogak.argia.eus\/montserrat-auzmendi\/2016\/04\/11\/musika-klasikoaren-festa\/#respond"]}]},{"@type":"WebPage","@id":"https:\/\/blogak.argia.eus\/montserrat-auzmendi\/2016\/04\/11\/musika-klasikoaren-festa\/","url":"https:\/\/blogak.argia.eus\/montserrat-auzmendi\/2016\/04\/11\/musika-klasikoaren-festa\/","name":"Musika klasikoaren festa - Nessun dorma","isPartOf":{"@id":"https:\/\/blogak.argia.eus\/montserrat-auzmendi\/#website"},"datePublished":"2016-04-11T10:08:37+00:00","author":{"@id":"https:\/\/blogak.argia.eus\/montserrat-auzmendi\/#\/schema\/person\/cf1b934bd411258b08320938e22c81c6"},"breadcrumb":{"@id":"https:\/\/blogak.argia.eus\/montserrat-auzmendi\/2016\/04\/11\/musika-klasikoaren-festa\/#breadcrumb"},"inLanguage":"eu","potentialAction":[{"@type":"ReadAction","target":["https:\/\/blogak.argia.eus\/montserrat-auzmendi\/2016\/04\/11\/musika-klasikoaren-festa\/"]}]},{"@type":"BreadcrumbList","@id":"https:\/\/blogak.argia.eus\/montserrat-auzmendi\/2016\/04\/11\/musika-klasikoaren-festa\/#breadcrumb","itemListElement":[{"@type":"ListItem","position":1,"name":"Home","item":"https:\/\/blogak.argia.eus\/montserrat-auzmendi\/"},{"@type":"ListItem","position":2,"name":"Musika klasikoaren festa"}]},{"@type":"WebSite","@id":"https:\/\/blogak.argia.eus\/montserrat-auzmendi\/#website","url":"https:\/\/blogak.argia.eus\/montserrat-auzmendi\/","name":"Nessun dorma","description":"Inork ez dezala lo egin","potentialAction":[{"@type":"SearchAction","target":{"@type":"EntryPoint","urlTemplate":"https:\/\/blogak.argia.eus\/montserrat-auzmendi\/?s={search_term_string}"},"query-input":{"@type":"PropertyValueSpecification","valueRequired":true,"valueName":"search_term_string"}}],"inLanguage":"eu"},{"@type":"Person","@id":"https:\/\/blogak.argia.eus\/montserrat-auzmendi\/#\/schema\/person\/cf1b934bd411258b08320938e22c81c6","name":"Montserrat Auzmendi","image":{"@type":"ImageObject","inLanguage":"eu","@id":"https:\/\/secure.gravatar.com\/avatar\/ee16250a4bcb81c95b9735eee2375334c3c12cb53da2ec43e0c1a8164567839b?s=96&d=mm&r=g","url":"https:\/\/secure.gravatar.com\/avatar\/ee16250a4bcb81c95b9735eee2375334c3c12cb53da2ec43e0c1a8164567839b?s=96&d=mm&r=g","contentUrl":"https:\/\/secure.gravatar.com\/avatar\/ee16250a4bcb81c95b9735eee2375334c3c12cb53da2ec43e0c1a8164567839b?s=96&d=mm&r=g","caption":"Montserrat Auzmendi"},"url":"https:\/\/blogak.argia.eus\/montserrat-auzmendi\/author\/mauzmendi\/"}]}},"_links":{"self":[{"href":"https:\/\/blogak.argia.eus\/montserrat-auzmendi\/wp-json\/wp\/v2\/posts\/271","targetHints":{"allow":["GET"]}}],"collection":[{"href":"https:\/\/blogak.argia.eus\/montserrat-auzmendi\/wp-json\/wp\/v2\/posts"}],"about":[{"href":"https:\/\/blogak.argia.eus\/montserrat-auzmendi\/wp-json\/wp\/v2\/types\/post"}],"author":[{"embeddable":true,"href":"https:\/\/blogak.argia.eus\/montserrat-auzmendi\/wp-json\/wp\/v2\/users\/13"}],"replies":[{"embeddable":true,"href":"https:\/\/blogak.argia.eus\/montserrat-auzmendi\/wp-json\/wp\/v2\/comments?post=271"}],"version-history":[{"count":0,"href":"https:\/\/blogak.argia.eus\/montserrat-auzmendi\/wp-json\/wp\/v2\/posts\/271\/revisions"}],"wp:attachment":[{"href":"https:\/\/blogak.argia.eus\/montserrat-auzmendi\/wp-json\/wp\/v2\/media?parent=271"}],"wp:term":[{"taxonomy":"category","embeddable":true,"href":"https:\/\/blogak.argia.eus\/montserrat-auzmendi\/wp-json\/wp\/v2\/categories?post=271"},{"taxonomy":"post_tag","embeddable":true,"href":"https:\/\/blogak.argia.eus\/montserrat-auzmendi\/wp-json\/wp\/v2\/tags?post=271"}],"curies":[{"name":"wp","href":"https:\/\/api.w.org\/{rel}","templated":true}]}}