{"id":304,"date":"2016-08-26T01:05:08","date_gmt":"2016-08-25T23:05:08","guid":{"rendered":"http:\/\/www.argia.eus\/blogak\/montserrat-auzmendi\/?p=304"},"modified":"2016-08-26T01:05:08","modified_gmt":"2016-08-25T23:05:08","slug":"magia-mozartiarra","status":"publish","type":"post","link":"https:\/\/blogak.argia.eus\/montserrat-auzmendi\/2016\/08\/26\/magia-mozartiarra\/","title":{"rendered":"Magia mozartiarra"},"content":{"rendered":"<p>Fitxa: Musika Hamabostaldia. Budapest Festival Orchestra. Zuzendaria: Ivan Fischer. Collegium Vocale Gent. Zuzendaria: Benjamin Bayl. Bakarlariak: \u00c1kos \u00c1cs (klarinetea), Lucy Crowe (soprano), Barbara Kozelj (mezzoa), Jos\u00e9 Antonio L\u00f3pez (tenorea), Neal Davies (baxua). Egitaraua: Mozart-en obrak. Lekua: Kursaal Auditorioa. Data: abuztuaren 23a.<!--more--><\/p>\n<p>Jarraitzen dugu Budapest Festival Orchestra zoragarriarekin, baina aldi honetan beste erregistro batean, Mozart interpretatuz hain zuzen ere. Egitarau osoa dedikatu zioten konpositore salzburgotarrari taldearen azkeneko saioan eta, aurreko kontzertuetan bezala, emaitza on-ona izan zen, nahiz eta ez erabateko bikaina.<\/p>\n<p>Dudarik gabe, Ivan Fischer zuzendariak jakin izan zuela Mozart garbi, dotore eta txukuna egiten, baina malgutasun eta distira pittin bat falta zitzaion pastela guztiz gozoa egiteko.<\/p>\n<p>Aldaketa batzuk izan ziren. Alde batetik, Jeremy Ovenden tenorea gaixorik jarri zen eta, horren ordez, Jos\u00e9 Antonio L\u00f3pez aritu zen \u2018Requiem\u2019 obran. Bestalde, hasieran aurreikusita zegoen \u2018Per questa bella mano\u2019 obra ez zuten jo eta \u2018Txirula magikoa\u2019 operaren oberturarekin ireki zuten kontzertua, fintasunez. Jarraian, \u2018Klarinete eta orkestrarako kontzertua la maiorrean, KV 622\u2019 interpretatu zuten. \u00c1kos \u00c1cs klarinete joleak saioaren une ederrenetakoak oparitu zituen, hain gozo eta malgua izan zen bere interpretatzeko era. Oso enpastatuak aritu ziren bai orkestra bai bakarlaria eta emaitza benetan dotorea izan zen.<\/p>\n<p>Azkenik, arratsaldeko plater fuerteena iritsi zen. \u2018Requiem re minorrean, KV 626\u2019 obra ederra eta hunkigarria da, zalantzarik gabe, eta Budapestekoek bertsio neurtua eta zertxobait \u2018luteranoa\u2019 egin zuten, soila. Aitortu behar da izpiritualtasun berezia transmititu zutela, baina, aldi berean, zerbait falta zen momento batzuetan. Pasarte gehienetan entzuleok espresio kanporakoiagoa behar genuen, baina kontrakoa jaso genuen, oso adierazkortasun kontenitua. Collegium Vocale Gent abesbatza doitasunez aritu ziren uneoro, oso enpastatuak, eta bakarlariek aktuazio distiratsuak egin zituzten, batez ere Lucy Crowe sopranoa, beti puntu-puntuan.<\/p>\n","protected":false},"excerpt":{"rendered":"<p>Fitxa: Musika Hamabostaldia. Budapest Festival Orchestra. Zuzendaria: Ivan Fischer. Collegium Vocale Gent. Zuzendaria: Benjamin Bayl. Bakarlariak: \u00c1kos \u00c1cs (klarinetea), Lucy Crowe (soprano), Barbara Kozelj (mezzoa), Jos\u00e9 Antonio L\u00f3pez (tenorea), Neal Davies (baxua). Egitaraua: Mozart-en obrak. Lekua: Kursaal Auditorioa. Data: abuztuaren 23a.<\/p>\n","protected":false},"author":13,"featured_media":0,"comment_status":"open","ping_status":"open","sticky":false,"template":"","format":"standard","meta":{"footnotes":""},"categories":[2],"tags":[12,61,69,116,271,322,384],"class_list":["post-304","post","type-post","status-publish","format-standard","hentry","category-musika-kritika","tag-akos-acs","tag-barbara-kozelj","tag-benjamin-bayl","tag-collegium-vocale-gent","tag-jose-antonio-lopez","tag-lucy-crowe","tag-neal-davies"],"yoast_head":"<!-- This site is optimized with the Yoast SEO plugin v27.3 - https:\/\/yoast.com\/product\/yoast-seo-wordpress\/ -->\n<title>Magia mozartiarra - Nessun dorma<\/title>\n<meta name=\"robots\" content=\"index, follow, max-snippet:-1, max-image-preview:large, max-video-preview:-1\" \/>\n<link rel=\"canonical\" href=\"https:\/\/blogak.argia.eus\/montserrat-auzmendi\/2016\/08\/26\/magia-mozartiarra\/\" \/>\n<meta property=\"og:locale\" content=\"en_US\" \/>\n<meta property=\"og:type\" content=\"article\" \/>\n<meta property=\"og:title\" content=\"Magia mozartiarra - Nessun dorma\" \/>\n<meta property=\"og:description\" content=\"Fitxa: Musika Hamabostaldia. Budapest Festival Orchestra. Zuzendaria: Ivan Fischer. Collegium Vocale Gent. Zuzendaria: Benjamin Bayl. Bakarlariak: \u00c1kos \u00c1cs (klarinetea), Lucy Crowe (soprano), Barbara Kozelj (mezzoa), Jos\u00e9 Antonio L\u00f3pez (tenorea), Neal Davies (baxua). Egitaraua: Mozart-en obrak. Lekua: Kursaal Auditorioa. Data: abuztuaren 23a.\" \/>\n<meta property=\"og:url\" content=\"https:\/\/blogak.argia.eus\/montserrat-auzmendi\/2016\/08\/26\/magia-mozartiarra\/\" \/>\n<meta property=\"og:site_name\" content=\"Nessun dorma\" \/>\n<meta property=\"article:published_time\" content=\"2016-08-25T23:05:08+00:00\" \/>\n<meta name=\"author\" content=\"Montserrat Auzmendi\" \/>\n<meta name=\"twitter:card\" content=\"summary_large_image\" \/>\n<meta name=\"twitter:label1\" content=\"Written by\" \/>\n\t<meta name=\"twitter:data1\" content=\"Montserrat Auzmendi\" \/>\n\t<meta name=\"twitter:label2\" content=\"Est. reading time\" \/>\n\t<meta name=\"twitter:data2\" content=\"1 minutua\" \/>\n<script type=\"application\/ld+json\" class=\"yoast-schema-graph\">{\"@context\":\"https:\\\/\\\/schema.org\",\"@graph\":[{\"@type\":\"Article\",\"@id\":\"https:\\\/\\\/blogak.argia.eus\\\/montserrat-auzmendi\\\/2016\\\/08\\\/26\\\/magia-mozartiarra\\\/#article\",\"isPartOf\":{\"@id\":\"https:\\\/\\\/blogak.argia.eus\\\/montserrat-auzmendi\\\/2016\\\/08\\\/26\\\/magia-mozartiarra\\\/\"},\"author\":{\"name\":\"Montserrat Auzmendi\",\"@id\":\"https:\\\/\\\/blogak.argia.eus\\\/montserrat-auzmendi\\\/#\\\/schema\\\/person\\\/cf1b934bd411258b08320938e22c81c6\"},\"headline\":\"Magia mozartiarra\",\"datePublished\":\"2016-08-25T23:05:08+00:00\",\"mainEntityOfPage\":{\"@id\":\"https:\\\/\\\/blogak.argia.eus\\\/montserrat-auzmendi\\\/2016\\\/08\\\/26\\\/magia-mozartiarra\\\/\"},\"wordCount\":274,\"commentCount\":0,\"keywords\":[\"\u00c1kos \u00c1cs\",\"Barbara Kozelj\",\"Benjamin Bayl\",\"Collegium Vocale Gent\",\"Jos\u00e9 Antonio L\u00f3pez\",\"Lucy Crowe\",\"Neal Davies\"],\"articleSection\":[\"musika kritika\"],\"inLanguage\":\"eu\",\"potentialAction\":[{\"@type\":\"CommentAction\",\"name\":\"Comment\",\"target\":[\"https:\\\/\\\/blogak.argia.eus\\\/montserrat-auzmendi\\\/2016\\\/08\\\/26\\\/magia-mozartiarra\\\/#respond\"]}]},{\"@type\":\"WebPage\",\"@id\":\"https:\\\/\\\/blogak.argia.eus\\\/montserrat-auzmendi\\\/2016\\\/08\\\/26\\\/magia-mozartiarra\\\/\",\"url\":\"https:\\\/\\\/blogak.argia.eus\\\/montserrat-auzmendi\\\/2016\\\/08\\\/26\\\/magia-mozartiarra\\\/\",\"name\":\"Magia mozartiarra - Nessun dorma\",\"isPartOf\":{\"@id\":\"https:\\\/\\\/blogak.argia.eus\\\/montserrat-auzmendi\\\/#website\"},\"datePublished\":\"2016-08-25T23:05:08+00:00\",\"author\":{\"@id\":\"https:\\\/\\\/blogak.argia.eus\\\/montserrat-auzmendi\\\/#\\\/schema\\\/person\\\/cf1b934bd411258b08320938e22c81c6\"},\"breadcrumb\":{\"@id\":\"https:\\\/\\\/blogak.argia.eus\\\/montserrat-auzmendi\\\/2016\\\/08\\\/26\\\/magia-mozartiarra\\\/#breadcrumb\"},\"inLanguage\":\"eu\",\"potentialAction\":[{\"@type\":\"ReadAction\",\"target\":[\"https:\\\/\\\/blogak.argia.eus\\\/montserrat-auzmendi\\\/2016\\\/08\\\/26\\\/magia-mozartiarra\\\/\"]}]},{\"@type\":\"BreadcrumbList\",\"@id\":\"https:\\\/\\\/blogak.argia.eus\\\/montserrat-auzmendi\\\/2016\\\/08\\\/26\\\/magia-mozartiarra\\\/#breadcrumb\",\"itemListElement\":[{\"@type\":\"ListItem\",\"position\":1,\"name\":\"Home\",\"item\":\"https:\\\/\\\/blogak.argia.eus\\\/montserrat-auzmendi\\\/\"},{\"@type\":\"ListItem\",\"position\":2,\"name\":\"Magia mozartiarra\"}]},{\"@type\":\"WebSite\",\"@id\":\"https:\\\/\\\/blogak.argia.eus\\\/montserrat-auzmendi\\\/#website\",\"url\":\"https:\\\/\\\/blogak.argia.eus\\\/montserrat-auzmendi\\\/\",\"name\":\"Nessun dorma\",\"description\":\"Inork ez dezala lo egin\",\"potentialAction\":[{\"@type\":\"SearchAction\",\"target\":{\"@type\":\"EntryPoint\",\"urlTemplate\":\"https:\\\/\\\/blogak.argia.eus\\\/montserrat-auzmendi\\\/?s={search_term_string}\"},\"query-input\":{\"@type\":\"PropertyValueSpecification\",\"valueRequired\":true,\"valueName\":\"search_term_string\"}}],\"inLanguage\":\"eu\"},{\"@type\":\"Person\",\"@id\":\"https:\\\/\\\/blogak.argia.eus\\\/montserrat-auzmendi\\\/#\\\/schema\\\/person\\\/cf1b934bd411258b08320938e22c81c6\",\"name\":\"Montserrat Auzmendi\",\"image\":{\"@type\":\"ImageObject\",\"inLanguage\":\"eu\",\"@id\":\"https:\\\/\\\/secure.gravatar.com\\\/avatar\\\/ee16250a4bcb81c95b9735eee2375334c3c12cb53da2ec43e0c1a8164567839b?s=96&d=mm&r=g\",\"url\":\"https:\\\/\\\/secure.gravatar.com\\\/avatar\\\/ee16250a4bcb81c95b9735eee2375334c3c12cb53da2ec43e0c1a8164567839b?s=96&d=mm&r=g\",\"contentUrl\":\"https:\\\/\\\/secure.gravatar.com\\\/avatar\\\/ee16250a4bcb81c95b9735eee2375334c3c12cb53da2ec43e0c1a8164567839b?s=96&d=mm&r=g\",\"caption\":\"Montserrat Auzmendi\"},\"url\":\"https:\\\/\\\/blogak.argia.eus\\\/montserrat-auzmendi\\\/author\\\/mauzmendi\\\/\"}]}<\/script>\n<!-- \/ Yoast SEO plugin. -->","yoast_head_json":{"title":"Magia mozartiarra - Nessun dorma","robots":{"index":"index","follow":"follow","max-snippet":"max-snippet:-1","max-image-preview":"max-image-preview:large","max-video-preview":"max-video-preview:-1"},"canonical":"https:\/\/blogak.argia.eus\/montserrat-auzmendi\/2016\/08\/26\/magia-mozartiarra\/","og_locale":"en_US","og_type":"article","og_title":"Magia mozartiarra - Nessun dorma","og_description":"Fitxa: Musika Hamabostaldia. Budapest Festival Orchestra. Zuzendaria: Ivan Fischer. Collegium Vocale Gent. Zuzendaria: Benjamin Bayl. Bakarlariak: \u00c1kos \u00c1cs (klarinetea), Lucy Crowe (soprano), Barbara Kozelj (mezzoa), Jos\u00e9 Antonio L\u00f3pez (tenorea), Neal Davies (baxua). Egitaraua: Mozart-en obrak. Lekua: Kursaal Auditorioa. Data: abuztuaren 23a.","og_url":"https:\/\/blogak.argia.eus\/montserrat-auzmendi\/2016\/08\/26\/magia-mozartiarra\/","og_site_name":"Nessun dorma","article_published_time":"2016-08-25T23:05:08+00:00","author":"Montserrat Auzmendi","twitter_card":"summary_large_image","twitter_misc":{"Written by":"Montserrat Auzmendi","Est. reading time":"1 minutua"},"schema":{"@context":"https:\/\/schema.org","@graph":[{"@type":"Article","@id":"https:\/\/blogak.argia.eus\/montserrat-auzmendi\/2016\/08\/26\/magia-mozartiarra\/#article","isPartOf":{"@id":"https:\/\/blogak.argia.eus\/montserrat-auzmendi\/2016\/08\/26\/magia-mozartiarra\/"},"author":{"name":"Montserrat Auzmendi","@id":"https:\/\/blogak.argia.eus\/montserrat-auzmendi\/#\/schema\/person\/cf1b934bd411258b08320938e22c81c6"},"headline":"Magia mozartiarra","datePublished":"2016-08-25T23:05:08+00:00","mainEntityOfPage":{"@id":"https:\/\/blogak.argia.eus\/montserrat-auzmendi\/2016\/08\/26\/magia-mozartiarra\/"},"wordCount":274,"commentCount":0,"keywords":["\u00c1kos \u00c1cs","Barbara Kozelj","Benjamin Bayl","Collegium Vocale Gent","Jos\u00e9 Antonio L\u00f3pez","Lucy Crowe","Neal Davies"],"articleSection":["musika kritika"],"inLanguage":"eu","potentialAction":[{"@type":"CommentAction","name":"Comment","target":["https:\/\/blogak.argia.eus\/montserrat-auzmendi\/2016\/08\/26\/magia-mozartiarra\/#respond"]}]},{"@type":"WebPage","@id":"https:\/\/blogak.argia.eus\/montserrat-auzmendi\/2016\/08\/26\/magia-mozartiarra\/","url":"https:\/\/blogak.argia.eus\/montserrat-auzmendi\/2016\/08\/26\/magia-mozartiarra\/","name":"Magia mozartiarra - Nessun dorma","isPartOf":{"@id":"https:\/\/blogak.argia.eus\/montserrat-auzmendi\/#website"},"datePublished":"2016-08-25T23:05:08+00:00","author":{"@id":"https:\/\/blogak.argia.eus\/montserrat-auzmendi\/#\/schema\/person\/cf1b934bd411258b08320938e22c81c6"},"breadcrumb":{"@id":"https:\/\/blogak.argia.eus\/montserrat-auzmendi\/2016\/08\/26\/magia-mozartiarra\/#breadcrumb"},"inLanguage":"eu","potentialAction":[{"@type":"ReadAction","target":["https:\/\/blogak.argia.eus\/montserrat-auzmendi\/2016\/08\/26\/magia-mozartiarra\/"]}]},{"@type":"BreadcrumbList","@id":"https:\/\/blogak.argia.eus\/montserrat-auzmendi\/2016\/08\/26\/magia-mozartiarra\/#breadcrumb","itemListElement":[{"@type":"ListItem","position":1,"name":"Home","item":"https:\/\/blogak.argia.eus\/montserrat-auzmendi\/"},{"@type":"ListItem","position":2,"name":"Magia mozartiarra"}]},{"@type":"WebSite","@id":"https:\/\/blogak.argia.eus\/montserrat-auzmendi\/#website","url":"https:\/\/blogak.argia.eus\/montserrat-auzmendi\/","name":"Nessun dorma","description":"Inork ez dezala lo egin","potentialAction":[{"@type":"SearchAction","target":{"@type":"EntryPoint","urlTemplate":"https:\/\/blogak.argia.eus\/montserrat-auzmendi\/?s={search_term_string}"},"query-input":{"@type":"PropertyValueSpecification","valueRequired":true,"valueName":"search_term_string"}}],"inLanguage":"eu"},{"@type":"Person","@id":"https:\/\/blogak.argia.eus\/montserrat-auzmendi\/#\/schema\/person\/cf1b934bd411258b08320938e22c81c6","name":"Montserrat Auzmendi","image":{"@type":"ImageObject","inLanguage":"eu","@id":"https:\/\/secure.gravatar.com\/avatar\/ee16250a4bcb81c95b9735eee2375334c3c12cb53da2ec43e0c1a8164567839b?s=96&d=mm&r=g","url":"https:\/\/secure.gravatar.com\/avatar\/ee16250a4bcb81c95b9735eee2375334c3c12cb53da2ec43e0c1a8164567839b?s=96&d=mm&r=g","contentUrl":"https:\/\/secure.gravatar.com\/avatar\/ee16250a4bcb81c95b9735eee2375334c3c12cb53da2ec43e0c1a8164567839b?s=96&d=mm&r=g","caption":"Montserrat Auzmendi"},"url":"https:\/\/blogak.argia.eus\/montserrat-auzmendi\/author\/mauzmendi\/"}]}},"_links":{"self":[{"href":"https:\/\/blogak.argia.eus\/montserrat-auzmendi\/wp-json\/wp\/v2\/posts\/304","targetHints":{"allow":["GET"]}}],"collection":[{"href":"https:\/\/blogak.argia.eus\/montserrat-auzmendi\/wp-json\/wp\/v2\/posts"}],"about":[{"href":"https:\/\/blogak.argia.eus\/montserrat-auzmendi\/wp-json\/wp\/v2\/types\/post"}],"author":[{"embeddable":true,"href":"https:\/\/blogak.argia.eus\/montserrat-auzmendi\/wp-json\/wp\/v2\/users\/13"}],"replies":[{"embeddable":true,"href":"https:\/\/blogak.argia.eus\/montserrat-auzmendi\/wp-json\/wp\/v2\/comments?post=304"}],"version-history":[{"count":0,"href":"https:\/\/blogak.argia.eus\/montserrat-auzmendi\/wp-json\/wp\/v2\/posts\/304\/revisions"}],"wp:attachment":[{"href":"https:\/\/blogak.argia.eus\/montserrat-auzmendi\/wp-json\/wp\/v2\/media?parent=304"}],"wp:term":[{"taxonomy":"category","embeddable":true,"href":"https:\/\/blogak.argia.eus\/montserrat-auzmendi\/wp-json\/wp\/v2\/categories?post=304"},{"taxonomy":"post_tag","embeddable":true,"href":"https:\/\/blogak.argia.eus\/montserrat-auzmendi\/wp-json\/wp\/v2\/tags?post=304"}],"curies":[{"name":"wp","href":"https:\/\/api.w.org\/{rel}","templated":true}]}}