{"id":447,"date":"2019-10-24T18:17:50","date_gmt":"2019-10-24T16:17:50","guid":{"rendered":"https:\/\/www.argia.eus\/blogak\/montserrat-auzmendi\/?p=447"},"modified":"2019-10-24T18:17:50","modified_gmt":"2019-10-24T16:17:50","slug":"denboraldiaren-hasiera-liluragarria","status":"publish","type":"post","link":"https:\/\/blogak.argia.eus\/montserrat-auzmendi\/2019\/10\/24\/denboraldiaren-hasiera-liluragarria\/","title":{"rendered":"Denboraldiaren hasiera liluragarria"},"content":{"rendered":"<p>Fitxa: OLBE-k antolatutako Gaetano Donizetti-ren \u2018Lucia di Lammermoor\u2019. Euskadiko Orkestra Sinfonikoa. Zuzendaria: Riccardo Frizza. Bilboko Operaren Abesbatza. Bakarlariak: Jessica Pratt (sopranoa), Ismael Jordi (tenorea), Juan Jes\u00fas Rodr\u00edguez (baritonoa), Marko Mimica (baxua), Juan Jos\u00e9 de Le\u00f3n (tenorea), Eszena Zuzendaria: Lorenzo Mariani, Eszenografia: Maurizio Bal\u00f3. Data: urriaren 19a. Lekua: Euskalduna Jauregia.<!--more--><\/p>\n<p>&nbsp;<\/p>\n<p>Operazaleok pozez itxaroten dugu OLBE-ren denboraldiaren hasiera. Eta aurten poza bikoitza izan dugu. Alde batetik, titulu eder-ederra, publikoaren kuttuna izan dugulako, eta, bestetik, interpretazio mundialak disfrutatu ditugulako. Behin baino gehiagotan entzun dugu Bilbon Jessica Pratt sopranoa, eta beti aktuazio arrakastatsuak eskaini ditu. Baina aldi honetan sopranoa eta pertsonaia (Lucia di Lammermoor) urtu egin dira interpretazio guztiz sinesgarria, erabat adierazkorra eta teknikoki perfektua emateko. Ahots garbi eta boteretsua luzitu zuen uneoro, agudo errazak eta biribilak eta \u2018charme\u2019 berezi bat taula gainean.<\/p>\n<p>Halere, eta Jessica Pratt-en merezimenduak azpimarratuz, nik uste dut saioaren sorpresa eta harribitxia Ismael Jordi tenore jereztarra izan zela. Perfektua erregistro guztietan, oso sartuta bere rolean, une ameslariak oparitu zituen\u00a0 joan den larunbatean. Edgardo zoragarria egin zuen, ahots koloretsua azalduz, \u00f1abardura guztiak ondo azpimarratuta. Bere \u2018Fra poco a me ricovero\u2019, III. ekitaldikoa, \u00a0emozio hutsa izan zen; eta Jessica Pratt-ekin\u00a0 \u2018Verranno a te sull\u2019aure\u2019 izeneko duoa, I. ekitaldian, benetan oso gozagarria suertatu zen.<\/p>\n<p>Bestalde, Marko Mimica baxuak ahots distiratsu eta boteretsua erakutsi zuen, Raimondo Vidavent pertsonaia ederki marraztuz.<\/p>\n<p>Interpretazio hauez gain, detaile bereziak izan zituen produkzio honek. Adibidez, oso gutxitan erabiltzen den kristalezko harmonika entzuteko aukera izan genuen. Printzipioz Donizetti-k instrumentu hau erabiltzeko agindu zuen bere partitura, \u2018Il dolce suono\u2026 Spargi d\u2019amaro piano\u2019 arian (eromenaren aria), baina praktikan ia kasu guztietan txirulak erabiltzen dira efektu hau lortzeko. Halere, harmonika honek duen kolore eta \u2018zeruko giroa\u2019 ezin da beste soinu tresna batekin lortu. Zinez xarmangarria.<\/p>\n<p>Euskadiko Orkestra Sinfonikoa, Riccardo Frizza-ren batutapean, eraginkortasuanez aritu zen, Bilboko Operaren Abesbatza bezala. Lorenzo Mariani-ren eszena zuzendaritza oso egokia izan zen, eta Maurizio Bal\u00f3-ren eszenografia, ilun eta goibela, perfektuki giruto zuen tragedia eder hau.<\/p>\n","protected":false},"excerpt":{"rendered":"<p>Fitxa: OLBE-k antolatutako Gaetano Donizetti-ren \u2018Lucia di Lammermoor\u2019. Euskadiko Orkestra Sinfonikoa. Zuzendaria: Riccardo Frizza. Bilboko Operaren Abesbatza. Bakarlariak: Jessica Pratt (sopranoa), Ismael Jordi (tenorea), Juan Jes\u00fas Rodr\u00edguez (baritonoa), Marko Mimica (baxua), Juan Jos\u00e9 de Le\u00f3n (tenorea), Eszena Zuzendaria: Lorenzo Mariani, Eszenografia: Maurizio Bal\u00f3. Data: urriaren 19a. Lekua: Euskalduna Jauregia.<\/p>\n","protected":false},"author":13,"featured_media":0,"comment_status":"open","ping_status":"open","sticky":false,"template":"","format":"standard","meta":{"footnotes":""},"categories":[2],"tags":[186,236,252,432],"class_list":["post-447","post","type-post","status-publish","format-standard","hentry","category-musika-kritika","tag-gaetano-donizetti","tag-ismael-jordi","tag-jessica-pratt","tag-riccardo-frizza"],"yoast_head":"<!-- This site is optimized with the Yoast SEO plugin v27.3 - https:\/\/yoast.com\/product\/yoast-seo-wordpress\/ -->\n<title>Denboraldiaren hasiera liluragarria - Nessun dorma<\/title>\n<meta name=\"robots\" content=\"index, follow, max-snippet:-1, max-image-preview:large, max-video-preview:-1\" \/>\n<link rel=\"canonical\" href=\"https:\/\/blogak.argia.eus\/montserrat-auzmendi\/2019\/10\/24\/denboraldiaren-hasiera-liluragarria\/\" \/>\n<meta property=\"og:locale\" content=\"en_US\" \/>\n<meta property=\"og:type\" content=\"article\" \/>\n<meta property=\"og:title\" content=\"Denboraldiaren hasiera liluragarria - Nessun dorma\" \/>\n<meta property=\"og:description\" content=\"Fitxa: OLBE-k antolatutako Gaetano Donizetti-ren \u2018Lucia di Lammermoor\u2019. Euskadiko Orkestra Sinfonikoa. Zuzendaria: Riccardo Frizza. Bilboko Operaren Abesbatza. Bakarlariak: Jessica Pratt (sopranoa), Ismael Jordi (tenorea), Juan Jes\u00fas Rodr\u00edguez (baritonoa), Marko Mimica (baxua), Juan Jos\u00e9 de Le\u00f3n (tenorea), Eszena Zuzendaria: Lorenzo Mariani, Eszenografia: Maurizio Bal\u00f3. Data: urriaren 19a. Lekua: Euskalduna Jauregia.\" \/>\n<meta property=\"og:url\" content=\"https:\/\/blogak.argia.eus\/montserrat-auzmendi\/2019\/10\/24\/denboraldiaren-hasiera-liluragarria\/\" \/>\n<meta property=\"og:site_name\" content=\"Nessun dorma\" \/>\n<meta property=\"article:published_time\" content=\"2019-10-24T16:17:50+00:00\" \/>\n<meta name=\"author\" content=\"Montserrat Auzmendi\" \/>\n<meta name=\"twitter:card\" content=\"summary_large_image\" \/>\n<meta name=\"twitter:label1\" content=\"Written by\" \/>\n\t<meta name=\"twitter:data1\" content=\"Montserrat Auzmendi\" \/>\n\t<meta name=\"twitter:label2\" content=\"Est. reading time\" \/>\n\t<meta name=\"twitter:data2\" content=\"2 minutua\" \/>\n<script type=\"application\/ld+json\" class=\"yoast-schema-graph\">{\"@context\":\"https:\\\/\\\/schema.org\",\"@graph\":[{\"@type\":\"Article\",\"@id\":\"https:\\\/\\\/blogak.argia.eus\\\/montserrat-auzmendi\\\/2019\\\/10\\\/24\\\/denboraldiaren-hasiera-liluragarria\\\/#article\",\"isPartOf\":{\"@id\":\"https:\\\/\\\/blogak.argia.eus\\\/montserrat-auzmendi\\\/2019\\\/10\\\/24\\\/denboraldiaren-hasiera-liluragarria\\\/\"},\"author\":{\"name\":\"Montserrat Auzmendi\",\"@id\":\"https:\\\/\\\/blogak.argia.eus\\\/montserrat-auzmendi\\\/#\\\/schema\\\/person\\\/cf1b934bd411258b08320938e22c81c6\"},\"headline\":\"Denboraldiaren hasiera liluragarria\",\"datePublished\":\"2019-10-24T16:17:50+00:00\",\"mainEntityOfPage\":{\"@id\":\"https:\\\/\\\/blogak.argia.eus\\\/montserrat-auzmendi\\\/2019\\\/10\\\/24\\\/denboraldiaren-hasiera-liluragarria\\\/\"},\"wordCount\":326,\"commentCount\":0,\"keywords\":[\"Gaetano Donizetti\",\"Ismael Jordi\",\"Jessica Pratt\",\"Riccardo Frizza\"],\"articleSection\":[\"musika kritika\"],\"inLanguage\":\"eu\",\"potentialAction\":[{\"@type\":\"CommentAction\",\"name\":\"Comment\",\"target\":[\"https:\\\/\\\/blogak.argia.eus\\\/montserrat-auzmendi\\\/2019\\\/10\\\/24\\\/denboraldiaren-hasiera-liluragarria\\\/#respond\"]}]},{\"@type\":\"WebPage\",\"@id\":\"https:\\\/\\\/blogak.argia.eus\\\/montserrat-auzmendi\\\/2019\\\/10\\\/24\\\/denboraldiaren-hasiera-liluragarria\\\/\",\"url\":\"https:\\\/\\\/blogak.argia.eus\\\/montserrat-auzmendi\\\/2019\\\/10\\\/24\\\/denboraldiaren-hasiera-liluragarria\\\/\",\"name\":\"Denboraldiaren hasiera liluragarria - Nessun dorma\",\"isPartOf\":{\"@id\":\"https:\\\/\\\/blogak.argia.eus\\\/montserrat-auzmendi\\\/#website\"},\"datePublished\":\"2019-10-24T16:17:50+00:00\",\"author\":{\"@id\":\"https:\\\/\\\/blogak.argia.eus\\\/montserrat-auzmendi\\\/#\\\/schema\\\/person\\\/cf1b934bd411258b08320938e22c81c6\"},\"breadcrumb\":{\"@id\":\"https:\\\/\\\/blogak.argia.eus\\\/montserrat-auzmendi\\\/2019\\\/10\\\/24\\\/denboraldiaren-hasiera-liluragarria\\\/#breadcrumb\"},\"inLanguage\":\"eu\",\"potentialAction\":[{\"@type\":\"ReadAction\",\"target\":[\"https:\\\/\\\/blogak.argia.eus\\\/montserrat-auzmendi\\\/2019\\\/10\\\/24\\\/denboraldiaren-hasiera-liluragarria\\\/\"]}]},{\"@type\":\"BreadcrumbList\",\"@id\":\"https:\\\/\\\/blogak.argia.eus\\\/montserrat-auzmendi\\\/2019\\\/10\\\/24\\\/denboraldiaren-hasiera-liluragarria\\\/#breadcrumb\",\"itemListElement\":[{\"@type\":\"ListItem\",\"position\":1,\"name\":\"Home\",\"item\":\"https:\\\/\\\/blogak.argia.eus\\\/montserrat-auzmendi\\\/\"},{\"@type\":\"ListItem\",\"position\":2,\"name\":\"Denboraldiaren hasiera liluragarria\"}]},{\"@type\":\"WebSite\",\"@id\":\"https:\\\/\\\/blogak.argia.eus\\\/montserrat-auzmendi\\\/#website\",\"url\":\"https:\\\/\\\/blogak.argia.eus\\\/montserrat-auzmendi\\\/\",\"name\":\"Nessun dorma\",\"description\":\"Inork ez dezala lo egin\",\"potentialAction\":[{\"@type\":\"SearchAction\",\"target\":{\"@type\":\"EntryPoint\",\"urlTemplate\":\"https:\\\/\\\/blogak.argia.eus\\\/montserrat-auzmendi\\\/?s={search_term_string}\"},\"query-input\":{\"@type\":\"PropertyValueSpecification\",\"valueRequired\":true,\"valueName\":\"search_term_string\"}}],\"inLanguage\":\"eu\"},{\"@type\":\"Person\",\"@id\":\"https:\\\/\\\/blogak.argia.eus\\\/montserrat-auzmendi\\\/#\\\/schema\\\/person\\\/cf1b934bd411258b08320938e22c81c6\",\"name\":\"Montserrat Auzmendi\",\"image\":{\"@type\":\"ImageObject\",\"inLanguage\":\"eu\",\"@id\":\"https:\\\/\\\/secure.gravatar.com\\\/avatar\\\/ee16250a4bcb81c95b9735eee2375334c3c12cb53da2ec43e0c1a8164567839b?s=96&d=mm&r=g\",\"url\":\"https:\\\/\\\/secure.gravatar.com\\\/avatar\\\/ee16250a4bcb81c95b9735eee2375334c3c12cb53da2ec43e0c1a8164567839b?s=96&d=mm&r=g\",\"contentUrl\":\"https:\\\/\\\/secure.gravatar.com\\\/avatar\\\/ee16250a4bcb81c95b9735eee2375334c3c12cb53da2ec43e0c1a8164567839b?s=96&d=mm&r=g\",\"caption\":\"Montserrat Auzmendi\"},\"url\":\"https:\\\/\\\/blogak.argia.eus\\\/montserrat-auzmendi\\\/author\\\/mauzmendi\\\/\"}]}<\/script>\n<!-- \/ Yoast SEO plugin. -->","yoast_head_json":{"title":"Denboraldiaren hasiera liluragarria - Nessun dorma","robots":{"index":"index","follow":"follow","max-snippet":"max-snippet:-1","max-image-preview":"max-image-preview:large","max-video-preview":"max-video-preview:-1"},"canonical":"https:\/\/blogak.argia.eus\/montserrat-auzmendi\/2019\/10\/24\/denboraldiaren-hasiera-liluragarria\/","og_locale":"en_US","og_type":"article","og_title":"Denboraldiaren hasiera liluragarria - Nessun dorma","og_description":"Fitxa: OLBE-k antolatutako Gaetano Donizetti-ren \u2018Lucia di Lammermoor\u2019. Euskadiko Orkestra Sinfonikoa. Zuzendaria: Riccardo Frizza. Bilboko Operaren Abesbatza. Bakarlariak: Jessica Pratt (sopranoa), Ismael Jordi (tenorea), Juan Jes\u00fas Rodr\u00edguez (baritonoa), Marko Mimica (baxua), Juan Jos\u00e9 de Le\u00f3n (tenorea), Eszena Zuzendaria: Lorenzo Mariani, Eszenografia: Maurizio Bal\u00f3. Data: urriaren 19a. Lekua: Euskalduna Jauregia.","og_url":"https:\/\/blogak.argia.eus\/montserrat-auzmendi\/2019\/10\/24\/denboraldiaren-hasiera-liluragarria\/","og_site_name":"Nessun dorma","article_published_time":"2019-10-24T16:17:50+00:00","author":"Montserrat Auzmendi","twitter_card":"summary_large_image","twitter_misc":{"Written by":"Montserrat Auzmendi","Est. reading time":"2 minutua"},"schema":{"@context":"https:\/\/schema.org","@graph":[{"@type":"Article","@id":"https:\/\/blogak.argia.eus\/montserrat-auzmendi\/2019\/10\/24\/denboraldiaren-hasiera-liluragarria\/#article","isPartOf":{"@id":"https:\/\/blogak.argia.eus\/montserrat-auzmendi\/2019\/10\/24\/denboraldiaren-hasiera-liluragarria\/"},"author":{"name":"Montserrat Auzmendi","@id":"https:\/\/blogak.argia.eus\/montserrat-auzmendi\/#\/schema\/person\/cf1b934bd411258b08320938e22c81c6"},"headline":"Denboraldiaren hasiera liluragarria","datePublished":"2019-10-24T16:17:50+00:00","mainEntityOfPage":{"@id":"https:\/\/blogak.argia.eus\/montserrat-auzmendi\/2019\/10\/24\/denboraldiaren-hasiera-liluragarria\/"},"wordCount":326,"commentCount":0,"keywords":["Gaetano Donizetti","Ismael Jordi","Jessica Pratt","Riccardo Frizza"],"articleSection":["musika kritika"],"inLanguage":"eu","potentialAction":[{"@type":"CommentAction","name":"Comment","target":["https:\/\/blogak.argia.eus\/montserrat-auzmendi\/2019\/10\/24\/denboraldiaren-hasiera-liluragarria\/#respond"]}]},{"@type":"WebPage","@id":"https:\/\/blogak.argia.eus\/montserrat-auzmendi\/2019\/10\/24\/denboraldiaren-hasiera-liluragarria\/","url":"https:\/\/blogak.argia.eus\/montserrat-auzmendi\/2019\/10\/24\/denboraldiaren-hasiera-liluragarria\/","name":"Denboraldiaren hasiera liluragarria - Nessun dorma","isPartOf":{"@id":"https:\/\/blogak.argia.eus\/montserrat-auzmendi\/#website"},"datePublished":"2019-10-24T16:17:50+00:00","author":{"@id":"https:\/\/blogak.argia.eus\/montserrat-auzmendi\/#\/schema\/person\/cf1b934bd411258b08320938e22c81c6"},"breadcrumb":{"@id":"https:\/\/blogak.argia.eus\/montserrat-auzmendi\/2019\/10\/24\/denboraldiaren-hasiera-liluragarria\/#breadcrumb"},"inLanguage":"eu","potentialAction":[{"@type":"ReadAction","target":["https:\/\/blogak.argia.eus\/montserrat-auzmendi\/2019\/10\/24\/denboraldiaren-hasiera-liluragarria\/"]}]},{"@type":"BreadcrumbList","@id":"https:\/\/blogak.argia.eus\/montserrat-auzmendi\/2019\/10\/24\/denboraldiaren-hasiera-liluragarria\/#breadcrumb","itemListElement":[{"@type":"ListItem","position":1,"name":"Home","item":"https:\/\/blogak.argia.eus\/montserrat-auzmendi\/"},{"@type":"ListItem","position":2,"name":"Denboraldiaren hasiera liluragarria"}]},{"@type":"WebSite","@id":"https:\/\/blogak.argia.eus\/montserrat-auzmendi\/#website","url":"https:\/\/blogak.argia.eus\/montserrat-auzmendi\/","name":"Nessun dorma","description":"Inork ez dezala lo egin","potentialAction":[{"@type":"SearchAction","target":{"@type":"EntryPoint","urlTemplate":"https:\/\/blogak.argia.eus\/montserrat-auzmendi\/?s={search_term_string}"},"query-input":{"@type":"PropertyValueSpecification","valueRequired":true,"valueName":"search_term_string"}}],"inLanguage":"eu"},{"@type":"Person","@id":"https:\/\/blogak.argia.eus\/montserrat-auzmendi\/#\/schema\/person\/cf1b934bd411258b08320938e22c81c6","name":"Montserrat Auzmendi","image":{"@type":"ImageObject","inLanguage":"eu","@id":"https:\/\/secure.gravatar.com\/avatar\/ee16250a4bcb81c95b9735eee2375334c3c12cb53da2ec43e0c1a8164567839b?s=96&d=mm&r=g","url":"https:\/\/secure.gravatar.com\/avatar\/ee16250a4bcb81c95b9735eee2375334c3c12cb53da2ec43e0c1a8164567839b?s=96&d=mm&r=g","contentUrl":"https:\/\/secure.gravatar.com\/avatar\/ee16250a4bcb81c95b9735eee2375334c3c12cb53da2ec43e0c1a8164567839b?s=96&d=mm&r=g","caption":"Montserrat Auzmendi"},"url":"https:\/\/blogak.argia.eus\/montserrat-auzmendi\/author\/mauzmendi\/"}]}},"_links":{"self":[{"href":"https:\/\/blogak.argia.eus\/montserrat-auzmendi\/wp-json\/wp\/v2\/posts\/447","targetHints":{"allow":["GET"]}}],"collection":[{"href":"https:\/\/blogak.argia.eus\/montserrat-auzmendi\/wp-json\/wp\/v2\/posts"}],"about":[{"href":"https:\/\/blogak.argia.eus\/montserrat-auzmendi\/wp-json\/wp\/v2\/types\/post"}],"author":[{"embeddable":true,"href":"https:\/\/blogak.argia.eus\/montserrat-auzmendi\/wp-json\/wp\/v2\/users\/13"}],"replies":[{"embeddable":true,"href":"https:\/\/blogak.argia.eus\/montserrat-auzmendi\/wp-json\/wp\/v2\/comments?post=447"}],"version-history":[{"count":0,"href":"https:\/\/blogak.argia.eus\/montserrat-auzmendi\/wp-json\/wp\/v2\/posts\/447\/revisions"}],"wp:attachment":[{"href":"https:\/\/blogak.argia.eus\/montserrat-auzmendi\/wp-json\/wp\/v2\/media?parent=447"}],"wp:term":[{"taxonomy":"category","embeddable":true,"href":"https:\/\/blogak.argia.eus\/montserrat-auzmendi\/wp-json\/wp\/v2\/categories?post=447"},{"taxonomy":"post_tag","embeddable":true,"href":"https:\/\/blogak.argia.eus\/montserrat-auzmendi\/wp-json\/wp\/v2\/tags?post=447"}],"curies":[{"name":"wp","href":"https:\/\/api.w.org\/{rel}","templated":true}]}}