{"id":453,"date":"2019-11-28T18:57:16","date_gmt":"2019-11-28T17:57:16","guid":{"rendered":"https:\/\/www.argia.eus\/blogak\/montserrat-auzmendi\/?p=453"},"modified":"2019-11-28T18:57:16","modified_gmt":"2019-11-28T17:57:16","slug":"zaila-eta-arrakastatsua","status":"publish","type":"post","link":"https:\/\/blogak.argia.eus\/montserrat-auzmendi\/2019\/11\/28\/zaila-eta-arrakastatsua\/","title":{"rendered":"Zaila eta arrakastatsua"},"content":{"rendered":"<p>Fitxa: OLBE-k antolatutako Verdi-ren \u2018J\u00e9rusalem\u2019 opera. Bilbao Orkestra Sinfonikoa. Zuzendaria: Francesco Ivan Ciampa. Bilboko Operaren Abesbatza. Zuzendaria: Boris Dujin. Eszena Zuzendaria: Freancisco Negr\u00edn. Bakarlariak: Roc\u00edo Ignacio sopranoa, Jorge de Le\u00f3n tenorea, Michele Pertusi baxua, Pablo G\u00e1lvez baritonoa, Fernando Latorre baxu baritonoa.<!--more--><\/p>\n<p>&nbsp;<\/p>\n<p>Ez da erraza opera baten kalibrearen ekoizpen bat egitea opera hori ia antzezten ez denean. Hauxe izan da Verdi-ren \u2018J\u00e9rusalem\u2019 operaren kasua. Bilbon antzeztu da lehen aldiz Estatu osoan, Europan oso gutxitan programatzen da eta Ekialdean are gutxiago. Beraz, zaila da obra honen erreferente bat bilatzea.<\/p>\n<p>Hori dela eta, miresgarriagoa da OLBEk Theater Bonn-ekin batera eskainitako produkzioa, irudimentsua, inpaktu bisual eta emozioz betea duena.<\/p>\n<p>Euskalduna Jauregian ikus eta entzuteko aukera izan genuen, beraz, ia bazterturik dagoen Verdi-ren maisulan bat. Saiora joan eta gero, egia esan, ez dakigu zehazki bazterketa honen arrazoia. Oso lan gustagarria da, istorio epikoa kontatzen da non amodio eta pasioa oso garrantzitsuak diren. Eta Verdi-ren oparotasun melodikoa erabat presente dago aria eta abesbatzaren pasarte bakoitzean.<\/p>\n<p>Bilbon izandako emanaldian azpimarragarriak izan ziren Tomas Roscher-en argiztapena, ederra eta efektuduna, eta Paco Azor\u00edn-en eszenografia sinple baina zirraragarria.<\/p>\n<p>Eta, hori bai, bakarlariek beren onena eman zuten dudarik gabe. Roc\u00edo Ignacio H\u00e9l\u00e8ne boteretsua egin zuen. Errekurtso bokal izugarriak erakutsi zituen eta momentu ahaztezinak oparitu zituen, <em>\u2018Quelle ivresse\u2019<\/em> arian edo <em>\u2018Non ce bruit ce n\u2019est rien\u2026 adieu mon bien aim\u00e9\u2019<\/em> duoan bezala<\/p>\n<p>Bestalde, Jorge de Le\u00f3n tenore tenerifetarrak behar den sakontasuna eman zion Gaston pertsonaiari, ahots koloretsua azalduz uneoro. Michele Pertusi baxu parmatarrak taxu eta adierazkortasun bereziak erakutsi zituen. Bilbao Orkestra Sinfonikoak zintzotasunez jarraitu zituen Francesco Ivan Ciampa zuzendariaren aginduak, enpaste dotorea lortuz, eta Bilboko Operaren Abesbatzak doi-doi bete zuen bere papera. Bikain.<\/p>\n","protected":false},"excerpt":{"rendered":"<p>Fitxa: OLBE-k antolatutako Verdi-ren \u2018J\u00e9rusalem\u2019 opera. Bilbao Orkestra Sinfonikoa. Zuzendaria: Francesco Ivan Ciampa. Bilboko Operaren Abesbatza. Zuzendaria: Boris Dujin. Eszena Zuzendaria: Freancisco Negr\u00edn. Bakarlariak: Roc\u00edo Ignacio sopranoa, Jorge de Le\u00f3n tenorea, Michele Pertusi baxua, Pablo G\u00e1lvez baritonoa, Fernando Latorre baxu baritonoa.<\/p>\n","protected":false},"author":13,"featured_media":0,"comment_status":"open","ping_status":"open","sticky":false,"template":"","format":"standard","meta":{"footnotes":""},"categories":[2],"tags":[178,200,268,364,441],"class_list":["post-453","post","type-post","status-publish","format-standard","hentry","category-musika-kritika","tag-francesco-ivan-ciampa","tag-giuseppe-verdi","tag-jorge-de-leon","tag-michele-pertusi","tag-rocio-ignacio"],"yoast_head":"<!-- This site is optimized with the Yoast SEO plugin v27.3 - https:\/\/yoast.com\/product\/yoast-seo-wordpress\/ -->\n<title>Zaila eta arrakastatsua - Nessun dorma<\/title>\n<meta name=\"robots\" content=\"index, follow, max-snippet:-1, max-image-preview:large, max-video-preview:-1\" \/>\n<link rel=\"canonical\" href=\"https:\/\/blogak.argia.eus\/montserrat-auzmendi\/2019\/11\/28\/zaila-eta-arrakastatsua\/\" \/>\n<meta property=\"og:locale\" content=\"en_US\" \/>\n<meta property=\"og:type\" content=\"article\" \/>\n<meta property=\"og:title\" content=\"Zaila eta arrakastatsua - Nessun dorma\" \/>\n<meta property=\"og:description\" content=\"Fitxa: OLBE-k antolatutako Verdi-ren \u2018J\u00e9rusalem\u2019 opera. Bilbao Orkestra Sinfonikoa. Zuzendaria: Francesco Ivan Ciampa. Bilboko Operaren Abesbatza. Zuzendaria: Boris Dujin. Eszena Zuzendaria: Freancisco Negr\u00edn. Bakarlariak: Roc\u00edo Ignacio sopranoa, Jorge de Le\u00f3n tenorea, Michele Pertusi baxua, Pablo G\u00e1lvez baritonoa, Fernando Latorre baxu baritonoa.\" \/>\n<meta property=\"og:url\" content=\"https:\/\/blogak.argia.eus\/montserrat-auzmendi\/2019\/11\/28\/zaila-eta-arrakastatsua\/\" \/>\n<meta property=\"og:site_name\" content=\"Nessun dorma\" \/>\n<meta property=\"article:published_time\" content=\"2019-11-28T17:57:16+00:00\" \/>\n<meta name=\"author\" content=\"Montserrat Auzmendi\" \/>\n<meta name=\"twitter:card\" content=\"summary_large_image\" \/>\n<meta name=\"twitter:label1\" content=\"Written by\" \/>\n\t<meta name=\"twitter:data1\" content=\"Montserrat Auzmendi\" \/>\n\t<meta name=\"twitter:label2\" content=\"Est. reading time\" \/>\n\t<meta name=\"twitter:data2\" content=\"1 minutua\" \/>\n<script type=\"application\/ld+json\" class=\"yoast-schema-graph\">{\"@context\":\"https:\\\/\\\/schema.org\",\"@graph\":[{\"@type\":\"Article\",\"@id\":\"https:\\\/\\\/blogak.argia.eus\\\/montserrat-auzmendi\\\/2019\\\/11\\\/28\\\/zaila-eta-arrakastatsua\\\/#article\",\"isPartOf\":{\"@id\":\"https:\\\/\\\/blogak.argia.eus\\\/montserrat-auzmendi\\\/2019\\\/11\\\/28\\\/zaila-eta-arrakastatsua\\\/\"},\"author\":{\"name\":\"Montserrat Auzmendi\",\"@id\":\"https:\\\/\\\/blogak.argia.eus\\\/montserrat-auzmendi\\\/#\\\/schema\\\/person\\\/cf1b934bd411258b08320938e22c81c6\"},\"headline\":\"Zaila eta arrakastatsua\",\"datePublished\":\"2019-11-28T17:57:16+00:00\",\"mainEntityOfPage\":{\"@id\":\"https:\\\/\\\/blogak.argia.eus\\\/montserrat-auzmendi\\\/2019\\\/11\\\/28\\\/zaila-eta-arrakastatsua\\\/\"},\"wordCount\":287,\"commentCount\":0,\"keywords\":[\"Francesco Ivan Ciampa\",\"Giuseppe Verdi\",\"Jorge de Le\u00f3n\",\"Michele Pertusi\",\"Roc\u00edo Ignacio\"],\"articleSection\":[\"musika kritika\"],\"inLanguage\":\"eu\",\"potentialAction\":[{\"@type\":\"CommentAction\",\"name\":\"Comment\",\"target\":[\"https:\\\/\\\/blogak.argia.eus\\\/montserrat-auzmendi\\\/2019\\\/11\\\/28\\\/zaila-eta-arrakastatsua\\\/#respond\"]}]},{\"@type\":\"WebPage\",\"@id\":\"https:\\\/\\\/blogak.argia.eus\\\/montserrat-auzmendi\\\/2019\\\/11\\\/28\\\/zaila-eta-arrakastatsua\\\/\",\"url\":\"https:\\\/\\\/blogak.argia.eus\\\/montserrat-auzmendi\\\/2019\\\/11\\\/28\\\/zaila-eta-arrakastatsua\\\/\",\"name\":\"Zaila eta arrakastatsua - Nessun dorma\",\"isPartOf\":{\"@id\":\"https:\\\/\\\/blogak.argia.eus\\\/montserrat-auzmendi\\\/#website\"},\"datePublished\":\"2019-11-28T17:57:16+00:00\",\"author\":{\"@id\":\"https:\\\/\\\/blogak.argia.eus\\\/montserrat-auzmendi\\\/#\\\/schema\\\/person\\\/cf1b934bd411258b08320938e22c81c6\"},\"breadcrumb\":{\"@id\":\"https:\\\/\\\/blogak.argia.eus\\\/montserrat-auzmendi\\\/2019\\\/11\\\/28\\\/zaila-eta-arrakastatsua\\\/#breadcrumb\"},\"inLanguage\":\"eu\",\"potentialAction\":[{\"@type\":\"ReadAction\",\"target\":[\"https:\\\/\\\/blogak.argia.eus\\\/montserrat-auzmendi\\\/2019\\\/11\\\/28\\\/zaila-eta-arrakastatsua\\\/\"]}]},{\"@type\":\"BreadcrumbList\",\"@id\":\"https:\\\/\\\/blogak.argia.eus\\\/montserrat-auzmendi\\\/2019\\\/11\\\/28\\\/zaila-eta-arrakastatsua\\\/#breadcrumb\",\"itemListElement\":[{\"@type\":\"ListItem\",\"position\":1,\"name\":\"Home\",\"item\":\"https:\\\/\\\/blogak.argia.eus\\\/montserrat-auzmendi\\\/\"},{\"@type\":\"ListItem\",\"position\":2,\"name\":\"Zaila eta arrakastatsua\"}]},{\"@type\":\"WebSite\",\"@id\":\"https:\\\/\\\/blogak.argia.eus\\\/montserrat-auzmendi\\\/#website\",\"url\":\"https:\\\/\\\/blogak.argia.eus\\\/montserrat-auzmendi\\\/\",\"name\":\"Nessun dorma\",\"description\":\"Inork ez dezala lo egin\",\"potentialAction\":[{\"@type\":\"SearchAction\",\"target\":{\"@type\":\"EntryPoint\",\"urlTemplate\":\"https:\\\/\\\/blogak.argia.eus\\\/montserrat-auzmendi\\\/?s={search_term_string}\"},\"query-input\":{\"@type\":\"PropertyValueSpecification\",\"valueRequired\":true,\"valueName\":\"search_term_string\"}}],\"inLanguage\":\"eu\"},{\"@type\":\"Person\",\"@id\":\"https:\\\/\\\/blogak.argia.eus\\\/montserrat-auzmendi\\\/#\\\/schema\\\/person\\\/cf1b934bd411258b08320938e22c81c6\",\"name\":\"Montserrat Auzmendi\",\"image\":{\"@type\":\"ImageObject\",\"inLanguage\":\"eu\",\"@id\":\"https:\\\/\\\/secure.gravatar.com\\\/avatar\\\/ee16250a4bcb81c95b9735eee2375334c3c12cb53da2ec43e0c1a8164567839b?s=96&d=mm&r=g\",\"url\":\"https:\\\/\\\/secure.gravatar.com\\\/avatar\\\/ee16250a4bcb81c95b9735eee2375334c3c12cb53da2ec43e0c1a8164567839b?s=96&d=mm&r=g\",\"contentUrl\":\"https:\\\/\\\/secure.gravatar.com\\\/avatar\\\/ee16250a4bcb81c95b9735eee2375334c3c12cb53da2ec43e0c1a8164567839b?s=96&d=mm&r=g\",\"caption\":\"Montserrat Auzmendi\"},\"url\":\"https:\\\/\\\/blogak.argia.eus\\\/montserrat-auzmendi\\\/author\\\/mauzmendi\\\/\"}]}<\/script>\n<!-- \/ Yoast SEO plugin. -->","yoast_head_json":{"title":"Zaila eta arrakastatsua - Nessun dorma","robots":{"index":"index","follow":"follow","max-snippet":"max-snippet:-1","max-image-preview":"max-image-preview:large","max-video-preview":"max-video-preview:-1"},"canonical":"https:\/\/blogak.argia.eus\/montserrat-auzmendi\/2019\/11\/28\/zaila-eta-arrakastatsua\/","og_locale":"en_US","og_type":"article","og_title":"Zaila eta arrakastatsua - Nessun dorma","og_description":"Fitxa: OLBE-k antolatutako Verdi-ren \u2018J\u00e9rusalem\u2019 opera. Bilbao Orkestra Sinfonikoa. Zuzendaria: Francesco Ivan Ciampa. Bilboko Operaren Abesbatza. Zuzendaria: Boris Dujin. Eszena Zuzendaria: Freancisco Negr\u00edn. Bakarlariak: Roc\u00edo Ignacio sopranoa, Jorge de Le\u00f3n tenorea, Michele Pertusi baxua, Pablo G\u00e1lvez baritonoa, Fernando Latorre baxu baritonoa.","og_url":"https:\/\/blogak.argia.eus\/montserrat-auzmendi\/2019\/11\/28\/zaila-eta-arrakastatsua\/","og_site_name":"Nessun dorma","article_published_time":"2019-11-28T17:57:16+00:00","author":"Montserrat Auzmendi","twitter_card":"summary_large_image","twitter_misc":{"Written by":"Montserrat Auzmendi","Est. reading time":"1 minutua"},"schema":{"@context":"https:\/\/schema.org","@graph":[{"@type":"Article","@id":"https:\/\/blogak.argia.eus\/montserrat-auzmendi\/2019\/11\/28\/zaila-eta-arrakastatsua\/#article","isPartOf":{"@id":"https:\/\/blogak.argia.eus\/montserrat-auzmendi\/2019\/11\/28\/zaila-eta-arrakastatsua\/"},"author":{"name":"Montserrat Auzmendi","@id":"https:\/\/blogak.argia.eus\/montserrat-auzmendi\/#\/schema\/person\/cf1b934bd411258b08320938e22c81c6"},"headline":"Zaila eta arrakastatsua","datePublished":"2019-11-28T17:57:16+00:00","mainEntityOfPage":{"@id":"https:\/\/blogak.argia.eus\/montserrat-auzmendi\/2019\/11\/28\/zaila-eta-arrakastatsua\/"},"wordCount":287,"commentCount":0,"keywords":["Francesco Ivan Ciampa","Giuseppe Verdi","Jorge de Le\u00f3n","Michele Pertusi","Roc\u00edo Ignacio"],"articleSection":["musika kritika"],"inLanguage":"eu","potentialAction":[{"@type":"CommentAction","name":"Comment","target":["https:\/\/blogak.argia.eus\/montserrat-auzmendi\/2019\/11\/28\/zaila-eta-arrakastatsua\/#respond"]}]},{"@type":"WebPage","@id":"https:\/\/blogak.argia.eus\/montserrat-auzmendi\/2019\/11\/28\/zaila-eta-arrakastatsua\/","url":"https:\/\/blogak.argia.eus\/montserrat-auzmendi\/2019\/11\/28\/zaila-eta-arrakastatsua\/","name":"Zaila eta arrakastatsua - Nessun dorma","isPartOf":{"@id":"https:\/\/blogak.argia.eus\/montserrat-auzmendi\/#website"},"datePublished":"2019-11-28T17:57:16+00:00","author":{"@id":"https:\/\/blogak.argia.eus\/montserrat-auzmendi\/#\/schema\/person\/cf1b934bd411258b08320938e22c81c6"},"breadcrumb":{"@id":"https:\/\/blogak.argia.eus\/montserrat-auzmendi\/2019\/11\/28\/zaila-eta-arrakastatsua\/#breadcrumb"},"inLanguage":"eu","potentialAction":[{"@type":"ReadAction","target":["https:\/\/blogak.argia.eus\/montserrat-auzmendi\/2019\/11\/28\/zaila-eta-arrakastatsua\/"]}]},{"@type":"BreadcrumbList","@id":"https:\/\/blogak.argia.eus\/montserrat-auzmendi\/2019\/11\/28\/zaila-eta-arrakastatsua\/#breadcrumb","itemListElement":[{"@type":"ListItem","position":1,"name":"Home","item":"https:\/\/blogak.argia.eus\/montserrat-auzmendi\/"},{"@type":"ListItem","position":2,"name":"Zaila eta arrakastatsua"}]},{"@type":"WebSite","@id":"https:\/\/blogak.argia.eus\/montserrat-auzmendi\/#website","url":"https:\/\/blogak.argia.eus\/montserrat-auzmendi\/","name":"Nessun dorma","description":"Inork ez dezala lo egin","potentialAction":[{"@type":"SearchAction","target":{"@type":"EntryPoint","urlTemplate":"https:\/\/blogak.argia.eus\/montserrat-auzmendi\/?s={search_term_string}"},"query-input":{"@type":"PropertyValueSpecification","valueRequired":true,"valueName":"search_term_string"}}],"inLanguage":"eu"},{"@type":"Person","@id":"https:\/\/blogak.argia.eus\/montserrat-auzmendi\/#\/schema\/person\/cf1b934bd411258b08320938e22c81c6","name":"Montserrat Auzmendi","image":{"@type":"ImageObject","inLanguage":"eu","@id":"https:\/\/secure.gravatar.com\/avatar\/ee16250a4bcb81c95b9735eee2375334c3c12cb53da2ec43e0c1a8164567839b?s=96&d=mm&r=g","url":"https:\/\/secure.gravatar.com\/avatar\/ee16250a4bcb81c95b9735eee2375334c3c12cb53da2ec43e0c1a8164567839b?s=96&d=mm&r=g","contentUrl":"https:\/\/secure.gravatar.com\/avatar\/ee16250a4bcb81c95b9735eee2375334c3c12cb53da2ec43e0c1a8164567839b?s=96&d=mm&r=g","caption":"Montserrat Auzmendi"},"url":"https:\/\/blogak.argia.eus\/montserrat-auzmendi\/author\/mauzmendi\/"}]}},"_links":{"self":[{"href":"https:\/\/blogak.argia.eus\/montserrat-auzmendi\/wp-json\/wp\/v2\/posts\/453","targetHints":{"allow":["GET"]}}],"collection":[{"href":"https:\/\/blogak.argia.eus\/montserrat-auzmendi\/wp-json\/wp\/v2\/posts"}],"about":[{"href":"https:\/\/blogak.argia.eus\/montserrat-auzmendi\/wp-json\/wp\/v2\/types\/post"}],"author":[{"embeddable":true,"href":"https:\/\/blogak.argia.eus\/montserrat-auzmendi\/wp-json\/wp\/v2\/users\/13"}],"replies":[{"embeddable":true,"href":"https:\/\/blogak.argia.eus\/montserrat-auzmendi\/wp-json\/wp\/v2\/comments?post=453"}],"version-history":[{"count":0,"href":"https:\/\/blogak.argia.eus\/montserrat-auzmendi\/wp-json\/wp\/v2\/posts\/453\/revisions"}],"wp:attachment":[{"href":"https:\/\/blogak.argia.eus\/montserrat-auzmendi\/wp-json\/wp\/v2\/media?parent=453"}],"wp:term":[{"taxonomy":"category","embeddable":true,"href":"https:\/\/blogak.argia.eus\/montserrat-auzmendi\/wp-json\/wp\/v2\/categories?post=453"},{"taxonomy":"post_tag","embeddable":true,"href":"https:\/\/blogak.argia.eus\/montserrat-auzmendi\/wp-json\/wp\/v2\/tags?post=453"}],"curies":[{"name":"wp","href":"https:\/\/api.w.org\/{rel}","templated":true}]}}