{"id":489,"date":"2021-04-27T23:52:22","date_gmt":"2021-04-27T21:52:22","guid":{"rendered":"https:\/\/www.argia.eus\/blogak\/montserrat-auzmendi\/?p=489"},"modified":"2021-04-27T23:52:22","modified_gmt":"2021-04-27T21:52:22","slug":"magia-elkarte-filarmonikoan","status":"publish","type":"post","link":"https:\/\/blogak.argia.eus\/montserrat-auzmendi\/2021\/04\/27\/magia-elkarte-filarmonikoan\/","title":{"rendered":"Magia Elkarte Filarmonikoan"},"content":{"rendered":"<p>Fitxa: OLBE-k antolatutako errezitaldia. Carlos \u00c1lvarez (baritonoa), Roc\u00edo Ignacio (sopranoa), Rub\u00e9n Fern\u00e1ndez Agirre (pianoa). Egitaraua: Saint-Sa\u00ebns, Charpentier, Thomas, Puccini, Leoncavallo, Cilea eta Verdi-ren lanak. Lekua: Bilboko Elkarte Filarmonikoaren auditorioa. Data: apirilaren 17a.<!--more--><\/p>\n<p>&nbsp;<\/p>\n<p>Bilboko Elkarte Filarmonikoaren auditoriuma OLBE-k programatutako emanaldi bikain baten lekuko izan zen, \u2018OLBE On Stage\u2019 zikloaren barruan. Ziklo honen bidez, Bilboko elkarteak pandemiaren ondorioz bertan behera utzi behar izan den opera-zikloa ordeztu du.<\/p>\n<p>Kamera-formatuko zikloa da, lehen mailako interpreteekin eta iraupen murriztuarekin, egungo inguruabarrak direla eta.<\/p>\n<p>Oraingoan bi figura handi disfrutatu genituen: Carlos Alvarez baritono malagarra eta Roc\u00edo Ignacio soprano sevillarra, errezitaldian saio operistikoetan bezain eraginkorrak izan zirenak.<\/p>\n<p>&nbsp;<\/p>\n<p>Obra ez oso ezagunez osatutako errezitaldia eskaini ziguten, eta hori eskertzekoa da. Baina, hori bai, programa bizia izan zen, zailtasunez betea, ahotsezkoa zein adierazkortasunezkoa, beti bikain egina, eta &#8216;bibra\u2019 oneko musika hautemateko irrikaz zegoen publikoaren txaloak erauzi zituena.<\/p>\n<p>&nbsp;<\/p>\n<p>Carlos Alvarez abeslari azkarra da eta bere ahotsa bikain erabiltzen du. Bilbon inoiz antzeztu gabeko operen aria batzuekin gozatu gintuen, besteak beste, Camille Saint-Sa\u00ebns-en\u00a0 \u2018Henry VIII\u2019 operaren &#8216;Qui donc commande&#8230;&#8217; aria, edo Leoncavallo-ren &#8216;Zaz\u00e0&#8217; operaren &#8216;Zaz\u00e0 piccola z\u00edngara&#8217; aria, non ahotsaren kontrola eta adierazkortasun dotorea erakutsi zituen.<\/p>\n<p>Verdi-ren &#8216;Simon Boccanegra&#8217; operaren &#8216;Eri tu&#8217; ariaren interpretazioak bere profesionaltasuna argi eta garbi erakutsi zuen anekdota bat izan zuen. Amaierako agudoa desitxuratu egin zen, flema desegoki baten ondorioz. Hala ere, txalo zaparradaren ostean, azken zati horri eutsi zion eta agudo ikaragarria atera zitzaion, ikusleek adorez eskertu zutena.<\/p>\n<p>&nbsp;<\/p>\n<p>Rocio Ignaciok ere lan bikaina egin zuen. Bai Charpentier-en &#8216;Louise&#8217; operako &#8216;Depuis le jour&#8217; arian, bai Puccini-ren \u2018Turandot\u2019 operako &#8216;Signore ascolta&#8217; -n, edota Verdi-ren &#8216;Simon Boccanegra&#8217; -ren &#8216;Come in quest&#8217;ora bruna &#8216; izeneko arian, segurtasuna, gustu ona, ahotsaren indarra eta grazia erakutsi zituen.<\/p>\n<p>&nbsp;<\/p>\n<p>Eta, jakina, Alvarez-ek eta Ignazio-k interpretatu zituzten duoak teknikoki bikainak izan ziren, ondo enpastatuak, intentzioz beteak, eta, azken batean, ikusleak liluratu zituzten.<\/p>\n<p>&nbsp;<\/p>\n<p>Piano-jotzaile laguntzaileak, Ruben Fernandez Agirrek, bere protagonismo-uneak izan zituen, bakarlariei eskainitako laguntza seguru eta delikatuaz gain. \u2018L\u2019Arlesienne&#8217; obraren &#8216;Preludioa&#8217;, \u00a0eta Astor Piazzolla-ren &#8216;Uda Porte\u00f1oa&#8217; (konpositorearen jaiotzaren mendeurrenean) interpretatu zituen, gustu handiz.<\/p>\n<p>Honetaz guztiaz gain, bisak ere izan ziren. Carlos Alvarez-ek Anton Garcia Abril-en &#8216;Hiru abesti asturiarrak&#8217; obratik pieza bat abestu zuen, hil berri den musikagile honen omenez. Eta Rocio Ignaciok Berstein-en \u2018West Side Story\u2019 lanatik \u00a0&#8216;I feel pretty&#8217; kantarekin liluratu gintuen, distiraz eta alaitasunez abestu baitzuen.<\/p>\n<p>&nbsp;<\/p>\n<p>&nbsp;<\/p>\n<p>&nbsp;<\/p>\n<p>&nbsp;<\/p>\n<p>&nbsp;<\/p>\n<p>&nbsp;<\/p>\n<p>&nbsp;<\/p>\n<p>&nbsp;<\/p>\n","protected":false},"excerpt":{"rendered":"<p>Fitxa: OLBE-k antolatutako errezitaldia. Carlos \u00c1lvarez (baritonoa), Roc\u00edo Ignacio (sopranoa), Rub\u00e9n Fern\u00e1ndez Agirre (pianoa). Egitaraua: Saint-Sa\u00ebns, Charpentier, Thomas, Puccini, Leoncavallo, Cilea eta Verdi-ren lanak. Lekua: Bilboko Elkarte Filarmonikoaren auditorioa. Data: apirilaren 17a.<\/p>\n","protected":false},"author":13,"featured_media":0,"comment_status":"open","ping_status":"open","sticky":false,"template":"","format":"standard","meta":{"footnotes":""},"categories":[2],"tags":[93,100,108,314,426,441,446,447,481,500],"class_list":["post-489","post","type-post","status-publish","format-standard","hentry","category-musika-kritika","tag-carlos-alvarez","tag-charpentier","tag-cilea","tag-leoncavallo","tag-puccini","tag-rocio-ignacio","tag-ruben-fernandez-agirre","tag-saint-saens","tag-thomas","tag-verdi"],"yoast_head":"<!-- This site is optimized with the Yoast SEO plugin v27.3 - https:\/\/yoast.com\/product\/yoast-seo-wordpress\/ -->\n<title>Magia Elkarte Filarmonikoan - Nessun dorma<\/title>\n<meta name=\"robots\" content=\"index, follow, max-snippet:-1, max-image-preview:large, max-video-preview:-1\" \/>\n<link rel=\"canonical\" href=\"https:\/\/blogak.argia.eus\/montserrat-auzmendi\/2021\/04\/27\/magia-elkarte-filarmonikoan\/\" \/>\n<meta property=\"og:locale\" content=\"en_US\" \/>\n<meta property=\"og:type\" content=\"article\" \/>\n<meta property=\"og:title\" content=\"Magia Elkarte Filarmonikoan - Nessun dorma\" \/>\n<meta property=\"og:description\" content=\"Fitxa: OLBE-k antolatutako errezitaldia. Carlos \u00c1lvarez (baritonoa), Roc\u00edo Ignacio (sopranoa), Rub\u00e9n Fern\u00e1ndez Agirre (pianoa). Egitaraua: Saint-Sa\u00ebns, Charpentier, Thomas, Puccini, Leoncavallo, Cilea eta Verdi-ren lanak. Lekua: Bilboko Elkarte Filarmonikoaren auditorioa. Data: apirilaren 17a.\" \/>\n<meta property=\"og:url\" content=\"https:\/\/blogak.argia.eus\/montserrat-auzmendi\/2021\/04\/27\/magia-elkarte-filarmonikoan\/\" \/>\n<meta property=\"og:site_name\" content=\"Nessun dorma\" \/>\n<meta property=\"article:published_time\" content=\"2021-04-27T21:52:22+00:00\" \/>\n<meta name=\"author\" content=\"Montserrat Auzmendi\" \/>\n<meta name=\"twitter:card\" content=\"summary_large_image\" \/>\n<meta name=\"twitter:label1\" content=\"Written by\" \/>\n\t<meta name=\"twitter:data1\" content=\"Montserrat Auzmendi\" \/>\n\t<meta name=\"twitter:label2\" content=\"Est. reading time\" \/>\n\t<meta name=\"twitter:data2\" content=\"2 minutua\" \/>\n<script type=\"application\/ld+json\" class=\"yoast-schema-graph\">{\"@context\":\"https:\\\/\\\/schema.org\",\"@graph\":[{\"@type\":\"Article\",\"@id\":\"https:\\\/\\\/blogak.argia.eus\\\/montserrat-auzmendi\\\/2021\\\/04\\\/27\\\/magia-elkarte-filarmonikoan\\\/#article\",\"isPartOf\":{\"@id\":\"https:\\\/\\\/blogak.argia.eus\\\/montserrat-auzmendi\\\/2021\\\/04\\\/27\\\/magia-elkarte-filarmonikoan\\\/\"},\"author\":{\"name\":\"Montserrat Auzmendi\",\"@id\":\"https:\\\/\\\/blogak.argia.eus\\\/montserrat-auzmendi\\\/#\\\/schema\\\/person\\\/cf1b934bd411258b08320938e22c81c6\"},\"headline\":\"Magia Elkarte Filarmonikoan\",\"datePublished\":\"2021-04-27T21:52:22+00:00\",\"mainEntityOfPage\":{\"@id\":\"https:\\\/\\\/blogak.argia.eus\\\/montserrat-auzmendi\\\/2021\\\/04\\\/27\\\/magia-elkarte-filarmonikoan\\\/\"},\"wordCount\":401,\"commentCount\":0,\"keywords\":[\"Carlos Alvarez\",\"Charpentier\",\"Cilea\",\"Leoncavallo\",\"Puccini\",\"Roc\u00edo Ignacio\",\"Rub\u00e9n Fern\u00e1ndez Agirre\",\"Saint-Sa\u00ebns\",\"Thomas\",\"Verdi\"],\"articleSection\":[\"musika kritika\"],\"inLanguage\":\"eu\",\"potentialAction\":[{\"@type\":\"CommentAction\",\"name\":\"Comment\",\"target\":[\"https:\\\/\\\/blogak.argia.eus\\\/montserrat-auzmendi\\\/2021\\\/04\\\/27\\\/magia-elkarte-filarmonikoan\\\/#respond\"]}]},{\"@type\":\"WebPage\",\"@id\":\"https:\\\/\\\/blogak.argia.eus\\\/montserrat-auzmendi\\\/2021\\\/04\\\/27\\\/magia-elkarte-filarmonikoan\\\/\",\"url\":\"https:\\\/\\\/blogak.argia.eus\\\/montserrat-auzmendi\\\/2021\\\/04\\\/27\\\/magia-elkarte-filarmonikoan\\\/\",\"name\":\"Magia Elkarte Filarmonikoan - Nessun dorma\",\"isPartOf\":{\"@id\":\"https:\\\/\\\/blogak.argia.eus\\\/montserrat-auzmendi\\\/#website\"},\"datePublished\":\"2021-04-27T21:52:22+00:00\",\"author\":{\"@id\":\"https:\\\/\\\/blogak.argia.eus\\\/montserrat-auzmendi\\\/#\\\/schema\\\/person\\\/cf1b934bd411258b08320938e22c81c6\"},\"breadcrumb\":{\"@id\":\"https:\\\/\\\/blogak.argia.eus\\\/montserrat-auzmendi\\\/2021\\\/04\\\/27\\\/magia-elkarte-filarmonikoan\\\/#breadcrumb\"},\"inLanguage\":\"eu\",\"potentialAction\":[{\"@type\":\"ReadAction\",\"target\":[\"https:\\\/\\\/blogak.argia.eus\\\/montserrat-auzmendi\\\/2021\\\/04\\\/27\\\/magia-elkarte-filarmonikoan\\\/\"]}]},{\"@type\":\"BreadcrumbList\",\"@id\":\"https:\\\/\\\/blogak.argia.eus\\\/montserrat-auzmendi\\\/2021\\\/04\\\/27\\\/magia-elkarte-filarmonikoan\\\/#breadcrumb\",\"itemListElement\":[{\"@type\":\"ListItem\",\"position\":1,\"name\":\"Home\",\"item\":\"https:\\\/\\\/blogak.argia.eus\\\/montserrat-auzmendi\\\/\"},{\"@type\":\"ListItem\",\"position\":2,\"name\":\"Magia Elkarte Filarmonikoan\"}]},{\"@type\":\"WebSite\",\"@id\":\"https:\\\/\\\/blogak.argia.eus\\\/montserrat-auzmendi\\\/#website\",\"url\":\"https:\\\/\\\/blogak.argia.eus\\\/montserrat-auzmendi\\\/\",\"name\":\"Nessun dorma\",\"description\":\"Inork ez dezala lo egin\",\"potentialAction\":[{\"@type\":\"SearchAction\",\"target\":{\"@type\":\"EntryPoint\",\"urlTemplate\":\"https:\\\/\\\/blogak.argia.eus\\\/montserrat-auzmendi\\\/?s={search_term_string}\"},\"query-input\":{\"@type\":\"PropertyValueSpecification\",\"valueRequired\":true,\"valueName\":\"search_term_string\"}}],\"inLanguage\":\"eu\"},{\"@type\":\"Person\",\"@id\":\"https:\\\/\\\/blogak.argia.eus\\\/montserrat-auzmendi\\\/#\\\/schema\\\/person\\\/cf1b934bd411258b08320938e22c81c6\",\"name\":\"Montserrat Auzmendi\",\"image\":{\"@type\":\"ImageObject\",\"inLanguage\":\"eu\",\"@id\":\"https:\\\/\\\/secure.gravatar.com\\\/avatar\\\/ee16250a4bcb81c95b9735eee2375334c3c12cb53da2ec43e0c1a8164567839b?s=96&d=mm&r=g\",\"url\":\"https:\\\/\\\/secure.gravatar.com\\\/avatar\\\/ee16250a4bcb81c95b9735eee2375334c3c12cb53da2ec43e0c1a8164567839b?s=96&d=mm&r=g\",\"contentUrl\":\"https:\\\/\\\/secure.gravatar.com\\\/avatar\\\/ee16250a4bcb81c95b9735eee2375334c3c12cb53da2ec43e0c1a8164567839b?s=96&d=mm&r=g\",\"caption\":\"Montserrat Auzmendi\"},\"url\":\"https:\\\/\\\/blogak.argia.eus\\\/montserrat-auzmendi\\\/author\\\/mauzmendi\\\/\"}]}<\/script>\n<!-- \/ Yoast SEO plugin. -->","yoast_head_json":{"title":"Magia Elkarte Filarmonikoan - Nessun dorma","robots":{"index":"index","follow":"follow","max-snippet":"max-snippet:-1","max-image-preview":"max-image-preview:large","max-video-preview":"max-video-preview:-1"},"canonical":"https:\/\/blogak.argia.eus\/montserrat-auzmendi\/2021\/04\/27\/magia-elkarte-filarmonikoan\/","og_locale":"en_US","og_type":"article","og_title":"Magia Elkarte Filarmonikoan - Nessun dorma","og_description":"Fitxa: OLBE-k antolatutako errezitaldia. Carlos \u00c1lvarez (baritonoa), Roc\u00edo Ignacio (sopranoa), Rub\u00e9n Fern\u00e1ndez Agirre (pianoa). Egitaraua: Saint-Sa\u00ebns, Charpentier, Thomas, Puccini, Leoncavallo, Cilea eta Verdi-ren lanak. Lekua: Bilboko Elkarte Filarmonikoaren auditorioa. Data: apirilaren 17a.","og_url":"https:\/\/blogak.argia.eus\/montserrat-auzmendi\/2021\/04\/27\/magia-elkarte-filarmonikoan\/","og_site_name":"Nessun dorma","article_published_time":"2021-04-27T21:52:22+00:00","author":"Montserrat Auzmendi","twitter_card":"summary_large_image","twitter_misc":{"Written by":"Montserrat Auzmendi","Est. reading time":"2 minutua"},"schema":{"@context":"https:\/\/schema.org","@graph":[{"@type":"Article","@id":"https:\/\/blogak.argia.eus\/montserrat-auzmendi\/2021\/04\/27\/magia-elkarte-filarmonikoan\/#article","isPartOf":{"@id":"https:\/\/blogak.argia.eus\/montserrat-auzmendi\/2021\/04\/27\/magia-elkarte-filarmonikoan\/"},"author":{"name":"Montserrat Auzmendi","@id":"https:\/\/blogak.argia.eus\/montserrat-auzmendi\/#\/schema\/person\/cf1b934bd411258b08320938e22c81c6"},"headline":"Magia Elkarte Filarmonikoan","datePublished":"2021-04-27T21:52:22+00:00","mainEntityOfPage":{"@id":"https:\/\/blogak.argia.eus\/montserrat-auzmendi\/2021\/04\/27\/magia-elkarte-filarmonikoan\/"},"wordCount":401,"commentCount":0,"keywords":["Carlos Alvarez","Charpentier","Cilea","Leoncavallo","Puccini","Roc\u00edo Ignacio","Rub\u00e9n Fern\u00e1ndez Agirre","Saint-Sa\u00ebns","Thomas","Verdi"],"articleSection":["musika kritika"],"inLanguage":"eu","potentialAction":[{"@type":"CommentAction","name":"Comment","target":["https:\/\/blogak.argia.eus\/montserrat-auzmendi\/2021\/04\/27\/magia-elkarte-filarmonikoan\/#respond"]}]},{"@type":"WebPage","@id":"https:\/\/blogak.argia.eus\/montserrat-auzmendi\/2021\/04\/27\/magia-elkarte-filarmonikoan\/","url":"https:\/\/blogak.argia.eus\/montserrat-auzmendi\/2021\/04\/27\/magia-elkarte-filarmonikoan\/","name":"Magia Elkarte Filarmonikoan - Nessun dorma","isPartOf":{"@id":"https:\/\/blogak.argia.eus\/montserrat-auzmendi\/#website"},"datePublished":"2021-04-27T21:52:22+00:00","author":{"@id":"https:\/\/blogak.argia.eus\/montserrat-auzmendi\/#\/schema\/person\/cf1b934bd411258b08320938e22c81c6"},"breadcrumb":{"@id":"https:\/\/blogak.argia.eus\/montserrat-auzmendi\/2021\/04\/27\/magia-elkarte-filarmonikoan\/#breadcrumb"},"inLanguage":"eu","potentialAction":[{"@type":"ReadAction","target":["https:\/\/blogak.argia.eus\/montserrat-auzmendi\/2021\/04\/27\/magia-elkarte-filarmonikoan\/"]}]},{"@type":"BreadcrumbList","@id":"https:\/\/blogak.argia.eus\/montserrat-auzmendi\/2021\/04\/27\/magia-elkarte-filarmonikoan\/#breadcrumb","itemListElement":[{"@type":"ListItem","position":1,"name":"Home","item":"https:\/\/blogak.argia.eus\/montserrat-auzmendi\/"},{"@type":"ListItem","position":2,"name":"Magia Elkarte Filarmonikoan"}]},{"@type":"WebSite","@id":"https:\/\/blogak.argia.eus\/montserrat-auzmendi\/#website","url":"https:\/\/blogak.argia.eus\/montserrat-auzmendi\/","name":"Nessun dorma","description":"Inork ez dezala lo egin","potentialAction":[{"@type":"SearchAction","target":{"@type":"EntryPoint","urlTemplate":"https:\/\/blogak.argia.eus\/montserrat-auzmendi\/?s={search_term_string}"},"query-input":{"@type":"PropertyValueSpecification","valueRequired":true,"valueName":"search_term_string"}}],"inLanguage":"eu"},{"@type":"Person","@id":"https:\/\/blogak.argia.eus\/montserrat-auzmendi\/#\/schema\/person\/cf1b934bd411258b08320938e22c81c6","name":"Montserrat Auzmendi","image":{"@type":"ImageObject","inLanguage":"eu","@id":"https:\/\/secure.gravatar.com\/avatar\/ee16250a4bcb81c95b9735eee2375334c3c12cb53da2ec43e0c1a8164567839b?s=96&d=mm&r=g","url":"https:\/\/secure.gravatar.com\/avatar\/ee16250a4bcb81c95b9735eee2375334c3c12cb53da2ec43e0c1a8164567839b?s=96&d=mm&r=g","contentUrl":"https:\/\/secure.gravatar.com\/avatar\/ee16250a4bcb81c95b9735eee2375334c3c12cb53da2ec43e0c1a8164567839b?s=96&d=mm&r=g","caption":"Montserrat Auzmendi"},"url":"https:\/\/blogak.argia.eus\/montserrat-auzmendi\/author\/mauzmendi\/"}]}},"_links":{"self":[{"href":"https:\/\/blogak.argia.eus\/montserrat-auzmendi\/wp-json\/wp\/v2\/posts\/489","targetHints":{"allow":["GET"]}}],"collection":[{"href":"https:\/\/blogak.argia.eus\/montserrat-auzmendi\/wp-json\/wp\/v2\/posts"}],"about":[{"href":"https:\/\/blogak.argia.eus\/montserrat-auzmendi\/wp-json\/wp\/v2\/types\/post"}],"author":[{"embeddable":true,"href":"https:\/\/blogak.argia.eus\/montserrat-auzmendi\/wp-json\/wp\/v2\/users\/13"}],"replies":[{"embeddable":true,"href":"https:\/\/blogak.argia.eus\/montserrat-auzmendi\/wp-json\/wp\/v2\/comments?post=489"}],"version-history":[{"count":0,"href":"https:\/\/blogak.argia.eus\/montserrat-auzmendi\/wp-json\/wp\/v2\/posts\/489\/revisions"}],"wp:attachment":[{"href":"https:\/\/blogak.argia.eus\/montserrat-auzmendi\/wp-json\/wp\/v2\/media?parent=489"}],"wp:term":[{"taxonomy":"category","embeddable":true,"href":"https:\/\/blogak.argia.eus\/montserrat-auzmendi\/wp-json\/wp\/v2\/categories?post=489"},{"taxonomy":"post_tag","embeddable":true,"href":"https:\/\/blogak.argia.eus\/montserrat-auzmendi\/wp-json\/wp\/v2\/tags?post=489"}],"curies":[{"name":"wp","href":"https:\/\/api.w.org\/{rel}","templated":true}]}}