{"id":504,"date":"2021-06-04T18:17:07","date_gmt":"2021-06-04T17:17:07","guid":{"rendered":"https:\/\/blogak.argia.eus\/montserrat-auzmendi\/?p=504"},"modified":"2021-06-04T18:17:07","modified_gmt":"2021-06-04T17:17:07","slug":"gala-gustagarria","status":"publish","type":"post","link":"https:\/\/blogak.argia.eus\/montserrat-auzmendi\/2021\/06\/04\/gala-gustagarria\/","title":{"rendered":"Gala gustagarria"},"content":{"rendered":"<p>Fitxa: OLBE-k antolatutako \u2018OLBE on stage\u2019 gala. Bakarlariak: Carmen Sol\u00eds, Itziar de Unda, Silvia Tro Santaf\u00e9, Celso Albelo, Sergio Escobar, Mois\u00e9s Mar\u00edn, Juan Jes\u00fas Rodr\u00edguez eta Sim\u00f3n Orfila. Bilbao Sinfonietta Orkestra. Zuzendaria: \u00d3liver D\u00edaz. Egitaraua: Saint-Sa\u00ebns, Bellini, Bizet, Verdi, Donizetti, Guerrero, Lecuona, Serrano, Sorozabal eta Fern\u00e1ndez Caballero-ren lanak. Lekua: Euskalduna jauregia. Data: apirilaren 24a.<!--more--><\/p>\n<p>&nbsp;<\/p>\n<p>&nbsp;<\/p>\n<p>Egia esan, denbora asko igaro da orain komentatu nahi dudan gala zoragarri honetatik. Agian denbora gehiegi igaro da, baina inoiz ez da berandu lan bikain bat nabarmentzeko eta Euskaldunan artista\u00a0 zoragarri hauek entzuteko aukera izan genuen guztien gozamena kontatzeko.<\/p>\n<p>&nbsp;<\/p>\n<p>Behin baino gehiagotan goraipatu dut OLBE-k urte luze honetan opera gustuko duten ikusleen interesari eusteko izan duen trebetasuna, ohiko antzezlanak ezin izan baitira ospatu. &#8216;OLBE on stage &#8216;izenburupean, errezitaldi sorta bat programatu dute, eta protagonistak nazioarteko bakarlari onenetakoak izan dira.<\/p>\n<p>&nbsp;<\/p>\n<p>Oraingoan, gala eder bat izan zen, non izar ezagunek egitarau bariatua interpretatu zuten. Frantziako errepertorioa, italiarra eta zarzuela dosi on bat jaso genuen bertan.<\/p>\n<p>&nbsp;<\/p>\n<p>Hasteko, Carmen Sol\u00eds eta Silvia Tro Santaf\u00e9 (belusezko ahotsak, garbiak) uztarketa zehatzarekin abestu zuten Bellini-ren\u00a0 \u2018Norma\u2019 operaren &#8220;Mira o Norma\u2026\u201d.<\/p>\n<p>Jarraian, Celso Albelok tenore lirikoaren bere alderdirik onena erakutsi zuen Bizet-en \u2018Perla-arrantzaleak\u2019 operaren \u201cJe crois entendre encore&#8221; arian. Benetan zaila da aria hau, baina Albelok ez zuen huts egin, guztiz kontrakoa, entzulegoa poltsikoan sartu zuen bere ahots indartsu eta dotoreari esker.<\/p>\n<p>Verdi-ren errepertorioan, Simon Orfila, Sergio Escobar eta Juan Jes\u00fas Rodr\u00edguez oso ondo egon ziren, bakoitza bere erregistroan.<\/p>\n<p>Oso aipagarria izan zen Itziar de Unda eta Moises Marin-en interpretazioa Donizetti-ren &#8216;L&#8217;elisir d&#8217;amore&#8217; operaren \u201cCaro elisir! Sei mio\u201d duoan, non ahots onez gain, freskotasuna eta grazia erakutsi zituzten.<\/p>\n<p>&nbsp;<\/p>\n<p>Zarzuelari eskainitako zatian, bakarlari guztiek izan zuten luzimendurako aukera. Carmen Sol\u00eds oso adierazkorra egon zen Ernesto Lecuonaren &#8216;Romanza de Mar\u00eda de la O&#8217; lanean, eta Celso Albelorekin batera interpretatutako &#8216;Comprende lo grave de mi situaci\u00f3n&#8217; duo distiratsuan, benetan txunditu zuten publikoa.<\/p>\n<p>&nbsp;<\/p>\n<p>Juan Jes\u00fas Rodr\u00edguez-ek eta Silvia Tro Santaf\u00e9-k pozez bete gintuzten Sorozabal-en &#8216;Hace tiempo que vengo al taller&#8217; \u2013konpositore donostiarraren harribitxi bat- duoarekin. Eta Sergio Escobar-ek bere indarra eta ahotsaren nagusitasuna erakutsi zuen konpositore beraren &#8216;No puede ser&#8217; abestian.<\/p>\n<p>Biribila benetan.<\/p>\n<p>&nbsp;<\/p>\n<p>&nbsp;<\/p>\n<p>&nbsp;<\/p>\n<p>&nbsp;<\/p>\n<p>&nbsp;<\/p>\n<p>&nbsp;<\/p>\n<p>&nbsp;<\/p>\n<p>&nbsp;<\/p>\n","protected":false},"excerpt":{"rendered":"<p>Fitxa: OLBE-k antolatutako \u2018OLBE on stage\u2019 gala. Bakarlariak: Carmen Sol\u00eds, Itziar de Unda, Silvia Tro Santaf\u00e9, Celso Albelo, Sergio Escobar, Mois\u00e9s Mar\u00edn, Juan Jes\u00fas Rodr\u00edguez eta Sim\u00f3n Orfila. Bilbao Sinfonietta Orkestra. Zuzendaria: \u00d3liver D\u00edaz. Egitaraua: Saint-Sa\u00ebns, Bellini, Bizet, Verdi, Donizetti, Guerrero, Lecuona, Serrano, Sorozabal eta Fern\u00e1ndez Caballero-ren lanak. Lekua: Euskalduna jauregia. Data: apirilaren 24a.<\/p>\n","protected":false},"author":13,"featured_media":0,"comment_status":"open","ping_status":"open","sticky":false,"template":"","format":"standard","meta":{"footnotes":""},"categories":[2],"tags":[534,530,97,238,533,532,529,394,531,463,464],"class_list":["post-504","post","type-post","status-publish","format-standard","hentry","category-musika-kritika","tag-bilbao-sinfonietta","tag-carmen-solis","tag-celso-albelo","tag-itziar-de-unda","tag-juan-jesus-rodriguez","tag-moises-marin","tag-olbe","tag-oliver-diaz","tag-sergio-escobar","tag-silvia-tro-santafe","tag-simon-orfila"],"yoast_head":"<!-- This site is optimized with the Yoast SEO plugin v27.3 - https:\/\/yoast.com\/product\/yoast-seo-wordpress\/ -->\n<title>Gala gustagarria - Nessun dorma<\/title>\n<meta name=\"robots\" content=\"index, follow, max-snippet:-1, max-image-preview:large, max-video-preview:-1\" \/>\n<link rel=\"canonical\" href=\"https:\/\/blogak.argia.eus\/montserrat-auzmendi\/2021\/06\/04\/gala-gustagarria\/\" \/>\n<meta property=\"og:locale\" content=\"en_US\" \/>\n<meta property=\"og:type\" content=\"article\" \/>\n<meta property=\"og:title\" content=\"Gala gustagarria - Nessun dorma\" \/>\n<meta property=\"og:description\" content=\"Fitxa: OLBE-k antolatutako \u2018OLBE on stage\u2019 gala. Bakarlariak: Carmen Sol\u00eds, Itziar de Unda, Silvia Tro Santaf\u00e9, Celso Albelo, Sergio Escobar, Mois\u00e9s Mar\u00edn, Juan Jes\u00fas Rodr\u00edguez eta Sim\u00f3n Orfila. Bilbao Sinfonietta Orkestra. Zuzendaria: \u00d3liver D\u00edaz. Egitaraua: Saint-Sa\u00ebns, Bellini, Bizet, Verdi, Donizetti, Guerrero, Lecuona, Serrano, Sorozabal eta Fern\u00e1ndez Caballero-ren lanak. Lekua: Euskalduna jauregia. Data: apirilaren 24a.\" \/>\n<meta property=\"og:url\" content=\"https:\/\/blogak.argia.eus\/montserrat-auzmendi\/2021\/06\/04\/gala-gustagarria\/\" \/>\n<meta property=\"og:site_name\" content=\"Nessun dorma\" \/>\n<meta property=\"article:published_time\" content=\"2021-06-04T17:17:07+00:00\" \/>\n<meta name=\"author\" content=\"Montserrat Auzmendi\" \/>\n<meta name=\"twitter:card\" content=\"summary_large_image\" \/>\n<meta name=\"twitter:label1\" content=\"Written by\" \/>\n\t<meta name=\"twitter:data1\" content=\"Montserrat Auzmendi\" \/>\n\t<meta name=\"twitter:label2\" content=\"Est. reading time\" \/>\n\t<meta name=\"twitter:data2\" content=\"2 minutua\" \/>\n<script type=\"application\/ld+json\" class=\"yoast-schema-graph\">{\"@context\":\"https:\\\/\\\/schema.org\",\"@graph\":[{\"@type\":\"Article\",\"@id\":\"https:\\\/\\\/blogak.argia.eus\\\/montserrat-auzmendi\\\/2021\\\/06\\\/04\\\/gala-gustagarria\\\/#article\",\"isPartOf\":{\"@id\":\"https:\\\/\\\/blogak.argia.eus\\\/montserrat-auzmendi\\\/2021\\\/06\\\/04\\\/gala-gustagarria\\\/\"},\"author\":{\"name\":\"Montserrat Auzmendi\",\"@id\":\"https:\\\/\\\/blogak.argia.eus\\\/montserrat-auzmendi\\\/#\\\/schema\\\/person\\\/cf1b934bd411258b08320938e22c81c6\"},\"headline\":\"Gala gustagarria\",\"datePublished\":\"2021-06-04T17:17:07+00:00\",\"mainEntityOfPage\":{\"@id\":\"https:\\\/\\\/blogak.argia.eus\\\/montserrat-auzmendi\\\/2021\\\/06\\\/04\\\/gala-gustagarria\\\/\"},\"wordCount\":380,\"commentCount\":0,\"keywords\":[\"Bilbao Sinfonietta\",\"Carmen Sol\u00eds\",\"Celso Albelo\",\"Itziar de Unda\",\"Juan Jes\u00fas Rodr\u00edguez\",\"Mois\u00e9s Mar\u00edn\",\"OLBE\",\"Oliver D\u00edaz\",\"Sergio Escobar\",\"Silvia Tro Santaf\u00e9\",\"Simon Orfila\"],\"articleSection\":[\"musika kritika\"],\"inLanguage\":\"eu\",\"potentialAction\":[{\"@type\":\"CommentAction\",\"name\":\"Comment\",\"target\":[\"https:\\\/\\\/blogak.argia.eus\\\/montserrat-auzmendi\\\/2021\\\/06\\\/04\\\/gala-gustagarria\\\/#respond\"]}]},{\"@type\":\"WebPage\",\"@id\":\"https:\\\/\\\/blogak.argia.eus\\\/montserrat-auzmendi\\\/2021\\\/06\\\/04\\\/gala-gustagarria\\\/\",\"url\":\"https:\\\/\\\/blogak.argia.eus\\\/montserrat-auzmendi\\\/2021\\\/06\\\/04\\\/gala-gustagarria\\\/\",\"name\":\"Gala gustagarria - Nessun dorma\",\"isPartOf\":{\"@id\":\"https:\\\/\\\/blogak.argia.eus\\\/montserrat-auzmendi\\\/#website\"},\"datePublished\":\"2021-06-04T17:17:07+00:00\",\"author\":{\"@id\":\"https:\\\/\\\/blogak.argia.eus\\\/montserrat-auzmendi\\\/#\\\/schema\\\/person\\\/cf1b934bd411258b08320938e22c81c6\"},\"breadcrumb\":{\"@id\":\"https:\\\/\\\/blogak.argia.eus\\\/montserrat-auzmendi\\\/2021\\\/06\\\/04\\\/gala-gustagarria\\\/#breadcrumb\"},\"inLanguage\":\"eu\",\"potentialAction\":[{\"@type\":\"ReadAction\",\"target\":[\"https:\\\/\\\/blogak.argia.eus\\\/montserrat-auzmendi\\\/2021\\\/06\\\/04\\\/gala-gustagarria\\\/\"]}]},{\"@type\":\"BreadcrumbList\",\"@id\":\"https:\\\/\\\/blogak.argia.eus\\\/montserrat-auzmendi\\\/2021\\\/06\\\/04\\\/gala-gustagarria\\\/#breadcrumb\",\"itemListElement\":[{\"@type\":\"ListItem\",\"position\":1,\"name\":\"Home\",\"item\":\"https:\\\/\\\/blogak.argia.eus\\\/montserrat-auzmendi\\\/\"},{\"@type\":\"ListItem\",\"position\":2,\"name\":\"Gala gustagarria\"}]},{\"@type\":\"WebSite\",\"@id\":\"https:\\\/\\\/blogak.argia.eus\\\/montserrat-auzmendi\\\/#website\",\"url\":\"https:\\\/\\\/blogak.argia.eus\\\/montserrat-auzmendi\\\/\",\"name\":\"Nessun dorma\",\"description\":\"Inork ez dezala lo egin\",\"potentialAction\":[{\"@type\":\"SearchAction\",\"target\":{\"@type\":\"EntryPoint\",\"urlTemplate\":\"https:\\\/\\\/blogak.argia.eus\\\/montserrat-auzmendi\\\/?s={search_term_string}\"},\"query-input\":{\"@type\":\"PropertyValueSpecification\",\"valueRequired\":true,\"valueName\":\"search_term_string\"}}],\"inLanguage\":\"eu\"},{\"@type\":\"Person\",\"@id\":\"https:\\\/\\\/blogak.argia.eus\\\/montserrat-auzmendi\\\/#\\\/schema\\\/person\\\/cf1b934bd411258b08320938e22c81c6\",\"name\":\"Montserrat Auzmendi\",\"image\":{\"@type\":\"ImageObject\",\"inLanguage\":\"eu\",\"@id\":\"https:\\\/\\\/secure.gravatar.com\\\/avatar\\\/ee16250a4bcb81c95b9735eee2375334c3c12cb53da2ec43e0c1a8164567839b?s=96&d=mm&r=g\",\"url\":\"https:\\\/\\\/secure.gravatar.com\\\/avatar\\\/ee16250a4bcb81c95b9735eee2375334c3c12cb53da2ec43e0c1a8164567839b?s=96&d=mm&r=g\",\"contentUrl\":\"https:\\\/\\\/secure.gravatar.com\\\/avatar\\\/ee16250a4bcb81c95b9735eee2375334c3c12cb53da2ec43e0c1a8164567839b?s=96&d=mm&r=g\",\"caption\":\"Montserrat Auzmendi\"},\"url\":\"https:\\\/\\\/blogak.argia.eus\\\/montserrat-auzmendi\\\/author\\\/mauzmendi\\\/\"}]}<\/script>\n<!-- \/ Yoast SEO plugin. -->","yoast_head_json":{"title":"Gala gustagarria - Nessun dorma","robots":{"index":"index","follow":"follow","max-snippet":"max-snippet:-1","max-image-preview":"max-image-preview:large","max-video-preview":"max-video-preview:-1"},"canonical":"https:\/\/blogak.argia.eus\/montserrat-auzmendi\/2021\/06\/04\/gala-gustagarria\/","og_locale":"en_US","og_type":"article","og_title":"Gala gustagarria - Nessun dorma","og_description":"Fitxa: OLBE-k antolatutako \u2018OLBE on stage\u2019 gala. Bakarlariak: Carmen Sol\u00eds, Itziar de Unda, Silvia Tro Santaf\u00e9, Celso Albelo, Sergio Escobar, Mois\u00e9s Mar\u00edn, Juan Jes\u00fas Rodr\u00edguez eta Sim\u00f3n Orfila. Bilbao Sinfonietta Orkestra. Zuzendaria: \u00d3liver D\u00edaz. Egitaraua: Saint-Sa\u00ebns, Bellini, Bizet, Verdi, Donizetti, Guerrero, Lecuona, Serrano, Sorozabal eta Fern\u00e1ndez Caballero-ren lanak. Lekua: Euskalduna jauregia. Data: apirilaren 24a.","og_url":"https:\/\/blogak.argia.eus\/montserrat-auzmendi\/2021\/06\/04\/gala-gustagarria\/","og_site_name":"Nessun dorma","article_published_time":"2021-06-04T17:17:07+00:00","author":"Montserrat Auzmendi","twitter_card":"summary_large_image","twitter_misc":{"Written by":"Montserrat Auzmendi","Est. reading time":"2 minutua"},"schema":{"@context":"https:\/\/schema.org","@graph":[{"@type":"Article","@id":"https:\/\/blogak.argia.eus\/montserrat-auzmendi\/2021\/06\/04\/gala-gustagarria\/#article","isPartOf":{"@id":"https:\/\/blogak.argia.eus\/montserrat-auzmendi\/2021\/06\/04\/gala-gustagarria\/"},"author":{"name":"Montserrat Auzmendi","@id":"https:\/\/blogak.argia.eus\/montserrat-auzmendi\/#\/schema\/person\/cf1b934bd411258b08320938e22c81c6"},"headline":"Gala gustagarria","datePublished":"2021-06-04T17:17:07+00:00","mainEntityOfPage":{"@id":"https:\/\/blogak.argia.eus\/montserrat-auzmendi\/2021\/06\/04\/gala-gustagarria\/"},"wordCount":380,"commentCount":0,"keywords":["Bilbao Sinfonietta","Carmen Sol\u00eds","Celso Albelo","Itziar de Unda","Juan Jes\u00fas Rodr\u00edguez","Mois\u00e9s Mar\u00edn","OLBE","Oliver D\u00edaz","Sergio Escobar","Silvia Tro Santaf\u00e9","Simon Orfila"],"articleSection":["musika kritika"],"inLanguage":"eu","potentialAction":[{"@type":"CommentAction","name":"Comment","target":["https:\/\/blogak.argia.eus\/montserrat-auzmendi\/2021\/06\/04\/gala-gustagarria\/#respond"]}]},{"@type":"WebPage","@id":"https:\/\/blogak.argia.eus\/montserrat-auzmendi\/2021\/06\/04\/gala-gustagarria\/","url":"https:\/\/blogak.argia.eus\/montserrat-auzmendi\/2021\/06\/04\/gala-gustagarria\/","name":"Gala gustagarria - Nessun dorma","isPartOf":{"@id":"https:\/\/blogak.argia.eus\/montserrat-auzmendi\/#website"},"datePublished":"2021-06-04T17:17:07+00:00","author":{"@id":"https:\/\/blogak.argia.eus\/montserrat-auzmendi\/#\/schema\/person\/cf1b934bd411258b08320938e22c81c6"},"breadcrumb":{"@id":"https:\/\/blogak.argia.eus\/montserrat-auzmendi\/2021\/06\/04\/gala-gustagarria\/#breadcrumb"},"inLanguage":"eu","potentialAction":[{"@type":"ReadAction","target":["https:\/\/blogak.argia.eus\/montserrat-auzmendi\/2021\/06\/04\/gala-gustagarria\/"]}]},{"@type":"BreadcrumbList","@id":"https:\/\/blogak.argia.eus\/montserrat-auzmendi\/2021\/06\/04\/gala-gustagarria\/#breadcrumb","itemListElement":[{"@type":"ListItem","position":1,"name":"Home","item":"https:\/\/blogak.argia.eus\/montserrat-auzmendi\/"},{"@type":"ListItem","position":2,"name":"Gala gustagarria"}]},{"@type":"WebSite","@id":"https:\/\/blogak.argia.eus\/montserrat-auzmendi\/#website","url":"https:\/\/blogak.argia.eus\/montserrat-auzmendi\/","name":"Nessun dorma","description":"Inork ez dezala lo egin","potentialAction":[{"@type":"SearchAction","target":{"@type":"EntryPoint","urlTemplate":"https:\/\/blogak.argia.eus\/montserrat-auzmendi\/?s={search_term_string}"},"query-input":{"@type":"PropertyValueSpecification","valueRequired":true,"valueName":"search_term_string"}}],"inLanguage":"eu"},{"@type":"Person","@id":"https:\/\/blogak.argia.eus\/montserrat-auzmendi\/#\/schema\/person\/cf1b934bd411258b08320938e22c81c6","name":"Montserrat Auzmendi","image":{"@type":"ImageObject","inLanguage":"eu","@id":"https:\/\/secure.gravatar.com\/avatar\/ee16250a4bcb81c95b9735eee2375334c3c12cb53da2ec43e0c1a8164567839b?s=96&d=mm&r=g","url":"https:\/\/secure.gravatar.com\/avatar\/ee16250a4bcb81c95b9735eee2375334c3c12cb53da2ec43e0c1a8164567839b?s=96&d=mm&r=g","contentUrl":"https:\/\/secure.gravatar.com\/avatar\/ee16250a4bcb81c95b9735eee2375334c3c12cb53da2ec43e0c1a8164567839b?s=96&d=mm&r=g","caption":"Montserrat Auzmendi"},"url":"https:\/\/blogak.argia.eus\/montserrat-auzmendi\/author\/mauzmendi\/"}]}},"_links":{"self":[{"href":"https:\/\/blogak.argia.eus\/montserrat-auzmendi\/wp-json\/wp\/v2\/posts\/504","targetHints":{"allow":["GET"]}}],"collection":[{"href":"https:\/\/blogak.argia.eus\/montserrat-auzmendi\/wp-json\/wp\/v2\/posts"}],"about":[{"href":"https:\/\/blogak.argia.eus\/montserrat-auzmendi\/wp-json\/wp\/v2\/types\/post"}],"author":[{"embeddable":true,"href":"https:\/\/blogak.argia.eus\/montserrat-auzmendi\/wp-json\/wp\/v2\/users\/13"}],"replies":[{"embeddable":true,"href":"https:\/\/blogak.argia.eus\/montserrat-auzmendi\/wp-json\/wp\/v2\/comments?post=504"}],"version-history":[{"count":1,"href":"https:\/\/blogak.argia.eus\/montserrat-auzmendi\/wp-json\/wp\/v2\/posts\/504\/revisions"}],"predecessor-version":[{"id":506,"href":"https:\/\/blogak.argia.eus\/montserrat-auzmendi\/wp-json\/wp\/v2\/posts\/504\/revisions\/506"}],"wp:attachment":[{"href":"https:\/\/blogak.argia.eus\/montserrat-auzmendi\/wp-json\/wp\/v2\/media?parent=504"}],"wp:term":[{"taxonomy":"category","embeddable":true,"href":"https:\/\/blogak.argia.eus\/montserrat-auzmendi\/wp-json\/wp\/v2\/categories?post=504"},{"taxonomy":"post_tag","embeddable":true,"href":"https:\/\/blogak.argia.eus\/montserrat-auzmendi\/wp-json\/wp\/v2\/tags?post=504"}],"curies":[{"name":"wp","href":"https:\/\/api.w.org\/{rel}","templated":true}]}}