{"id":512,"date":"2021-08-24T08:51:37","date_gmt":"2021-08-24T07:51:37","guid":{"rendered":"https:\/\/blogak.argia.eus\/montserrat-auzmendi\/?p=512"},"modified":"2021-08-24T08:51:37","modified_gmt":"2021-08-24T07:51:37","slug":"saio-zerutiarra","status":"publish","type":"post","link":"https:\/\/blogak.argia.eus\/montserrat-auzmendi\/2021\/08\/24\/saio-zerutiarra\/","title":{"rendered":"Saio zerutiarra"},"content":{"rendered":"<p>Fitxa: Musika Hamabostaldia. Euskadiko Orkestra Sinfonikoa. Zuzendaria: V\u00edctor Pablo P\u00e9rez; Donostiako Orfeoia. Zuzendaria: J. A. S\u00e1inz Alfaro; Bakarlariak: Iwona Sobotka (sopranoa), Airam Hern\u00e1ndez (tenorea), Frederic Jost (baxua). Egitaraua: Poulenc, Faur\u00e9 eta Beethoven-en lanak. Lekua: Kursaal Auditorioa. Data: abuztuaren 21a.<!--more--><\/p>\n<p>&nbsp;<\/p>\n<p>&nbsp;<\/p>\n<p>Euskadiko Orkestra Sinfonikoak, Victor Pablo Perezen gidaritza jakintsupean, Musika Hamabostaldiaren edizio honetan izan zuen bere momentua, erlijio-kutsuko programa batekin eta Donostiako Orfeoi batekin, zeinak ezin izan baikenuen erabat gozatu maskara nahitaez erabiltzeagatik.<\/p>\n<p>Francis Poulenc-en &#8216;Rocamadour-eko Amabirjina Beltzari Letaniak\u2019 delikatua iritsi zitzaigun. Debozio xumea adierazten duen obra da, konpositoreak 1936an Rocamadour-eko santutegia bisitatu eta fedea berreskuratu zuenean sentitu zuen berbera, berak aitortu zuen bezala. Une horretatik aurrera, batez ere izaera erlijiosoko lanak konposatu zituen, argi-sonoritatez beteak. Orkestrak eta Orfeoiaren emakumeen ahotsek emozioz beteriko kantu espiritual adierazkorrean bat egiten jakin zuten.<\/p>\n<p>Jarraian, beste harribitxi bat entzun genuen: \u2018Villerville-ko arrantzaleen meza\u2019. Obra txiki hau 1880koa da, eta Faur\u00e9-k Messager-ekin batera egin zuen, Le Havreko lagun batzuen etxean oporretan zeudela. Musikazaleak ziren eta atsegin zuten solasaldiak egitea Villervillen, Normandiako kostaldean. Udaro, musikan eta bi organo-jotzaile eta abesbatzako zuzendarien irakaskuntzan interesa zuten gazte asko iristen ziren bertara. Bertan, herriko arrantzaleen elkartearen laguntzarekin, herriko biztanleek eta udaro oporretan etortzen ziren gazteek osatutako emakumeen abesbatzarako meza bat idaztea erabaki zuten. Manuskritoak biek obran lan egin zuten garaiko inprobisazioen izaera osoa erakusten du. Eta, berriro ere, orfeoiaren ahots femeninoek eta Victor Pablok ondo zuzendutako orkestrak obrak adierazten duen bat-bateko freskotasun hori agerian jartzen jakin zuten.<\/p>\n<p>Kontzertua amaitzeko, Beethoven-en &#8216;Kristo olibondoen mendian, op. 85\u2019 obrak luxuzko hiru bakarlari entzuteko aukera eman zigun. Iwona Sobotka soprano poloniarrak ahots ikaragarria luzitu zuen, guztiz proiektatua eta oso adierazkorra. Airam Hern\u00e1ndez tenore tinerfe\u00f1oak, Jesusen paperean, ahots garbi, sendo eta ahots-teknika perfektuarekin agertu zuen. Eta Frederic Jost baxuak, Petrusen paperean, bere ahots ederra eta fraseo ona erakutsi zituen.<\/p>\n<p>Azken finean, kontzertu ederra izan zen, Rafael Banus joan den hilean hil zen kritikari musikalaren oroimenari eskainia. Berari ere eskaintzen dizkiot lerro hauek. Ezagutza handia izateaz gain, pertsona xarmangarria ere bazen. Beti gogoratuko zaitugu.<\/p>\n<p>&nbsp;<\/p>\n<p>&nbsp;<\/p>\n<p>&nbsp;<\/p>\n<p>&nbsp;<\/p>\n<p>&nbsp;<\/p>\n<p>&nbsp;<\/p>\n<p><strong>\u00a0<\/strong><\/p>\n","protected":false},"excerpt":{"rendered":"<p>Fitxa: Musika Hamabostaldia. Euskadiko Orkestra Sinfonikoa. Zuzendaria: V\u00edctor Pablo P\u00e9rez; Donostiako Orfeoia. Zuzendaria: J. A. S\u00e1inz Alfaro; Bakarlariak: Iwona Sobotka (sopranoa), Airam Hern\u00e1ndez (tenorea), Frederic Jost (baxua). Egitaraua: Poulenc, Faur\u00e9 eta Beethoven-en lanak. Lekua: Kursaal Auditorioa. Data: abuztuaren 21a.<\/p>\n","protected":false},"author":13,"featured_media":0,"comment_status":"open","ping_status":"open","sticky":false,"template":"","format":"standard","meta":{"footnotes":""},"categories":[2],"tags":[542,63,136,164,544,543,545,541,540,501],"class_list":["post-512","post","type-post","status-publish","format-standard","hentry","category-musika-kritika","tag-airam-hernandez","tag-beethoven","tag-donostiako-orfeoia","tag-euskadiko-orkestra","tag-francis-poulenc","tag-frederic-jost","tag-gabriel-faure","tag-iwona-sobotka","tag-j-a-sainz-alfaro","tag-victor-pablo-perez"],"yoast_head":"<!-- This site is optimized with the Yoast SEO plugin v27.3 - https:\/\/yoast.com\/product\/yoast-seo-wordpress\/ -->\n<title>Saio zerutiarra - Nessun dorma<\/title>\n<meta name=\"robots\" content=\"index, follow, max-snippet:-1, max-image-preview:large, max-video-preview:-1\" \/>\n<link rel=\"canonical\" href=\"https:\/\/blogak.argia.eus\/montserrat-auzmendi\/2021\/08\/24\/saio-zerutiarra\/\" \/>\n<meta property=\"og:locale\" content=\"en_US\" \/>\n<meta property=\"og:type\" content=\"article\" \/>\n<meta property=\"og:title\" content=\"Saio zerutiarra - Nessun dorma\" \/>\n<meta property=\"og:description\" content=\"Fitxa: Musika Hamabostaldia. Euskadiko Orkestra Sinfonikoa. Zuzendaria: V\u00edctor Pablo P\u00e9rez; Donostiako Orfeoia. Zuzendaria: J. A. S\u00e1inz Alfaro; Bakarlariak: Iwona Sobotka (sopranoa), Airam Hern\u00e1ndez (tenorea), Frederic Jost (baxua). Egitaraua: Poulenc, Faur\u00e9 eta Beethoven-en lanak. Lekua: Kursaal Auditorioa. Data: abuztuaren 21a.\" \/>\n<meta property=\"og:url\" content=\"https:\/\/blogak.argia.eus\/montserrat-auzmendi\/2021\/08\/24\/saio-zerutiarra\/\" \/>\n<meta property=\"og:site_name\" content=\"Nessun dorma\" \/>\n<meta property=\"article:published_time\" content=\"2021-08-24T07:51:37+00:00\" \/>\n<meta name=\"author\" content=\"Montserrat Auzmendi\" \/>\n<meta name=\"twitter:card\" content=\"summary_large_image\" \/>\n<meta name=\"twitter:label1\" content=\"Written by\" \/>\n\t<meta name=\"twitter:data1\" content=\"Montserrat Auzmendi\" \/>\n\t<meta name=\"twitter:label2\" content=\"Est. reading time\" \/>\n\t<meta name=\"twitter:data2\" content=\"2 minutua\" \/>\n<script type=\"application\/ld+json\" class=\"yoast-schema-graph\">{\"@context\":\"https:\\\/\\\/schema.org\",\"@graph\":[{\"@type\":\"Article\",\"@id\":\"https:\\\/\\\/blogak.argia.eus\\\/montserrat-auzmendi\\\/2021\\\/08\\\/24\\\/saio-zerutiarra\\\/#article\",\"isPartOf\":{\"@id\":\"https:\\\/\\\/blogak.argia.eus\\\/montserrat-auzmendi\\\/2021\\\/08\\\/24\\\/saio-zerutiarra\\\/\"},\"author\":{\"name\":\"Montserrat Auzmendi\",\"@id\":\"https:\\\/\\\/blogak.argia.eus\\\/montserrat-auzmendi\\\/#\\\/schema\\\/person\\\/cf1b934bd411258b08320938e22c81c6\"},\"headline\":\"Saio zerutiarra\",\"datePublished\":\"2021-08-24T07:51:37+00:00\",\"mainEntityOfPage\":{\"@id\":\"https:\\\/\\\/blogak.argia.eus\\\/montserrat-auzmendi\\\/2021\\\/08\\\/24\\\/saio-zerutiarra\\\/\"},\"wordCount\":343,\"commentCount\":0,\"keywords\":[\"Airam Hern\u00e1ndez\",\"Beethoven\",\"Donostiako Orfeoia\",\"Euskadiko Orkestra\",\"Francis Poulenc\",\"Frederic Jost\",\"Gabriel Faur\u00e9\",\"Iwona Sobotka\",\"J. A. S\u00e1inz Alfaro\",\"Victor Pablo Perez\"],\"articleSection\":[\"musika kritika\"],\"inLanguage\":\"eu\",\"potentialAction\":[{\"@type\":\"CommentAction\",\"name\":\"Comment\",\"target\":[\"https:\\\/\\\/blogak.argia.eus\\\/montserrat-auzmendi\\\/2021\\\/08\\\/24\\\/saio-zerutiarra\\\/#respond\"]}]},{\"@type\":\"WebPage\",\"@id\":\"https:\\\/\\\/blogak.argia.eus\\\/montserrat-auzmendi\\\/2021\\\/08\\\/24\\\/saio-zerutiarra\\\/\",\"url\":\"https:\\\/\\\/blogak.argia.eus\\\/montserrat-auzmendi\\\/2021\\\/08\\\/24\\\/saio-zerutiarra\\\/\",\"name\":\"Saio zerutiarra - Nessun dorma\",\"isPartOf\":{\"@id\":\"https:\\\/\\\/blogak.argia.eus\\\/montserrat-auzmendi\\\/#website\"},\"datePublished\":\"2021-08-24T07:51:37+00:00\",\"author\":{\"@id\":\"https:\\\/\\\/blogak.argia.eus\\\/montserrat-auzmendi\\\/#\\\/schema\\\/person\\\/cf1b934bd411258b08320938e22c81c6\"},\"breadcrumb\":{\"@id\":\"https:\\\/\\\/blogak.argia.eus\\\/montserrat-auzmendi\\\/2021\\\/08\\\/24\\\/saio-zerutiarra\\\/#breadcrumb\"},\"inLanguage\":\"eu\",\"potentialAction\":[{\"@type\":\"ReadAction\",\"target\":[\"https:\\\/\\\/blogak.argia.eus\\\/montserrat-auzmendi\\\/2021\\\/08\\\/24\\\/saio-zerutiarra\\\/\"]}]},{\"@type\":\"BreadcrumbList\",\"@id\":\"https:\\\/\\\/blogak.argia.eus\\\/montserrat-auzmendi\\\/2021\\\/08\\\/24\\\/saio-zerutiarra\\\/#breadcrumb\",\"itemListElement\":[{\"@type\":\"ListItem\",\"position\":1,\"name\":\"Home\",\"item\":\"https:\\\/\\\/blogak.argia.eus\\\/montserrat-auzmendi\\\/\"},{\"@type\":\"ListItem\",\"position\":2,\"name\":\"Saio zerutiarra\"}]},{\"@type\":\"WebSite\",\"@id\":\"https:\\\/\\\/blogak.argia.eus\\\/montserrat-auzmendi\\\/#website\",\"url\":\"https:\\\/\\\/blogak.argia.eus\\\/montserrat-auzmendi\\\/\",\"name\":\"Nessun dorma\",\"description\":\"Inork ez dezala lo egin\",\"potentialAction\":[{\"@type\":\"SearchAction\",\"target\":{\"@type\":\"EntryPoint\",\"urlTemplate\":\"https:\\\/\\\/blogak.argia.eus\\\/montserrat-auzmendi\\\/?s={search_term_string}\"},\"query-input\":{\"@type\":\"PropertyValueSpecification\",\"valueRequired\":true,\"valueName\":\"search_term_string\"}}],\"inLanguage\":\"eu\"},{\"@type\":\"Person\",\"@id\":\"https:\\\/\\\/blogak.argia.eus\\\/montserrat-auzmendi\\\/#\\\/schema\\\/person\\\/cf1b934bd411258b08320938e22c81c6\",\"name\":\"Montserrat Auzmendi\",\"image\":{\"@type\":\"ImageObject\",\"inLanguage\":\"eu\",\"@id\":\"https:\\\/\\\/secure.gravatar.com\\\/avatar\\\/ee16250a4bcb81c95b9735eee2375334c3c12cb53da2ec43e0c1a8164567839b?s=96&d=mm&r=g\",\"url\":\"https:\\\/\\\/secure.gravatar.com\\\/avatar\\\/ee16250a4bcb81c95b9735eee2375334c3c12cb53da2ec43e0c1a8164567839b?s=96&d=mm&r=g\",\"contentUrl\":\"https:\\\/\\\/secure.gravatar.com\\\/avatar\\\/ee16250a4bcb81c95b9735eee2375334c3c12cb53da2ec43e0c1a8164567839b?s=96&d=mm&r=g\",\"caption\":\"Montserrat Auzmendi\"},\"url\":\"https:\\\/\\\/blogak.argia.eus\\\/montserrat-auzmendi\\\/author\\\/mauzmendi\\\/\"}]}<\/script>\n<!-- \/ Yoast SEO plugin. -->","yoast_head_json":{"title":"Saio zerutiarra - Nessun dorma","robots":{"index":"index","follow":"follow","max-snippet":"max-snippet:-1","max-image-preview":"max-image-preview:large","max-video-preview":"max-video-preview:-1"},"canonical":"https:\/\/blogak.argia.eus\/montserrat-auzmendi\/2021\/08\/24\/saio-zerutiarra\/","og_locale":"en_US","og_type":"article","og_title":"Saio zerutiarra - Nessun dorma","og_description":"Fitxa: Musika Hamabostaldia. Euskadiko Orkestra Sinfonikoa. Zuzendaria: V\u00edctor Pablo P\u00e9rez; Donostiako Orfeoia. Zuzendaria: J. A. S\u00e1inz Alfaro; Bakarlariak: Iwona Sobotka (sopranoa), Airam Hern\u00e1ndez (tenorea), Frederic Jost (baxua). Egitaraua: Poulenc, Faur\u00e9 eta Beethoven-en lanak. Lekua: Kursaal Auditorioa. Data: abuztuaren 21a.","og_url":"https:\/\/blogak.argia.eus\/montserrat-auzmendi\/2021\/08\/24\/saio-zerutiarra\/","og_site_name":"Nessun dorma","article_published_time":"2021-08-24T07:51:37+00:00","author":"Montserrat Auzmendi","twitter_card":"summary_large_image","twitter_misc":{"Written by":"Montserrat Auzmendi","Est. reading time":"2 minutua"},"schema":{"@context":"https:\/\/schema.org","@graph":[{"@type":"Article","@id":"https:\/\/blogak.argia.eus\/montserrat-auzmendi\/2021\/08\/24\/saio-zerutiarra\/#article","isPartOf":{"@id":"https:\/\/blogak.argia.eus\/montserrat-auzmendi\/2021\/08\/24\/saio-zerutiarra\/"},"author":{"name":"Montserrat Auzmendi","@id":"https:\/\/blogak.argia.eus\/montserrat-auzmendi\/#\/schema\/person\/cf1b934bd411258b08320938e22c81c6"},"headline":"Saio zerutiarra","datePublished":"2021-08-24T07:51:37+00:00","mainEntityOfPage":{"@id":"https:\/\/blogak.argia.eus\/montserrat-auzmendi\/2021\/08\/24\/saio-zerutiarra\/"},"wordCount":343,"commentCount":0,"keywords":["Airam Hern\u00e1ndez","Beethoven","Donostiako Orfeoia","Euskadiko Orkestra","Francis Poulenc","Frederic Jost","Gabriel Faur\u00e9","Iwona Sobotka","J. A. S\u00e1inz Alfaro","Victor Pablo Perez"],"articleSection":["musika kritika"],"inLanguage":"eu","potentialAction":[{"@type":"CommentAction","name":"Comment","target":["https:\/\/blogak.argia.eus\/montserrat-auzmendi\/2021\/08\/24\/saio-zerutiarra\/#respond"]}]},{"@type":"WebPage","@id":"https:\/\/blogak.argia.eus\/montserrat-auzmendi\/2021\/08\/24\/saio-zerutiarra\/","url":"https:\/\/blogak.argia.eus\/montserrat-auzmendi\/2021\/08\/24\/saio-zerutiarra\/","name":"Saio zerutiarra - Nessun dorma","isPartOf":{"@id":"https:\/\/blogak.argia.eus\/montserrat-auzmendi\/#website"},"datePublished":"2021-08-24T07:51:37+00:00","author":{"@id":"https:\/\/blogak.argia.eus\/montserrat-auzmendi\/#\/schema\/person\/cf1b934bd411258b08320938e22c81c6"},"breadcrumb":{"@id":"https:\/\/blogak.argia.eus\/montserrat-auzmendi\/2021\/08\/24\/saio-zerutiarra\/#breadcrumb"},"inLanguage":"eu","potentialAction":[{"@type":"ReadAction","target":["https:\/\/blogak.argia.eus\/montserrat-auzmendi\/2021\/08\/24\/saio-zerutiarra\/"]}]},{"@type":"BreadcrumbList","@id":"https:\/\/blogak.argia.eus\/montserrat-auzmendi\/2021\/08\/24\/saio-zerutiarra\/#breadcrumb","itemListElement":[{"@type":"ListItem","position":1,"name":"Home","item":"https:\/\/blogak.argia.eus\/montserrat-auzmendi\/"},{"@type":"ListItem","position":2,"name":"Saio zerutiarra"}]},{"@type":"WebSite","@id":"https:\/\/blogak.argia.eus\/montserrat-auzmendi\/#website","url":"https:\/\/blogak.argia.eus\/montserrat-auzmendi\/","name":"Nessun dorma","description":"Inork ez dezala lo egin","potentialAction":[{"@type":"SearchAction","target":{"@type":"EntryPoint","urlTemplate":"https:\/\/blogak.argia.eus\/montserrat-auzmendi\/?s={search_term_string}"},"query-input":{"@type":"PropertyValueSpecification","valueRequired":true,"valueName":"search_term_string"}}],"inLanguage":"eu"},{"@type":"Person","@id":"https:\/\/blogak.argia.eus\/montserrat-auzmendi\/#\/schema\/person\/cf1b934bd411258b08320938e22c81c6","name":"Montserrat Auzmendi","image":{"@type":"ImageObject","inLanguage":"eu","@id":"https:\/\/secure.gravatar.com\/avatar\/ee16250a4bcb81c95b9735eee2375334c3c12cb53da2ec43e0c1a8164567839b?s=96&d=mm&r=g","url":"https:\/\/secure.gravatar.com\/avatar\/ee16250a4bcb81c95b9735eee2375334c3c12cb53da2ec43e0c1a8164567839b?s=96&d=mm&r=g","contentUrl":"https:\/\/secure.gravatar.com\/avatar\/ee16250a4bcb81c95b9735eee2375334c3c12cb53da2ec43e0c1a8164567839b?s=96&d=mm&r=g","caption":"Montserrat Auzmendi"},"url":"https:\/\/blogak.argia.eus\/montserrat-auzmendi\/author\/mauzmendi\/"}]}},"_links":{"self":[{"href":"https:\/\/blogak.argia.eus\/montserrat-auzmendi\/wp-json\/wp\/v2\/posts\/512","targetHints":{"allow":["GET"]}}],"collection":[{"href":"https:\/\/blogak.argia.eus\/montserrat-auzmendi\/wp-json\/wp\/v2\/posts"}],"about":[{"href":"https:\/\/blogak.argia.eus\/montserrat-auzmendi\/wp-json\/wp\/v2\/types\/post"}],"author":[{"embeddable":true,"href":"https:\/\/blogak.argia.eus\/montserrat-auzmendi\/wp-json\/wp\/v2\/users\/13"}],"replies":[{"embeddable":true,"href":"https:\/\/blogak.argia.eus\/montserrat-auzmendi\/wp-json\/wp\/v2\/comments?post=512"}],"version-history":[{"count":1,"href":"https:\/\/blogak.argia.eus\/montserrat-auzmendi\/wp-json\/wp\/v2\/posts\/512\/revisions"}],"predecessor-version":[{"id":513,"href":"https:\/\/blogak.argia.eus\/montserrat-auzmendi\/wp-json\/wp\/v2\/posts\/512\/revisions\/513"}],"wp:attachment":[{"href":"https:\/\/blogak.argia.eus\/montserrat-auzmendi\/wp-json\/wp\/v2\/media?parent=512"}],"wp:term":[{"taxonomy":"category","embeddable":true,"href":"https:\/\/blogak.argia.eus\/montserrat-auzmendi\/wp-json\/wp\/v2\/categories?post=512"},{"taxonomy":"post_tag","embeddable":true,"href":"https:\/\/blogak.argia.eus\/montserrat-auzmendi\/wp-json\/wp\/v2\/tags?post=512"}],"curies":[{"name":"wp","href":"https:\/\/api.w.org\/{rel}","templated":true}]}}