{"id":542,"date":"2023-01-17T20:13:33","date_gmt":"2023-01-17T19:13:33","guid":{"rendered":"https:\/\/blogak.argia.eus\/montserrat-auzmendi\/?p=542"},"modified":"2023-01-19T10:33:10","modified_gmt":"2023-01-19T09:33:10","slug":"munduko-mozart-onenetakoa","status":"publish","type":"post","link":"https:\/\/blogak.argia.eus\/montserrat-auzmendi\/2023\/01\/17\/munduko-mozart-onenetakoa\/","title":{"rendered":"Munduko Mozart onenetakoa"},"content":{"rendered":"<p>Fitxa: Mahler Chamber Orchestra. Mitsuko Uchida (pianoa eta Zuzendaritza), Jos\u00e9 Mar\u00eda Blumenschein (kontzertinoa). Egitaraua: Mozart eta Sch\u00f6nberg-en lanak. Lekua: Donostiako Kursaal Auditorioa. Data: urtarrilaren 13a.<!--more--><\/p>\n<p>Pianoaren mundu zoragarrian aritu garenok Mozart interpretatzeko orduan Mitsuko Uchida piano-jole japoniarra izan dugu erreferente. Badira Mozarten lanetan espezializatu diren beste piano-jole ugari, edo Salzburgoko konpositorearen obraren interpretazioan bereziki nabarmendu direnak, baina Uchidak beti izan du ukitu berezi eta harrapaezina, oso erakargarria.<\/p>\n<p>Bitxia da pianista hau nola murgildu zen Mozarten, bere nortasun ikur bihurtu arte. Hamabi urterekin Vienara joan zen bizitzera, gurasoak diplomatikoak baitzituen. Giro horretan, beraz, Mozartenganako maitasuna pizten hasi zitzaion. Baina 80ko hamarkadan, Mozartek \u2018boom\u2019 bat bizi izan zuen &#8216;Amadeus&#8217; pelikularen arrakasta handiaren ondorioz, eta orduan proposatu zioten konpositore horren sonatak eta kontzertuak grabatzea; Schubert alboratu behar izan zuen, konpositore horretan lanean ari baitzen. Beraz, arrakasta zinematografiko honi lotutako zirkunstantzia horri esker, Uchidaren bertsio mozartiar benetan magikoez goza dezakegu ordutik.<\/p>\n<p>Mahler Chamber Orchestrarekin batera eskainitako \u00a0saioa dotorea, soila, gehiegikeria eta manierismorik gabea izan zen, eta entzule guztiak liluratu zituen. Uchidak Mozarten piano eta orkestrarako bi kontzertu eskaini zizkigun. 25. kontzertua, KV 503, do maiorrean, kontrastez betetako obra da. Bakarlariaren eta orkestraren arteko enpastea erabatekoa izan zen, eta giro biribila eta dramatikoa sortu zuten. Halaber, 27. kontzertua jo zuten, KV 595, si bemol maiorrean, hain zuzen ere Mozartek konposatutako pianorako azken kontzertua. Ez da aurrekoa bezain ikusgarria, askoz ere intimoagoa da, baina izugarri dotorea eta misteriotsua, eta horrek erakargarritasun berezia ematen dio. Uchidak eta Mahler orkestrak 25. kontzertua bikain jo bazuten ere, 27. kontzertuan giro bereziagoa lortu zuten, eta bertaratutako publikoarekin konektatzea lortu zuten.<\/p>\n<p>Eta bi Mozarten artean Arnold Sch\u00f6nbergen 1. ganbera-sinfonia mi maiorrean interpretatu zuten. Distira egin zuten Sch\u00f6nberg gazte baten idazkera distiratsuarekin, oraindik tonala, non gero etor zitekeena nabaritzen zen. Bikaina arintasuna, energia, eta <em>Etwas bewegter<\/em> amaierako drama ondo adierazita.<\/p>\n<p>&nbsp;<\/p>\n<p>Bis gisa, Mitsuko Uchidak Mozarten KV 330 sonataren bigarren mugimendua interpretatu zuen. Fintasun mirar\u00eda.<\/p>\n<p>&nbsp;<\/p>\n<p>&nbsp;<\/p>\n<p>&nbsp;<\/p>\n<p>&nbsp;<\/p>\n<p>&nbsp;<\/p>\n<p>&nbsp;<\/p>\n<p>&nbsp;<\/p>\n<p>&nbsp;<\/p>\n","protected":false},"excerpt":{"rendered":"<p>Fitxa: Mahler Chamber Orchestra. Mitsuko Uchida (pianoa eta Zuzendaritza), Jos\u00e9 Mar\u00eda Blumenschein (kontzertinoa). Egitaraua: Mozart eta Sch\u00f6nberg-en lanak. Lekua: Donostiako Kursaal Auditorioa. Data: urtarrilaren 13a.<\/p>\n","protected":false},"author":13,"featured_media":545,"comment_status":"open","ping_status":"open","sticky":false,"template":"","format":"standard","meta":{"footnotes":""},"categories":[2],"tags":[52,330,546,379],"class_list":["post-542","post","type-post","status-publish","format-standard","has-post-thumbnail","hentry","category-musika-kritika","tag-arnold-schonberg","tag-mahler-chamber-orchestra","tag-mitsuko-uchida","tag-mozart"],"yoast_head":"<!-- This site is optimized with the Yoast SEO plugin v27.3 - https:\/\/yoast.com\/product\/yoast-seo-wordpress\/ -->\n<title>Munduko Mozart onenetakoa - Nessun dorma<\/title>\n<meta name=\"robots\" content=\"index, follow, max-snippet:-1, max-image-preview:large, max-video-preview:-1\" \/>\n<link rel=\"canonical\" href=\"https:\/\/blogak.argia.eus\/montserrat-auzmendi\/2023\/01\/17\/munduko-mozart-onenetakoa\/\" \/>\n<meta property=\"og:locale\" content=\"en_US\" \/>\n<meta property=\"og:type\" content=\"article\" \/>\n<meta property=\"og:title\" content=\"Munduko Mozart onenetakoa - Nessun dorma\" \/>\n<meta property=\"og:description\" content=\"Fitxa: Mahler Chamber Orchestra. Mitsuko Uchida (pianoa eta Zuzendaritza), Jos\u00e9 Mar\u00eda Blumenschein (kontzertinoa). Egitaraua: Mozart eta Sch\u00f6nberg-en lanak. Lekua: Donostiako Kursaal Auditorioa. Data: urtarrilaren 13a.\" \/>\n<meta property=\"og:url\" content=\"https:\/\/blogak.argia.eus\/montserrat-auzmendi\/2023\/01\/17\/munduko-mozart-onenetakoa\/\" \/>\n<meta property=\"og:site_name\" content=\"Nessun dorma\" \/>\n<meta property=\"article:published_time\" content=\"2023-01-17T19:13:33+00:00\" \/>\n<meta property=\"article:modified_time\" content=\"2023-01-19T09:33:10+00:00\" \/>\n<meta property=\"og:image\" content=\"https:\/\/blogak.argia.eus\/montserrat-auzmendi\/wp-content\/uploads\/sites\/13\/2023\/01\/mahler.jpg\" \/>\n\t<meta property=\"og:image:width\" content=\"2048\" \/>\n\t<meta property=\"og:image:height\" content=\"1152\" \/>\n\t<meta property=\"og:image:type\" content=\"image\/jpeg\" \/>\n<meta name=\"author\" content=\"Montserrat Auzmendi\" \/>\n<meta name=\"twitter:card\" content=\"summary_large_image\" \/>\n<meta name=\"twitter:label1\" content=\"Written by\" \/>\n\t<meta name=\"twitter:data1\" content=\"Montserrat Auzmendi\" \/>\n\t<meta name=\"twitter:label2\" content=\"Est. reading time\" \/>\n\t<meta name=\"twitter:data2\" content=\"2 minutua\" \/>\n<script type=\"application\/ld+json\" class=\"yoast-schema-graph\">{\"@context\":\"https:\\\/\\\/schema.org\",\"@graph\":[{\"@type\":\"Article\",\"@id\":\"https:\\\/\\\/blogak.argia.eus\\\/montserrat-auzmendi\\\/2023\\\/01\\\/17\\\/munduko-mozart-onenetakoa\\\/#article\",\"isPartOf\":{\"@id\":\"https:\\\/\\\/blogak.argia.eus\\\/montserrat-auzmendi\\\/2023\\\/01\\\/17\\\/munduko-mozart-onenetakoa\\\/\"},\"author\":{\"name\":\"Montserrat Auzmendi\",\"@id\":\"https:\\\/\\\/blogak.argia.eus\\\/montserrat-auzmendi\\\/#\\\/schema\\\/person\\\/cf1b934bd411258b08320938e22c81c6\"},\"headline\":\"Munduko Mozart onenetakoa\",\"datePublished\":\"2023-01-17T19:13:33+00:00\",\"dateModified\":\"2023-01-19T09:33:10+00:00\",\"mainEntityOfPage\":{\"@id\":\"https:\\\/\\\/blogak.argia.eus\\\/montserrat-auzmendi\\\/2023\\\/01\\\/17\\\/munduko-mozart-onenetakoa\\\/\"},\"wordCount\":321,\"commentCount\":0,\"image\":{\"@id\":\"https:\\\/\\\/blogak.argia.eus\\\/montserrat-auzmendi\\\/2023\\\/01\\\/17\\\/munduko-mozart-onenetakoa\\\/#primaryimage\"},\"thumbnailUrl\":\"https:\\\/\\\/blogak.argia.eus\\\/montserrat-auzmendi\\\/wp-content\\\/uploads\\\/sites\\\/13\\\/2023\\\/01\\\/mahler.jpg\",\"keywords\":[\"Arnold Sch\u00f6nberg\",\"Mahler Chamber Orchestra\",\"Mitsuko Uchida\",\"Mozart\"],\"articleSection\":[\"musika kritika\"],\"inLanguage\":\"eu\",\"potentialAction\":[{\"@type\":\"CommentAction\",\"name\":\"Comment\",\"target\":[\"https:\\\/\\\/blogak.argia.eus\\\/montserrat-auzmendi\\\/2023\\\/01\\\/17\\\/munduko-mozart-onenetakoa\\\/#respond\"]}]},{\"@type\":\"WebPage\",\"@id\":\"https:\\\/\\\/blogak.argia.eus\\\/montserrat-auzmendi\\\/2023\\\/01\\\/17\\\/munduko-mozart-onenetakoa\\\/\",\"url\":\"https:\\\/\\\/blogak.argia.eus\\\/montserrat-auzmendi\\\/2023\\\/01\\\/17\\\/munduko-mozart-onenetakoa\\\/\",\"name\":\"Munduko Mozart onenetakoa - Nessun dorma\",\"isPartOf\":{\"@id\":\"https:\\\/\\\/blogak.argia.eus\\\/montserrat-auzmendi\\\/#website\"},\"primaryImageOfPage\":{\"@id\":\"https:\\\/\\\/blogak.argia.eus\\\/montserrat-auzmendi\\\/2023\\\/01\\\/17\\\/munduko-mozart-onenetakoa\\\/#primaryimage\"},\"image\":{\"@id\":\"https:\\\/\\\/blogak.argia.eus\\\/montserrat-auzmendi\\\/2023\\\/01\\\/17\\\/munduko-mozart-onenetakoa\\\/#primaryimage\"},\"thumbnailUrl\":\"https:\\\/\\\/blogak.argia.eus\\\/montserrat-auzmendi\\\/wp-content\\\/uploads\\\/sites\\\/13\\\/2023\\\/01\\\/mahler.jpg\",\"datePublished\":\"2023-01-17T19:13:33+00:00\",\"dateModified\":\"2023-01-19T09:33:10+00:00\",\"author\":{\"@id\":\"https:\\\/\\\/blogak.argia.eus\\\/montserrat-auzmendi\\\/#\\\/schema\\\/person\\\/cf1b934bd411258b08320938e22c81c6\"},\"breadcrumb\":{\"@id\":\"https:\\\/\\\/blogak.argia.eus\\\/montserrat-auzmendi\\\/2023\\\/01\\\/17\\\/munduko-mozart-onenetakoa\\\/#breadcrumb\"},\"inLanguage\":\"eu\",\"potentialAction\":[{\"@type\":\"ReadAction\",\"target\":[\"https:\\\/\\\/blogak.argia.eus\\\/montserrat-auzmendi\\\/2023\\\/01\\\/17\\\/munduko-mozart-onenetakoa\\\/\"]}]},{\"@type\":\"ImageObject\",\"inLanguage\":\"eu\",\"@id\":\"https:\\\/\\\/blogak.argia.eus\\\/montserrat-auzmendi\\\/2023\\\/01\\\/17\\\/munduko-mozart-onenetakoa\\\/#primaryimage\",\"url\":\"https:\\\/\\\/blogak.argia.eus\\\/montserrat-auzmendi\\\/wp-content\\\/uploads\\\/sites\\\/13\\\/2023\\\/01\\\/mahler.jpg\",\"contentUrl\":\"https:\\\/\\\/blogak.argia.eus\\\/montserrat-auzmendi\\\/wp-content\\\/uploads\\\/sites\\\/13\\\/2023\\\/01\\\/mahler.jpg\",\"width\":2048,\"height\":1152},{\"@type\":\"BreadcrumbList\",\"@id\":\"https:\\\/\\\/blogak.argia.eus\\\/montserrat-auzmendi\\\/2023\\\/01\\\/17\\\/munduko-mozart-onenetakoa\\\/#breadcrumb\",\"itemListElement\":[{\"@type\":\"ListItem\",\"position\":1,\"name\":\"Home\",\"item\":\"https:\\\/\\\/blogak.argia.eus\\\/montserrat-auzmendi\\\/\"},{\"@type\":\"ListItem\",\"position\":2,\"name\":\"Munduko Mozart onenetakoa\"}]},{\"@type\":\"WebSite\",\"@id\":\"https:\\\/\\\/blogak.argia.eus\\\/montserrat-auzmendi\\\/#website\",\"url\":\"https:\\\/\\\/blogak.argia.eus\\\/montserrat-auzmendi\\\/\",\"name\":\"Nessun dorma\",\"description\":\"Inork ez dezala lo egin\",\"potentialAction\":[{\"@type\":\"SearchAction\",\"target\":{\"@type\":\"EntryPoint\",\"urlTemplate\":\"https:\\\/\\\/blogak.argia.eus\\\/montserrat-auzmendi\\\/?s={search_term_string}\"},\"query-input\":{\"@type\":\"PropertyValueSpecification\",\"valueRequired\":true,\"valueName\":\"search_term_string\"}}],\"inLanguage\":\"eu\"},{\"@type\":\"Person\",\"@id\":\"https:\\\/\\\/blogak.argia.eus\\\/montserrat-auzmendi\\\/#\\\/schema\\\/person\\\/cf1b934bd411258b08320938e22c81c6\",\"name\":\"Montserrat Auzmendi\",\"image\":{\"@type\":\"ImageObject\",\"inLanguage\":\"eu\",\"@id\":\"https:\\\/\\\/secure.gravatar.com\\\/avatar\\\/ee16250a4bcb81c95b9735eee2375334c3c12cb53da2ec43e0c1a8164567839b?s=96&d=mm&r=g\",\"url\":\"https:\\\/\\\/secure.gravatar.com\\\/avatar\\\/ee16250a4bcb81c95b9735eee2375334c3c12cb53da2ec43e0c1a8164567839b?s=96&d=mm&r=g\",\"contentUrl\":\"https:\\\/\\\/secure.gravatar.com\\\/avatar\\\/ee16250a4bcb81c95b9735eee2375334c3c12cb53da2ec43e0c1a8164567839b?s=96&d=mm&r=g\",\"caption\":\"Montserrat Auzmendi\"},\"url\":\"https:\\\/\\\/blogak.argia.eus\\\/montserrat-auzmendi\\\/author\\\/mauzmendi\\\/\"}]}<\/script>\n<!-- \/ Yoast SEO plugin. -->","yoast_head_json":{"title":"Munduko Mozart onenetakoa - Nessun dorma","robots":{"index":"index","follow":"follow","max-snippet":"max-snippet:-1","max-image-preview":"max-image-preview:large","max-video-preview":"max-video-preview:-1"},"canonical":"https:\/\/blogak.argia.eus\/montserrat-auzmendi\/2023\/01\/17\/munduko-mozart-onenetakoa\/","og_locale":"en_US","og_type":"article","og_title":"Munduko Mozart onenetakoa - Nessun dorma","og_description":"Fitxa: Mahler Chamber Orchestra. Mitsuko Uchida (pianoa eta Zuzendaritza), Jos\u00e9 Mar\u00eda Blumenschein (kontzertinoa). Egitaraua: Mozart eta Sch\u00f6nberg-en lanak. Lekua: Donostiako Kursaal Auditorioa. Data: urtarrilaren 13a.","og_url":"https:\/\/blogak.argia.eus\/montserrat-auzmendi\/2023\/01\/17\/munduko-mozart-onenetakoa\/","og_site_name":"Nessun dorma","article_published_time":"2023-01-17T19:13:33+00:00","article_modified_time":"2023-01-19T09:33:10+00:00","og_image":[{"width":2048,"height":1152,"url":"https:\/\/blogak.argia.eus\/montserrat-auzmendi\/wp-content\/uploads\/sites\/13\/2023\/01\/mahler.jpg","type":"image\/jpeg"}],"author":"Montserrat Auzmendi","twitter_card":"summary_large_image","twitter_misc":{"Written by":"Montserrat Auzmendi","Est. reading time":"2 minutua"},"schema":{"@context":"https:\/\/schema.org","@graph":[{"@type":"Article","@id":"https:\/\/blogak.argia.eus\/montserrat-auzmendi\/2023\/01\/17\/munduko-mozart-onenetakoa\/#article","isPartOf":{"@id":"https:\/\/blogak.argia.eus\/montserrat-auzmendi\/2023\/01\/17\/munduko-mozart-onenetakoa\/"},"author":{"name":"Montserrat Auzmendi","@id":"https:\/\/blogak.argia.eus\/montserrat-auzmendi\/#\/schema\/person\/cf1b934bd411258b08320938e22c81c6"},"headline":"Munduko Mozart onenetakoa","datePublished":"2023-01-17T19:13:33+00:00","dateModified":"2023-01-19T09:33:10+00:00","mainEntityOfPage":{"@id":"https:\/\/blogak.argia.eus\/montserrat-auzmendi\/2023\/01\/17\/munduko-mozart-onenetakoa\/"},"wordCount":321,"commentCount":0,"image":{"@id":"https:\/\/blogak.argia.eus\/montserrat-auzmendi\/2023\/01\/17\/munduko-mozart-onenetakoa\/#primaryimage"},"thumbnailUrl":"https:\/\/blogak.argia.eus\/montserrat-auzmendi\/wp-content\/uploads\/sites\/13\/2023\/01\/mahler.jpg","keywords":["Arnold Sch\u00f6nberg","Mahler Chamber Orchestra","Mitsuko Uchida","Mozart"],"articleSection":["musika kritika"],"inLanguage":"eu","potentialAction":[{"@type":"CommentAction","name":"Comment","target":["https:\/\/blogak.argia.eus\/montserrat-auzmendi\/2023\/01\/17\/munduko-mozart-onenetakoa\/#respond"]}]},{"@type":"WebPage","@id":"https:\/\/blogak.argia.eus\/montserrat-auzmendi\/2023\/01\/17\/munduko-mozart-onenetakoa\/","url":"https:\/\/blogak.argia.eus\/montserrat-auzmendi\/2023\/01\/17\/munduko-mozart-onenetakoa\/","name":"Munduko Mozart onenetakoa - Nessun dorma","isPartOf":{"@id":"https:\/\/blogak.argia.eus\/montserrat-auzmendi\/#website"},"primaryImageOfPage":{"@id":"https:\/\/blogak.argia.eus\/montserrat-auzmendi\/2023\/01\/17\/munduko-mozart-onenetakoa\/#primaryimage"},"image":{"@id":"https:\/\/blogak.argia.eus\/montserrat-auzmendi\/2023\/01\/17\/munduko-mozart-onenetakoa\/#primaryimage"},"thumbnailUrl":"https:\/\/blogak.argia.eus\/montserrat-auzmendi\/wp-content\/uploads\/sites\/13\/2023\/01\/mahler.jpg","datePublished":"2023-01-17T19:13:33+00:00","dateModified":"2023-01-19T09:33:10+00:00","author":{"@id":"https:\/\/blogak.argia.eus\/montserrat-auzmendi\/#\/schema\/person\/cf1b934bd411258b08320938e22c81c6"},"breadcrumb":{"@id":"https:\/\/blogak.argia.eus\/montserrat-auzmendi\/2023\/01\/17\/munduko-mozart-onenetakoa\/#breadcrumb"},"inLanguage":"eu","potentialAction":[{"@type":"ReadAction","target":["https:\/\/blogak.argia.eus\/montserrat-auzmendi\/2023\/01\/17\/munduko-mozart-onenetakoa\/"]}]},{"@type":"ImageObject","inLanguage":"eu","@id":"https:\/\/blogak.argia.eus\/montserrat-auzmendi\/2023\/01\/17\/munduko-mozart-onenetakoa\/#primaryimage","url":"https:\/\/blogak.argia.eus\/montserrat-auzmendi\/wp-content\/uploads\/sites\/13\/2023\/01\/mahler.jpg","contentUrl":"https:\/\/blogak.argia.eus\/montserrat-auzmendi\/wp-content\/uploads\/sites\/13\/2023\/01\/mahler.jpg","width":2048,"height":1152},{"@type":"BreadcrumbList","@id":"https:\/\/blogak.argia.eus\/montserrat-auzmendi\/2023\/01\/17\/munduko-mozart-onenetakoa\/#breadcrumb","itemListElement":[{"@type":"ListItem","position":1,"name":"Home","item":"https:\/\/blogak.argia.eus\/montserrat-auzmendi\/"},{"@type":"ListItem","position":2,"name":"Munduko Mozart onenetakoa"}]},{"@type":"WebSite","@id":"https:\/\/blogak.argia.eus\/montserrat-auzmendi\/#website","url":"https:\/\/blogak.argia.eus\/montserrat-auzmendi\/","name":"Nessun dorma","description":"Inork ez dezala lo egin","potentialAction":[{"@type":"SearchAction","target":{"@type":"EntryPoint","urlTemplate":"https:\/\/blogak.argia.eus\/montserrat-auzmendi\/?s={search_term_string}"},"query-input":{"@type":"PropertyValueSpecification","valueRequired":true,"valueName":"search_term_string"}}],"inLanguage":"eu"},{"@type":"Person","@id":"https:\/\/blogak.argia.eus\/montserrat-auzmendi\/#\/schema\/person\/cf1b934bd411258b08320938e22c81c6","name":"Montserrat Auzmendi","image":{"@type":"ImageObject","inLanguage":"eu","@id":"https:\/\/secure.gravatar.com\/avatar\/ee16250a4bcb81c95b9735eee2375334c3c12cb53da2ec43e0c1a8164567839b?s=96&d=mm&r=g","url":"https:\/\/secure.gravatar.com\/avatar\/ee16250a4bcb81c95b9735eee2375334c3c12cb53da2ec43e0c1a8164567839b?s=96&d=mm&r=g","contentUrl":"https:\/\/secure.gravatar.com\/avatar\/ee16250a4bcb81c95b9735eee2375334c3c12cb53da2ec43e0c1a8164567839b?s=96&d=mm&r=g","caption":"Montserrat Auzmendi"},"url":"https:\/\/blogak.argia.eus\/montserrat-auzmendi\/author\/mauzmendi\/"}]}},"_links":{"self":[{"href":"https:\/\/blogak.argia.eus\/montserrat-auzmendi\/wp-json\/wp\/v2\/posts\/542","targetHints":{"allow":["GET"]}}],"collection":[{"href":"https:\/\/blogak.argia.eus\/montserrat-auzmendi\/wp-json\/wp\/v2\/posts"}],"about":[{"href":"https:\/\/blogak.argia.eus\/montserrat-auzmendi\/wp-json\/wp\/v2\/types\/post"}],"author":[{"embeddable":true,"href":"https:\/\/blogak.argia.eus\/montserrat-auzmendi\/wp-json\/wp\/v2\/users\/13"}],"replies":[{"embeddable":true,"href":"https:\/\/blogak.argia.eus\/montserrat-auzmendi\/wp-json\/wp\/v2\/comments?post=542"}],"version-history":[{"count":3,"href":"https:\/\/blogak.argia.eus\/montserrat-auzmendi\/wp-json\/wp\/v2\/posts\/542\/revisions"}],"predecessor-version":[{"id":547,"href":"https:\/\/blogak.argia.eus\/montserrat-auzmendi\/wp-json\/wp\/v2\/posts\/542\/revisions\/547"}],"wp:featuredmedia":[{"embeddable":true,"href":"https:\/\/blogak.argia.eus\/montserrat-auzmendi\/wp-json\/wp\/v2\/media\/545"}],"wp:attachment":[{"href":"https:\/\/blogak.argia.eus\/montserrat-auzmendi\/wp-json\/wp\/v2\/media?parent=542"}],"wp:term":[{"taxonomy":"category","embeddable":true,"href":"https:\/\/blogak.argia.eus\/montserrat-auzmendi\/wp-json\/wp\/v2\/categories?post=542"},{"taxonomy":"post_tag","embeddable":true,"href":"https:\/\/blogak.argia.eus\/montserrat-auzmendi\/wp-json\/wp\/v2\/tags?post=542"}],"curies":[{"name":"wp","href":"https:\/\/api.w.org\/{rel}","templated":true}]}}