{"id":557,"date":"2023-08-20T07:45:04","date_gmt":"2023-08-20T06:45:04","guid":{"rendered":"https:\/\/blogak.argia.eus\/montserrat-auzmendi\/?p=557"},"modified":"2023-08-20T07:45:04","modified_gmt":"2023-08-20T06:45:04","slug":"avanti-tutta","status":"publish","type":"post","link":"https:\/\/blogak.argia.eus\/montserrat-auzmendi\/2023\/08\/20\/avanti-tutta\/","title":{"rendered":"Avanti tutta"},"content":{"rendered":"<p>Fitxa: Musika Hamabostaldia. Euskadiko Orkestra. Nafarroako Orkestra Sinfonikoa. Donostiako Orfeoia. Iru\u00f1ako Orfeoia. Easo Eskolania eta Easo Gazte Abesbatza. Zuzendaria: Robert Trevi\u00f1o. Bakarlariak: Sarah Wegener, Mojca Erdmann, Miren Urbieta-Vega, Justina Gringyte, Claudia Huckle, Aj Glueckert, Jos\u00e9 Antonio L\u00f3pez, Mikhail Petrenko. Egitaraua: Mahleren \u20188. Sinfonia \u201cMilekoa\u201d\u2019. Lekua: Kursaal Auditorioa. Data: Abuztuaren 18a.<!--more--><\/p>\n<p>&nbsp;<\/p>\n<p>Musika Hamabostaldiaren edizio honetan bereziki espero zen hitzordu bat iritsi zen, haren izaera monumentalagatik eta gure orkestrak eta abesbatzak eszenatokian biltzeagatik. Ikusmin handia sortu zuen &#8216;nahasia&#8217;, beraz.<\/p>\n<p>&nbsp;<\/p>\n<p>Mahlerren Zortzigarrenaren interpretazioa ez da txorakeria. Konpositore honen bigarren, hirugarren eta laugarren sinfonietan agertzen den giza ahotsa bere indar guztiarekin itzultzen da zortzigarren honetan, Gustav Mahlerrek bizirik ikusi ahal izan zuen azken estreinaldian. 1910eko irailaren 12an, Munichen, bere zuzendaritzapean, 500 kideko koru talde bat bildu zen, 350 kideko haurren abesbatza, 170 kideko orquestra, gehi zortzi bakarlari. Horren ondorioz, editore maltzurrak \u00abMilen sinfonia\u00bb izenburu inpaktantea jarri zion, Mahlerrek inoiz onartu ez zuena. Izan ere, obra ezin hobeto interpreta daiteke efektibo gutxiagorekin -oraingoan 400 inguru izan ziren-, eta horrek ez du arintzen, ezta gutxiago ere, partituraren izaera kolosal eta handia.<\/p>\n<p>&nbsp;<\/p>\n<p>Bere Zortzigarren sinfoniarekin musikari bohemiar handiak sinfonia batek dena hartu behar duela kontzeptuari buelta bat ematen dio, eta ahots-elementuari mugimendu guztietan protagonismo ezezaguna ematen dio. \u00abGiza ahotsa ideia poetiko osoaren eramailea da\u00bb bere hitzetan, maitasunean eta anaitasunean oinarritutako \u00a0transzendentziarako eta berrerospen bilaketarako bidean, gizon-jainkotasun harremanarekin, goitik behera eta behetik gora. Hori guztiagatik Mahlerren zortzigarrenaren kontzeptua, beste maisu-lan batzuetara hurbiltzen da, hala nola Bachen \u2018Pasioa San Mateoren arabera\u2019, Beethovenen \u2018Bederatzigarren sinfonia\u2019 eta \u2018Meza Solemnis\u2019 edo Wagnerren \u2018Parsifal\u2019.<\/p>\n<p>&nbsp;<\/p>\n<p>Lana ondo bereizitako bi zatitan banatzen da: lehena mendekoste ereserkiaren latinezko testuari buruzkoa da, \u00abVeni, creator Spiritus\u00bb, eta idazkera kontrapuntistikoarekin, fuga ugariekin eta eraikuntza polifoniko konplexuarekin Johan Sebastian Bachengana garamatza berehala. Robert Trevi\u00f1ok hain eraikin konplexua eraginkortasunez eraikitzea lortu zuen, pasarte ugari kontrapuntuan behar bezala marraztu zituen eta, gehiegikeriarik gabe, eskatutako handitasuna adierazi zuen, baina ezin izan zuen saihestu nolabaiteko desordena eta trazu lodiaren sentsazioa.<\/p>\n<p>&nbsp;<\/p>\n<p>Bachen obran inspiratutako meza moduko horren ondoren, bigarren zatia Goetheren Faustoaren bigarren zatiko azken eszenan oinarritutako kantata eszeniko moduko bat da, betiereko femeninoaren kontzeptua (Ewig-Weibliche) islatzen duena, Mahlerrek bere garbitasun, indar, moral zein espiritual eta berrerospen-ahalmen kontsekuente guztiarekin berrartzen duena. \u00abBetiereko femeninoak zeruraino eramango gaitu\u00bb.<\/p>\n<p>&nbsp;<\/p>\n<p>Bigarren zati hau ere oso ondo marraztua eta fraseatua egon zen zuzendariaren eskutik. Agian, gainera, ideien argitasun handiagoa ikusi ahal izan genuen. Abesbatzek, bestalde, obraren amaieran izan zituzten unerik onenak.<\/p>\n<p>&nbsp;<\/p>\n<p>Eta zortzi bakarlariek eraginkortasunez bete zuten beren egitekoa. Baina jarduera batzuk nabarmendu behar ditugu. Miren Urbieta-Vegaren agerpena, bere parte-hartze laburrean, benetan zirraragarria izan zen eta ahots ezin hobea eskaini zigun emisio eta espresioaren aldetik. Era berean, Sarah Wegener eta Mojca Erdmann sopranoek kantu bikaina eskaini zuten. Eta gizonezkoen ahotsen kasuan, Aj Glueckert tenoreak atentzioa eman zuen bere ahotsaren distira eta koloreagatik.<\/p>\n<p>Koru taldeek, eszenatokiaren gainean zegoen maremagnum elkartzearen konplexutasuna zela eta, perfekziozko alardea egin zuten. Hamar bat haientzat.<\/p>\n<p>&nbsp;<\/p>\n<p>&nbsp;<\/p>\n<p>&nbsp;<\/p>\n<p>&nbsp;<\/p>\n<p>&nbsp;<\/p>\n<p>&nbsp;<\/p>\n<p>&nbsp;<\/p>\n<p>&nbsp;<\/p>\n<p>&nbsp;<\/p>\n","protected":false},"excerpt":{"rendered":"<p>Fitxa: Musika Hamabostaldia. Euskadiko Orkestra. Nafarroako Orkestra Sinfonikoa. Donostiako Orfeoia. Iru\u00f1ako Orfeoia. Easo Eskolania eta Easo Gazte Abesbatza. Zuzendaria: Robert Trevi\u00f1o. Bakarlariak: Sarah Wegener, Mojca Erdmann, Miren Urbieta-Vega, Justina Gringyte, Claudia Huckle, Aj Glueckert, Jos\u00e9 Antonio L\u00f3pez, Mikhail Petrenko. Egitaraua: Mahleren \u20188. Sinfonia \u201cMilekoa\u201d\u2019. Lekua: Kursaal Auditorioa. Data: Abuztuaren 18a.<\/p>\n","protected":false},"author":13,"featured_media":0,"comment_status":"open","ping_status":"open","sticky":false,"template":"","format":"standard","meta":{"footnotes":""},"categories":[2],"tags":[596,164,329,375,595,438,594],"class_list":["post-557","post","type-post","status-publish","format-standard","hentry","category-musika-kritika","tag-aj-glueckert","tag-euskadiko-orkestra","tag-mahler","tag-miren-urbieta-vega","tag-mojca-erdmann","tag-robert-trevino","tag-sarah-wegener"],"yoast_head":"<!-- This site is optimized with the Yoast SEO plugin v27.3 - https:\/\/yoast.com\/product\/yoast-seo-wordpress\/ -->\n<title>Avanti tutta - Nessun dorma<\/title>\n<meta name=\"robots\" content=\"index, follow, max-snippet:-1, max-image-preview:large, max-video-preview:-1\" \/>\n<link rel=\"canonical\" href=\"https:\/\/blogak.argia.eus\/montserrat-auzmendi\/2023\/08\/20\/avanti-tutta\/\" \/>\n<meta property=\"og:locale\" content=\"en_US\" \/>\n<meta property=\"og:type\" content=\"article\" \/>\n<meta property=\"og:title\" content=\"Avanti tutta - Nessun dorma\" \/>\n<meta property=\"og:description\" content=\"Fitxa: Musika Hamabostaldia. Euskadiko Orkestra. Nafarroako Orkestra Sinfonikoa. Donostiako Orfeoia. Iru\u00f1ako Orfeoia. Easo Eskolania eta Easo Gazte Abesbatza. Zuzendaria: Robert Trevi\u00f1o. Bakarlariak: Sarah Wegener, Mojca Erdmann, Miren Urbieta-Vega, Justina Gringyte, Claudia Huckle, Aj Glueckert, Jos\u00e9 Antonio L\u00f3pez, Mikhail Petrenko. Egitaraua: Mahleren \u20188. Sinfonia \u201cMilekoa\u201d\u2019. Lekua: Kursaal Auditorioa. Data: Abuztuaren 18a.\" \/>\n<meta property=\"og:url\" content=\"https:\/\/blogak.argia.eus\/montserrat-auzmendi\/2023\/08\/20\/avanti-tutta\/\" \/>\n<meta property=\"og:site_name\" content=\"Nessun dorma\" \/>\n<meta property=\"article:published_time\" content=\"2023-08-20T06:45:04+00:00\" \/>\n<meta name=\"author\" content=\"Montserrat Auzmendi\" \/>\n<meta name=\"twitter:card\" content=\"summary_large_image\" \/>\n<meta name=\"twitter:label1\" content=\"Written by\" \/>\n\t<meta name=\"twitter:data1\" content=\"Montserrat Auzmendi\" \/>\n\t<meta name=\"twitter:label2\" content=\"Est. reading time\" \/>\n\t<meta name=\"twitter:data2\" content=\"3 minutua\" \/>\n<script type=\"application\/ld+json\" class=\"yoast-schema-graph\">{\"@context\":\"https:\\\/\\\/schema.org\",\"@graph\":[{\"@type\":\"Article\",\"@id\":\"https:\\\/\\\/blogak.argia.eus\\\/montserrat-auzmendi\\\/2023\\\/08\\\/20\\\/avanti-tutta\\\/#article\",\"isPartOf\":{\"@id\":\"https:\\\/\\\/blogak.argia.eus\\\/montserrat-auzmendi\\\/2023\\\/08\\\/20\\\/avanti-tutta\\\/\"},\"author\":{\"name\":\"Montserrat Auzmendi\",\"@id\":\"https:\\\/\\\/blogak.argia.eus\\\/montserrat-auzmendi\\\/#\\\/schema\\\/person\\\/cf1b934bd411258b08320938e22c81c6\"},\"headline\":\"Avanti tutta\",\"datePublished\":\"2023-08-20T06:45:04+00:00\",\"mainEntityOfPage\":{\"@id\":\"https:\\\/\\\/blogak.argia.eus\\\/montserrat-auzmendi\\\/2023\\\/08\\\/20\\\/avanti-tutta\\\/\"},\"wordCount\":486,\"commentCount\":0,\"keywords\":[\"Aj Glueckert\",\"Euskadiko Orkestra\",\"Mahler\",\"Miren Urbieta-Vega\",\"Mojca Erdmann\",\"Robert Trevino\",\"Sarah Wegener\"],\"articleSection\":[\"musika kritika\"],\"inLanguage\":\"eu\",\"potentialAction\":[{\"@type\":\"CommentAction\",\"name\":\"Comment\",\"target\":[\"https:\\\/\\\/blogak.argia.eus\\\/montserrat-auzmendi\\\/2023\\\/08\\\/20\\\/avanti-tutta\\\/#respond\"]}]},{\"@type\":\"WebPage\",\"@id\":\"https:\\\/\\\/blogak.argia.eus\\\/montserrat-auzmendi\\\/2023\\\/08\\\/20\\\/avanti-tutta\\\/\",\"url\":\"https:\\\/\\\/blogak.argia.eus\\\/montserrat-auzmendi\\\/2023\\\/08\\\/20\\\/avanti-tutta\\\/\",\"name\":\"Avanti tutta - Nessun dorma\",\"isPartOf\":{\"@id\":\"https:\\\/\\\/blogak.argia.eus\\\/montserrat-auzmendi\\\/#website\"},\"datePublished\":\"2023-08-20T06:45:04+00:00\",\"author\":{\"@id\":\"https:\\\/\\\/blogak.argia.eus\\\/montserrat-auzmendi\\\/#\\\/schema\\\/person\\\/cf1b934bd411258b08320938e22c81c6\"},\"breadcrumb\":{\"@id\":\"https:\\\/\\\/blogak.argia.eus\\\/montserrat-auzmendi\\\/2023\\\/08\\\/20\\\/avanti-tutta\\\/#breadcrumb\"},\"inLanguage\":\"eu\",\"potentialAction\":[{\"@type\":\"ReadAction\",\"target\":[\"https:\\\/\\\/blogak.argia.eus\\\/montserrat-auzmendi\\\/2023\\\/08\\\/20\\\/avanti-tutta\\\/\"]}]},{\"@type\":\"BreadcrumbList\",\"@id\":\"https:\\\/\\\/blogak.argia.eus\\\/montserrat-auzmendi\\\/2023\\\/08\\\/20\\\/avanti-tutta\\\/#breadcrumb\",\"itemListElement\":[{\"@type\":\"ListItem\",\"position\":1,\"name\":\"Home\",\"item\":\"https:\\\/\\\/blogak.argia.eus\\\/montserrat-auzmendi\\\/\"},{\"@type\":\"ListItem\",\"position\":2,\"name\":\"Avanti tutta\"}]},{\"@type\":\"WebSite\",\"@id\":\"https:\\\/\\\/blogak.argia.eus\\\/montserrat-auzmendi\\\/#website\",\"url\":\"https:\\\/\\\/blogak.argia.eus\\\/montserrat-auzmendi\\\/\",\"name\":\"Nessun dorma\",\"description\":\"Inork ez dezala lo egin\",\"potentialAction\":[{\"@type\":\"SearchAction\",\"target\":{\"@type\":\"EntryPoint\",\"urlTemplate\":\"https:\\\/\\\/blogak.argia.eus\\\/montserrat-auzmendi\\\/?s={search_term_string}\"},\"query-input\":{\"@type\":\"PropertyValueSpecification\",\"valueRequired\":true,\"valueName\":\"search_term_string\"}}],\"inLanguage\":\"eu\"},{\"@type\":\"Person\",\"@id\":\"https:\\\/\\\/blogak.argia.eus\\\/montserrat-auzmendi\\\/#\\\/schema\\\/person\\\/cf1b934bd411258b08320938e22c81c6\",\"name\":\"Montserrat Auzmendi\",\"image\":{\"@type\":\"ImageObject\",\"inLanguage\":\"eu\",\"@id\":\"https:\\\/\\\/secure.gravatar.com\\\/avatar\\\/ee16250a4bcb81c95b9735eee2375334c3c12cb53da2ec43e0c1a8164567839b?s=96&d=mm&r=g\",\"url\":\"https:\\\/\\\/secure.gravatar.com\\\/avatar\\\/ee16250a4bcb81c95b9735eee2375334c3c12cb53da2ec43e0c1a8164567839b?s=96&d=mm&r=g\",\"contentUrl\":\"https:\\\/\\\/secure.gravatar.com\\\/avatar\\\/ee16250a4bcb81c95b9735eee2375334c3c12cb53da2ec43e0c1a8164567839b?s=96&d=mm&r=g\",\"caption\":\"Montserrat Auzmendi\"},\"url\":\"https:\\\/\\\/blogak.argia.eus\\\/montserrat-auzmendi\\\/author\\\/mauzmendi\\\/\"}]}<\/script>\n<!-- \/ Yoast SEO plugin. -->","yoast_head_json":{"title":"Avanti tutta - Nessun dorma","robots":{"index":"index","follow":"follow","max-snippet":"max-snippet:-1","max-image-preview":"max-image-preview:large","max-video-preview":"max-video-preview:-1"},"canonical":"https:\/\/blogak.argia.eus\/montserrat-auzmendi\/2023\/08\/20\/avanti-tutta\/","og_locale":"en_US","og_type":"article","og_title":"Avanti tutta - Nessun dorma","og_description":"Fitxa: Musika Hamabostaldia. Euskadiko Orkestra. Nafarroako Orkestra Sinfonikoa. Donostiako Orfeoia. Iru\u00f1ako Orfeoia. Easo Eskolania eta Easo Gazte Abesbatza. Zuzendaria: Robert Trevi\u00f1o. Bakarlariak: Sarah Wegener, Mojca Erdmann, Miren Urbieta-Vega, Justina Gringyte, Claudia Huckle, Aj Glueckert, Jos\u00e9 Antonio L\u00f3pez, Mikhail Petrenko. Egitaraua: Mahleren \u20188. Sinfonia \u201cMilekoa\u201d\u2019. Lekua: Kursaal Auditorioa. Data: Abuztuaren 18a.","og_url":"https:\/\/blogak.argia.eus\/montserrat-auzmendi\/2023\/08\/20\/avanti-tutta\/","og_site_name":"Nessun dorma","article_published_time":"2023-08-20T06:45:04+00:00","author":"Montserrat Auzmendi","twitter_card":"summary_large_image","twitter_misc":{"Written by":"Montserrat Auzmendi","Est. reading time":"3 minutua"},"schema":{"@context":"https:\/\/schema.org","@graph":[{"@type":"Article","@id":"https:\/\/blogak.argia.eus\/montserrat-auzmendi\/2023\/08\/20\/avanti-tutta\/#article","isPartOf":{"@id":"https:\/\/blogak.argia.eus\/montserrat-auzmendi\/2023\/08\/20\/avanti-tutta\/"},"author":{"name":"Montserrat Auzmendi","@id":"https:\/\/blogak.argia.eus\/montserrat-auzmendi\/#\/schema\/person\/cf1b934bd411258b08320938e22c81c6"},"headline":"Avanti tutta","datePublished":"2023-08-20T06:45:04+00:00","mainEntityOfPage":{"@id":"https:\/\/blogak.argia.eus\/montserrat-auzmendi\/2023\/08\/20\/avanti-tutta\/"},"wordCount":486,"commentCount":0,"keywords":["Aj Glueckert","Euskadiko Orkestra","Mahler","Miren Urbieta-Vega","Mojca Erdmann","Robert Trevino","Sarah Wegener"],"articleSection":["musika kritika"],"inLanguage":"eu","potentialAction":[{"@type":"CommentAction","name":"Comment","target":["https:\/\/blogak.argia.eus\/montserrat-auzmendi\/2023\/08\/20\/avanti-tutta\/#respond"]}]},{"@type":"WebPage","@id":"https:\/\/blogak.argia.eus\/montserrat-auzmendi\/2023\/08\/20\/avanti-tutta\/","url":"https:\/\/blogak.argia.eus\/montserrat-auzmendi\/2023\/08\/20\/avanti-tutta\/","name":"Avanti tutta - Nessun dorma","isPartOf":{"@id":"https:\/\/blogak.argia.eus\/montserrat-auzmendi\/#website"},"datePublished":"2023-08-20T06:45:04+00:00","author":{"@id":"https:\/\/blogak.argia.eus\/montserrat-auzmendi\/#\/schema\/person\/cf1b934bd411258b08320938e22c81c6"},"breadcrumb":{"@id":"https:\/\/blogak.argia.eus\/montserrat-auzmendi\/2023\/08\/20\/avanti-tutta\/#breadcrumb"},"inLanguage":"eu","potentialAction":[{"@type":"ReadAction","target":["https:\/\/blogak.argia.eus\/montserrat-auzmendi\/2023\/08\/20\/avanti-tutta\/"]}]},{"@type":"BreadcrumbList","@id":"https:\/\/blogak.argia.eus\/montserrat-auzmendi\/2023\/08\/20\/avanti-tutta\/#breadcrumb","itemListElement":[{"@type":"ListItem","position":1,"name":"Home","item":"https:\/\/blogak.argia.eus\/montserrat-auzmendi\/"},{"@type":"ListItem","position":2,"name":"Avanti tutta"}]},{"@type":"WebSite","@id":"https:\/\/blogak.argia.eus\/montserrat-auzmendi\/#website","url":"https:\/\/blogak.argia.eus\/montserrat-auzmendi\/","name":"Nessun dorma","description":"Inork ez dezala lo egin","potentialAction":[{"@type":"SearchAction","target":{"@type":"EntryPoint","urlTemplate":"https:\/\/blogak.argia.eus\/montserrat-auzmendi\/?s={search_term_string}"},"query-input":{"@type":"PropertyValueSpecification","valueRequired":true,"valueName":"search_term_string"}}],"inLanguage":"eu"},{"@type":"Person","@id":"https:\/\/blogak.argia.eus\/montserrat-auzmendi\/#\/schema\/person\/cf1b934bd411258b08320938e22c81c6","name":"Montserrat Auzmendi","image":{"@type":"ImageObject","inLanguage":"eu","@id":"https:\/\/secure.gravatar.com\/avatar\/ee16250a4bcb81c95b9735eee2375334c3c12cb53da2ec43e0c1a8164567839b?s=96&d=mm&r=g","url":"https:\/\/secure.gravatar.com\/avatar\/ee16250a4bcb81c95b9735eee2375334c3c12cb53da2ec43e0c1a8164567839b?s=96&d=mm&r=g","contentUrl":"https:\/\/secure.gravatar.com\/avatar\/ee16250a4bcb81c95b9735eee2375334c3c12cb53da2ec43e0c1a8164567839b?s=96&d=mm&r=g","caption":"Montserrat Auzmendi"},"url":"https:\/\/blogak.argia.eus\/montserrat-auzmendi\/author\/mauzmendi\/"}]}},"_links":{"self":[{"href":"https:\/\/blogak.argia.eus\/montserrat-auzmendi\/wp-json\/wp\/v2\/posts\/557","targetHints":{"allow":["GET"]}}],"collection":[{"href":"https:\/\/blogak.argia.eus\/montserrat-auzmendi\/wp-json\/wp\/v2\/posts"}],"about":[{"href":"https:\/\/blogak.argia.eus\/montserrat-auzmendi\/wp-json\/wp\/v2\/types\/post"}],"author":[{"embeddable":true,"href":"https:\/\/blogak.argia.eus\/montserrat-auzmendi\/wp-json\/wp\/v2\/users\/13"}],"replies":[{"embeddable":true,"href":"https:\/\/blogak.argia.eus\/montserrat-auzmendi\/wp-json\/wp\/v2\/comments?post=557"}],"version-history":[{"count":1,"href":"https:\/\/blogak.argia.eus\/montserrat-auzmendi\/wp-json\/wp\/v2\/posts\/557\/revisions"}],"predecessor-version":[{"id":558,"href":"https:\/\/blogak.argia.eus\/montserrat-auzmendi\/wp-json\/wp\/v2\/posts\/557\/revisions\/558"}],"wp:attachment":[{"href":"https:\/\/blogak.argia.eus\/montserrat-auzmendi\/wp-json\/wp\/v2\/media?parent=557"}],"wp:term":[{"taxonomy":"category","embeddable":true,"href":"https:\/\/blogak.argia.eus\/montserrat-auzmendi\/wp-json\/wp\/v2\/categories?post=557"},{"taxonomy":"post_tag","embeddable":true,"href":"https:\/\/blogak.argia.eus\/montserrat-auzmendi\/wp-json\/wp\/v2\/tags?post=557"}],"curies":[{"name":"wp","href":"https:\/\/api.w.org\/{rel}","templated":true}]}}